{"id":18045,"date":"2021-01-21T07:21:00","date_gmt":"2021-01-21T10:21:00","guid":{"rendered":"http:\/\/blogopara.com.br\/?p=18045"},"modified":"2021-01-20T14:25:49","modified_gmt":"2021-01-20T17:25:49","slug":"coronel-da-pm-passei-20-anos-erradicando-a-maconha-hoje-ela-salva-minha-filha","status":"publish","type":"post","link":"https:\/\/blogopara.com.br\/index.php\/2021\/01\/21\/coronel-da-pm-passei-20-anos-erradicando-a-maconha-hoje-ela-salva-minha-filha","title":{"rendered":"Coronel da PM: \u201cPassei 20 anos erradicando a maconha; hoje ela salva minha filha\u201d"},"content":{"rendered":"<p style=\"text-align: justify;\">\u201cEm setembro de 2020, a Gabrielle completou um ano sem crises convulsivas. E com efeitos colaterais zero. Ela come de tudo, bebe de tudo, dorme bem. A parte cognitiva melhorou muito, e tamb\u00e9m a parte motora\u201d.<\/p>\n<p style=\"text-align: justify;\">O relato para o portal\u00a0<strong>Cannabis &amp; Sa\u00fade\u00a0<\/strong>\u00e9 do coronel da Pol\u00edcia Militar de Pernambuco Israel de Moura Farias J\u00fanior, pai desta menina de 7 anos, paciente de microcefalia e que j\u00e1 recebeu dos m\u00e9dicos \u201cmenos de 24 horas de vida\u201d.<\/p>\n<p style=\"text-align: justify;\">A ironia dessa hist\u00f3ria \u00e9 que o \u00fanico rem\u00e9dio que trouxe qualidade de vida \u00e0 menina vem da mesma planta que o militar combateu ao longo da carreira: \u201cpassei 20 anos erradicando a maconha; hoje ela salva minha filha\u201d.<\/p>\n<p style=\"text-align: justify;\">Cel Moura ingressou na PM no ano de 1985 na tur\u00edstica Olinda. Era uma \u00e9poca em que n\u00e3o existia o narcotr\u00e1fico como hoje. N\u00e3o havia PCC, por exemplo. Em 1992, ele foi transferido para Salgueiro, uma das cidades que comp\u00f5em o pol\u00edgono da maconha.<\/p>\n<p style=\"text-align: justify;\">\u201cEu nunca tinha visto tanta planta\u00e7\u00e3o, aqueles campos verdes no meio da Caatinga. Ent\u00e3o come\u00e7amos a fazer muitas opera\u00e7\u00f5es, erradicamos milhares de p\u00e9s. S\u00f3 o nosso batalh\u00e3o apreendeu mais armas do que todo o resto da PM de Pernambuco naquele mesmo ano\u201d.<\/p>\n<h4 style=\"text-align: justify;\">E a\u00ed veio o mosquito do zika v\u00edrus<\/h4>\n<p style=\"text-align: justify;\">Em 2010, o policial conheceu a atual esposa e, dois anos depois, nasceu a Gabi. Naquela \u00e9poca, um grupo de militares que voltava da miss\u00e3o de paz no Haiti foi para Pernambuco, trazendo o zika v\u00edrus. A origem do v\u00edrus no Brasil a partir do pa\u00eds caribenho seria comprovada anos mais tarde por um estudo da FioCruz daquele estado.<\/p>\n<p style=\"text-align: justify;\">\u201cO mosquito come\u00e7ou a circular aqui em 2012, ent\u00e3o minha filha \u00e9 um dos primeiros casos de v\u00edtima da zika v\u00edrus, mas na \u00e9poca a gente n\u00e3o sabia nada disso. A gente sabia apenas que ela tinha uma s\u00edndrome rara chamada Dandy Walker (uma malforma\u00e7\u00e3o cerebral cong\u00eanita que acomete o cerebelo)\u201d, lembra Israel de Moura.<\/p>\n<h4 style=\"text-align: justify;\">Foi a\u00ed que a saga da fam\u00edlia come\u00e7ou.<\/h4>\n<p style=\"text-align: justify;\">O coronel conta que ningu\u00e9m sabia o que era aquela doen\u00e7a e lembra que as pessoas pensavam que a filha era anenc\u00e9fala, que n\u00e3o tinha c\u00e9rebro, e isso feria bastante a fam\u00edlia. Come\u00e7aram a pesquisar sobre o assunto e bater de porta em porta dos m\u00e9dicos.<\/p>\n<p style=\"text-align: justify;\">\u201cMas a partir do sexto m\u00eas, a Gabrielle come\u00e7ou a ter convuls\u00f5es, essas crian\u00e7as com microcefalia tem muita convuls\u00e3o. Ent\u00e3o a gente procurou por neuropediatras. S\u00f3 que aqui existe uma m\u00e1fia. Come\u00e7aram a prescrever rem\u00e9dios para controlar o efeito e n\u00e3o a causa. E a\u00ed minha filha passou a tomar Depakene, Depakote, e nada resolvia\u201d.<\/p>\n<p style=\"text-align: justify;\">At\u00e9 que a esposa de Israel descobriu, pesquisando pelas madrugadas, que uma alternativa poderia ser o extrato de Cannabis.<\/p>\n<p style=\"text-align: justify;\">\u201cEu sempre acreditei que a cura est\u00e1 na natureza. N\u00f3s somos praticamente veganos, n\u00e3o tomamos refrigerante, somos atletas. N\u00e3o bebemos, nem fumamos\u201d.<\/p>\n<p style=\"text-align: justify;\"><strong><a href=\"https:\/\/www.cannabisesaude.com.br\/cadastramento-de-medicos-prescritores-no-portal\/\" target=\"_blank\" rel=\"noopener noreferrer\">Voc\u00ea \u00e9 um m\u00e9dico prescritor de Cannabis medicinal? Fa\u00e7a seu cadastro aqui para alcan\u00e7ar mais pacientes!<\/a><\/strong><\/p>\n<h4 class=\"wp-block-image alignwide\" style=\"text-align: justify;\"><img decoding=\"async\" class=\"i-amphtml-intrinsic-sizer\" style=\"box-sizing: border-box; margin: 0px; padding: 0px; border: 0px; outline: 0px; font-size: 18px; vertical-align: baseline; background: transparent; max-width: 100%; display: block !important;\" role=\"presentation\" src=\"data:;base64,<svg height=\"405px\" width=\"400px\" xmlns=\"http:\/\/www.w3.org\/2000\/svg\" version=\"1.1\"\/>&#8221; alt=&#8221;&#8221; aria-hidden=&#8221;true&#8221; \/>\u201cMe rendi \u00e0 cura\u201d<\/h4>\n<p style=\"text-align: justify;\">A fam\u00edlia ent\u00e3o foi at\u00e9 a Associa\u00e7\u00e3o Brasileira Cannabis Esperan\u00e7a (Abrace), em Jo\u00e3o Pessoa (PB). E a\u00ed foram v\u00e1rias tentativas com diferentes concentra\u00e7\u00f5es e dosagens. At\u00e9 que encontraram a posologia ideal num \u00f3leo meio a meio (THC e CBD), que finalmente estabilizou ela.<\/p>\n<p style=\"text-align: justify;\">A alegria foi tanta com os resultados, que a m\u00e3e da Gabi, a Daiane, que descobriu a Cannabis medicinal, desistiu do curso de Direito para se tornar uma profissional da sa\u00fade. Ela est\u00e1 concluindo a gradua\u00e7\u00e3o em fisioterapia e ir\u00e1 se especializar em neuroci\u00eancia.<\/p>\n<p style=\"text-align: justify;\">E o coronel, que antes combatia as planta\u00e7\u00f5es do pol\u00edgono da maconha, hoje se tornou um defensor da Cannabis medicinal: \u201ctive que me render \u00e0 cura\u201d.<\/p>\n<p style=\"text-align: justify;\">\u201cAno passado n\u00f3s fomos na Abrace. E eu disse que queria conhecer a estufa. Os cultivadores n\u00e3o sabiam que eu era coronel da pol\u00edcia, claro, e quando eu avisei que era da PM, ficaram todos apavorados. E a\u00ed eu disse pra eles, \u2018eu erradicava essa planta, e agora ela salva a minha filha\u2019.\u201d<\/p>\n<p style=\"text-align: justify;\"><a href=\"https:\/\/bit.ly\/consultacannabisesaude\"><strong>Procurando por um m\u00e9dico prescritor de Cannabis medicinal? Temos grandes nomes da medicina canabinoide para indicar.<\/strong><\/a><\/p>\n<p>Fonte: Revista Cannabis e Sa\u00fade<\/p>\n","protected":false},"excerpt":{"rendered":"<p>\u201cEm setembro de 2020, a Gabrielle completou um ano sem crises convulsivas. E com efeitos colaterais zero. Ela come de tudo, bebe de tudo, dorme bem. A parte cognitiva melhorou muito, e tamb\u00e9m a parte motora\u201d. O relato para o portal\u00a0Cannabis &amp; Sa\u00fade\u00a0\u00e9 do coronel da Pol\u00edcia Militar de Pernambuco Israel de Moura Farias J\u00fanior, [&hellip;]<\/p>\n","protected":false},"author":1,"featured_media":18046,"comment_status":"open","ping_status":"open","sticky":false,"template":"","format":"standard","meta":{"_uag_custom_page_level_css":"","_monsterinsights_skip_tracking":false,"_monsterinsights_sitenote_active":false,"_monsterinsights_sitenote_note":"","_monsterinsights_sitenote_category":0,"jetpack_post_was_ever_published":false,"_jetpack_newsletter_access":"","_jetpack_dont_email_post_to_subs":false,"_jetpack_newsletter_tier_id":0,"_jetpack_memberships_contains_paywalled_content":false,"_jetpack_memberships_contains_paid_content":false,"footnotes":"","jetpack_publicize_message":"","jetpack_publicize_feature_enabled":true,"jetpack_social_post_already_shared":true,"jetpack_social_options":{"image_generator_settings":{"template":"highway","default_image_id":0,"font":"","enabled":false},"version":2}},"categories":[203],"tags":[],"class_list":["post-18045","post","type-post","status-publish","format-standard","has-post-thumbnail","hentry","category-juazeiro"],"jetpack_publicize_connections":[],"jetpack_featured_media_url":"https:\/\/blogopara.com.br\/wp-content\/uploads\/2021\/01\/image_gallery-1.jpg","uagb_featured_image_src":{"full":["https:\/\/blogopara.com.br\/wp-content\/uploads\/2021\/01\/image_gallery-1.jpg",400,405,false],"thumbnail":["https:\/\/blogopara.com.br\/wp-content\/uploads\/2021\/01\/image_gallery-1-150x150.jpg",150,150,true],"medium":["https:\/\/blogopara.com.br\/wp-content\/uploads\/2021\/01\/image_gallery-1-296x300.jpg",296,300,true],"medium_large":["https:\/\/blogopara.com.br\/wp-content\/uploads\/2021\/01\/image_gallery-1.jpg",400,405,false],"large":["https:\/\/blogopara.com.br\/wp-content\/uploads\/2021\/01\/image_gallery-1.jpg",400,405,false],"1536x1536":["https:\/\/blogopara.com.br\/wp-content\/uploads\/2021\/01\/image_gallery-1.jpg",400,405,false],"2048x2048":["https:\/\/blogopara.com.br\/wp-content\/uploads\/2021\/01\/image_gallery-1.jpg",400,405,false],"mantranews-slider-large":["https:\/\/blogopara.com.br\/wp-content\/uploads\/2021\/01\/image_gallery-1.jpg",400,405,false],"mantranews-featured-medium":["https:\/\/blogopara.com.br\/wp-content\/uploads\/2021\/01\/image_gallery-1-400x307.jpg",400,307,true],"mantranews-featured-long":["https:\/\/blogopara.com.br\/wp-content\/uploads\/2021\/01\/image_gallery-1-300x405.jpg",300,405,true],"mantranews-block-medium":["https:\/\/blogopara.com.br\/wp-content\/uploads\/2021\/01\/image_gallery-1-400x290.jpg",400,290,true],"mantranews-carousel-image":["https:\/\/blogopara.com.br\/wp-content\/uploads\/2021\/01\/image_gallery-1.jpg",400,405,false],"mantranews-block-thumb":["https:\/\/blogopara.com.br\/wp-content\/uploads\/2021\/01\/image_gallery-1-322x230.jpg",322,230,true],"mantranews-single-large":["https:\/\/blogopara.com.br\/wp-content\/uploads\/2021\/01\/image_gallery-1.jpg",400,405,false]},"uagb_author_info":{"display_name":"Reda\u00e7\u00e3o geral","author_link":"https:\/\/blogopara.com.br\/index.php\/author\/blogopara"},"uagb_comment_info":0,"uagb_excerpt":"\u201cEm setembro de 2020, a Gabrielle completou um ano sem crises convulsivas. E com efeitos colaterais zero. Ela come de tudo, bebe de tudo, dorme bem. A parte cognitiva melhorou muito, e tamb\u00e9m a parte motora\u201d. O relato para o portal\u00a0Cannabis &amp; Sa\u00fade\u00a0\u00e9 do coronel da Pol\u00edcia Militar de Pernambuco Israel de Moura Farias J\u00fanior,&hellip;","jetpack_sharing_enabled":true,"jetpack_likes_enabled":true,"_links":{"self":[{"href":"https:\/\/blogopara.com.br\/index.php\/wp-json\/wp\/v2\/posts\/18045","targetHints":{"allow":["GET"]}}],"collection":[{"href":"https:\/\/blogopara.com.br\/index.php\/wp-json\/wp\/v2\/posts"}],"about":[{"href":"https:\/\/blogopara.com.br\/index.php\/wp-json\/wp\/v2\/types\/post"}],"author":[{"embeddable":true,"href":"https:\/\/blogopara.com.br\/index.php\/wp-json\/wp\/v2\/users\/1"}],"replies":[{"embeddable":true,"href":"https:\/\/blogopara.com.br\/index.php\/wp-json\/wp\/v2\/comments?post=18045"}],"version-history":[{"count":1,"href":"https:\/\/blogopara.com.br\/index.php\/wp-json\/wp\/v2\/posts\/18045\/revisions"}],"predecessor-version":[{"id":18047,"href":"https:\/\/blogopara.com.br\/index.php\/wp-json\/wp\/v2\/posts\/18045\/revisions\/18047"}],"wp:featuredmedia":[{"embeddable":true,"href":"https:\/\/blogopara.com.br\/index.php\/wp-json\/wp\/v2\/media\/18046"}],"wp:attachment":[{"href":"https:\/\/blogopara.com.br\/index.php\/wp-json\/wp\/v2\/media?parent=18045"}],"wp:term":[{"taxonomy":"category","embeddable":true,"href":"https:\/\/blogopara.com.br\/index.php\/wp-json\/wp\/v2\/categories?post=18045"},{"taxonomy":"post_tag","embeddable":true,"href":"https:\/\/blogopara.com.br\/index.php\/wp-json\/wp\/v2\/tags?post=18045"}],"curies":[{"name":"wp","href":"https:\/\/api.w.org\/{rel}","templated":true}]}}