{"id":18061,"date":"2021-01-21T08:50:00","date_gmt":"2021-01-21T11:50:00","guid":{"rendered":"http:\/\/blogopara.com.br\/?p=18061"},"modified":"2021-01-21T08:32:44","modified_gmt":"2021-01-21T11:32:44","slug":"prefeitura-e-ama-cobram-da-da-empresa-finalizacao-da-obra-no-terminal-de-onibus-e-do-camelodromo-2-de-julho","status":"publish","type":"post","link":"https:\/\/blogopara.com.br\/index.php\/2021\/01\/21\/prefeitura-e-ama-cobram-da-da-empresa-finalizacao-da-obra-no-terminal-de-onibus-e-do-camelodromo-2-de-julho","title":{"rendered":"Prefeitura e AMA cobram da da empresa finaliza\u00e7\u00e3o da obra no terminal de \u00f4nibus e do Camel\u00f3dromo 2 de Julho"},"content":{"rendered":"<p class=\"x_MsoNormal\" style=\"text-align: justify;\">Mercados de Juazeiro, Z\u00e9 Carlos Medeiros, se reuniu nesta quarta-feira (20) com o representante da \u2018Casal Investimentos\u2019, Edson Tanury, empresa respons\u00e1vel pela obra que envolve o terminal de \u00f4nibus e o Camel\u00f3dromo 2 de Julho. Acompanharam a reuni\u00e3o\u00a0 o diretor operacional da AMA, Sid\u00e9rio Alves, e o Superintendente Financeiro, Frank Evangelista.<\/p>\n<p class=\"x_MsoNormal\" style=\"text-align: justify;\">O encontro teve como objetivo tratar de pend\u00eancias que envolvem a conclus\u00e3o dos servi\u00e7os naquela \u00e1rea \u2013 resultado de acordo judicial entre a prefeitura e a \u2018Casal Investimentos\u2019.<\/p>\n<p><img loading=\"lazy\" decoding=\"async\" class=\"\" src=\"https:\/\/attachment.outlook.live.net\/owa\/MSA%3Aeniocostas%40hotmail.com\/service.svc\/s\/GetAttachmentThumbnail?id=AQMkADAwATZiZmYAZC05MWI0LTIyADRjLTAwAi0wMAoARgAAA%2BDwEgwFSntAv0V7Y2m%2BIzAHAC%2BZOVP%2B1ddHklKGvoZXaXcAAAIBDAAAAC%2BZOVP%2B1ddHklKGvoZXaXcABADvtAQAAAABEgAQAAFSWNjw6E9Bs8xxP4y9u4k%3D&amp;thumbnailType=2&amp;isc=1&amp;token=eyJhbGciOiJSUzI1NiIsImtpZCI6IjMwODE3OUNFNUY0QjUyRTc4QjJEQjg5NjZCQUY0RUNDMzcyN0FFRUUiLCJ0eXAiOiJKV1QiLCJ4NXQiOiJNSUY1emw5TFV1ZUxMYmlXYTY5T3pEY25ydTQifQ.eyJvcmlnaW4iOiJodHRwczovL291dGxvb2subGl2ZS5jb20iLCJ1YyI6ImY5ODI0YjZkOTc4NjRiYzhiOGM0NGMwZGU5ZmI3NjAyIiwidmVyIjoiRXhjaGFuZ2UuQ2FsbGJhY2suVjEiLCJhcHBjdHhzZW5kZXIiOiJPd2FEb3dubG9hZEA4NGRmOWU3Zi1lOWY2LTQwYWYtYjQzNS1hYWFhYWFhYWFhYWEiLCJpc3NyaW5nIjoiV1ciLCJhcHBjdHgiOiJ7XCJtc2V4Y2hwcm90XCI6XCJvd2FcIixcInB1aWRcIjpcIjE4OTk5NDU2NTIzOTY2MjBcIixcInNjb3BlXCI6XCJPd2FEb3dubG9hZFwiLFwib2lkXCI6XCIwMDA2YmZmZC05MWI0LTIyNGMtMDAwMC0wMDAwMDAwMDAwMDBcIixcInByaW1hcnlzaWRcIjpcIlMtMS0yODI3LTQ0MjM2NS0yNDQ0NTAxNTgwXCJ9IiwibmJmIjoxNjExMjI4MDcyLCJleHAiOjE2MTEyMjg2NzIsImlzcyI6IjAwMDAwMDAyLTAwMDAtMGZmMS1jZTAwLTAwMDAwMDAwMDAwMEA4NGRmOWU3Zi1lOWY2LTQwYWYtYjQzNS1hYWFhYWFhYWFhYWEiLCJhdWQiOiIwMDAwMDAwMi0wMDAwLTBmZjEtY2UwMC0wMDAwMDAwMDAwMDAvYXR0YWNobWVudC5vdXRsb29rLmxpdmUubmV0QDg0ZGY5ZTdmLWU5ZjYtNDBhZi1iNDM1LWFhYWFhYWFhYWFhYSIsImhhcHAiOiJvd2EifQ.TXWyNFlChHW64b7OjLmETvEXbdBEPSUKLAVZeKIc56EThpGGJuNqow846L2iowBKDAOUIQsRNgFC1C-tvloTxjdXub69DqP-rB1qqa7jTJu1Ry6sESO9t34jIWKZmZf6Wsh25JS9R4dVLueF1OLAOIBiRnf-FJjLNxPh17VlPQ5g973t1xlORU9DHRJdH-vHiJ3qHgSJFcpoeLpMLz8ziBijfUXtpapAJbs8ZmuRY1qzatywEFRSGX06dKWhAm0VoN3e0yvJ4aFP5dW6it4aXKTnKIjFLjUqV_zDgxO4yNLcM52krQ1pR8L7zhgE9aT3wQ74DXTORQCQvs1dF4T50g&amp;X-OWA-CANARY=O-VEn4h9_USpr1lT_t-FJAAcmcn-vdgY164b9VZQjBD24jDeSjNZfR_yT4jTpp71h1gBInMr9f4.&amp;owa=outlook.live.com&amp;scriptVer=20210103002.08&amp;animation=true\" alt=\"Visualiza\u00e7\u00e3o da imagem\" width=\"254\" height=\"190\" \/><\/p>\n<p class=\"x_MsoNormal\" style=\"text-align: justify;\">Ap\u00f3s o encontro, a equipe fez vistoria em toda a obra, e a empresa se comprometeu a cumprir o acordo e assinar documento de garantia de conclus\u00e3o do servi\u00e7o, para que n\u00e3o haja mais nenhum tipo de questionamento de ambas as partes.<\/p>\n<p><img loading=\"lazy\" decoding=\"async\" class=\"alignnone  wp-image-18063\" src=\"https:\/\/blogopara.com.br\/wp-content\/uploads\/2021\/01\/2e1e67fe-ce7d-410e-8a37-5f6fb0467001-300x225.jpg\" alt=\"\" width=\"267\" height=\"200\" srcset=\"https:\/\/blogopara.com.br\/wp-content\/uploads\/2021\/01\/2e1e67fe-ce7d-410e-8a37-5f6fb0467001-300x225.jpg 300w, https:\/\/blogopara.com.br\/wp-content\/uploads\/2021\/01\/2e1e67fe-ce7d-410e-8a37-5f6fb0467001-1024x766.jpg 1024w, https:\/\/blogopara.com.br\/wp-content\/uploads\/2021\/01\/2e1e67fe-ce7d-410e-8a37-5f6fb0467001-768x575.jpg 768w, https:\/\/blogopara.com.br\/wp-content\/uploads\/2021\/01\/2e1e67fe-ce7d-410e-8a37-5f6fb0467001.jpg 1280w\" sizes=\"auto, (max-width: 267px) 100vw, 267px\" \/><\/p>\n<p class=\"x_MsoNormal\" style=\"text-align: justify;\">A reuni\u00e3o \u00e9 resultado do trabalho de vistorias que vem sendo feito pelo superintendente de feiras e mercados, Z\u00e9 Carlos Medeiros. A a\u00e7\u00e3o garante que os servi\u00e7os que faltavam ser\u00e3o conclu\u00eddos e que a obra, ent\u00e3o, sair\u00e1 do papel, tornando-se realidade esperada pelos permission\u00e1rios do local h\u00e1 muito tempo.<\/p>\n<p dir=\"ltr\" style=\"text-align: justify;\">Texto: Welington Alves &#8211; Assessor de Imprensa da AMA<\/p>\n","protected":false},"excerpt":{"rendered":"<p>Mercados de Juazeiro, Z\u00e9 Carlos Medeiros, se reuniu nesta quarta-feira (20) com o representante da \u2018Casal Investimentos\u2019, Edson Tanury, empresa respons\u00e1vel pela obra que envolve o terminal de \u00f4nibus e o Camel\u00f3dromo 2 de Julho. Acompanharam a reuni\u00e3o\u00a0 o diretor operacional da AMA, Sid\u00e9rio Alves, e o Superintendente Financeiro, Frank Evangelista. O encontro teve como [&hellip;]<\/p>\n","protected":false},"author":1,"featured_media":18062,"comment_status":"open","ping_status":"open","sticky":false,"template":"","format":"standard","meta":{"_uag_custom_page_level_css":"","_monsterinsights_skip_tracking":false,"_monsterinsights_sitenote_active":false,"_monsterinsights_sitenote_note":"","_monsterinsights_sitenote_category":0,"jetpack_post_was_ever_published":false,"_jetpack_newsletter_access":"","_jetpack_dont_email_post_to_subs":false,"_jetpack_newsletter_tier_id":0,"_jetpack_memberships_contains_paywalled_content":false,"_jetpack_memberships_contains_paid_content":false,"footnotes":"","jetpack_publicize_message":"","jetpack_publicize_feature_enabled":true,"jetpack_social_post_already_shared":true,"jetpack_social_options":{"image_generator_settings":{"template":"highway","default_image_id":0,"font":"","enabled":false},"version":2}},"categories":[203,197],"tags":[],"class_list":["post-18061","post","type-post","status-publish","format-standard","has-post-thumbnail","hentry","category-juazeiro","category-politica"],"jetpack_publicize_connections":[],"jetpack_featured_media_url":"https:\/\/blogopara.com.br\/wp-content\/uploads\/2021\/01\/Usuarios-do-Terminal-de-transporte-publico-de-Juazeiro-pedem-explicacoes-para-retirada-da-cobertura-lateral.png","uagb_featured_image_src":{"full":["https:\/\/blogopara.com.br\/wp-content\/uploads\/2021\/01\/Usuarios-do-Terminal-de-transporte-publico-de-Juazeiro-pedem-explicacoes-para-retirada-da-cobertura-lateral.png",500,281,false],"thumbnail":["https:\/\/blogopara.com.br\/wp-content\/uploads\/2021\/01\/Usuarios-do-Terminal-de-transporte-publico-de-Juazeiro-pedem-explicacoes-para-retirada-da-cobertura-lateral-150x150.png",150,150,true],"medium":["https:\/\/blogopara.com.br\/wp-content\/uploads\/2021\/01\/Usuarios-do-Terminal-de-transporte-publico-de-Juazeiro-pedem-explicacoes-para-retirada-da-cobertura-lateral-300x169.png",300,169,true],"medium_large":["https:\/\/blogopara.com.br\/wp-content\/uploads\/2021\/01\/Usuarios-do-Terminal-de-transporte-publico-de-Juazeiro-pedem-explicacoes-para-retirada-da-cobertura-lateral.png",500,281,false],"large":["https:\/\/blogopara.com.br\/wp-content\/uploads\/2021\/01\/Usuarios-do-Terminal-de-transporte-publico-de-Juazeiro-pedem-explicacoes-para-retirada-da-cobertura-lateral.png",500,281,false],"1536x1536":["https:\/\/blogopara.com.br\/wp-content\/uploads\/2021\/01\/Usuarios-do-Terminal-de-transporte-publico-de-Juazeiro-pedem-explicacoes-para-retirada-da-cobertura-lateral.png",500,281,false],"2048x2048":["https:\/\/blogopara.com.br\/wp-content\/uploads\/2021\/01\/Usuarios-do-Terminal-de-transporte-publico-de-Juazeiro-pedem-explicacoes-para-retirada-da-cobertura-lateral.png",500,281,false],"mantranews-slider-large":["https:\/\/blogopara.com.br\/wp-content\/uploads\/2021\/01\/Usuarios-do-Terminal-de-transporte-publico-de-Juazeiro-pedem-explicacoes-para-retirada-da-cobertura-lateral.png",500,281,false],"mantranews-featured-medium":["https:\/\/blogopara.com.br\/wp-content\/uploads\/2021\/01\/Usuarios-do-Terminal-de-transporte-publico-de-Juazeiro-pedem-explicacoes-para-retirada-da-cobertura-lateral-420x281.png",420,281,true],"mantranews-featured-long":["https:\/\/blogopara.com.br\/wp-content\/uploads\/2021\/01\/Usuarios-do-Terminal-de-transporte-publico-de-Juazeiro-pedem-explicacoes-para-retirada-da-cobertura-lateral-300x281.png",300,281,true],"mantranews-block-medium":["https:\/\/blogopara.com.br\/wp-content\/uploads\/2021\/01\/Usuarios-do-Terminal-de-transporte-publico-de-Juazeiro-pedem-explicacoes-para-retirada-da-cobertura-lateral-464x281.png",464,281,true],"mantranews-carousel-image":["https:\/\/blogopara.com.br\/wp-content\/uploads\/2021\/01\/Usuarios-do-Terminal-de-transporte-publico-de-Juazeiro-pedem-explicacoes-para-retirada-da-cobertura-lateral.png",500,281,false],"mantranews-block-thumb":["https:\/\/blogopara.com.br\/wp-content\/uploads\/2021\/01\/Usuarios-do-Terminal-de-transporte-publico-de-Juazeiro-pedem-explicacoes-para-retirada-da-cobertura-lateral-322x230.png",322,230,true],"mantranews-single-large":["https:\/\/blogopara.com.br\/wp-content\/uploads\/2021\/01\/Usuarios-do-Terminal-de-transporte-publico-de-Juazeiro-pedem-explicacoes-para-retirada-da-cobertura-lateral.png",500,281,false]},"uagb_author_info":{"display_name":"Reda\u00e7\u00e3o geral","author_link":"https:\/\/blogopara.com.br\/index.php\/author\/blogopara"},"uagb_comment_info":2,"uagb_excerpt":"Mercados de Juazeiro, Z\u00e9 Carlos Medeiros, se reuniu nesta quarta-feira (20) com o representante da \u2018Casal Investimentos\u2019, Edson Tanury, empresa respons\u00e1vel pela obra que envolve o terminal de \u00f4nibus e o Camel\u00f3dromo 2 de Julho. Acompanharam a reuni\u00e3o\u00a0 o diretor operacional da AMA, Sid\u00e9rio Alves, e o Superintendente Financeiro, Frank Evangelista. O encontro teve como&hellip;","jetpack_sharing_enabled":true,"jetpack_likes_enabled":true,"_links":{"self":[{"href":"https:\/\/blogopara.com.br\/index.php\/wp-json\/wp\/v2\/posts\/18061","targetHints":{"allow":["GET"]}}],"collection":[{"href":"https:\/\/blogopara.com.br\/index.php\/wp-json\/wp\/v2\/posts"}],"about":[{"href":"https:\/\/blogopara.com.br\/index.php\/wp-json\/wp\/v2\/types\/post"}],"author":[{"embeddable":true,"href":"https:\/\/blogopara.com.br\/index.php\/wp-json\/wp\/v2\/users\/1"}],"replies":[{"embeddable":true,"href":"https:\/\/blogopara.com.br\/index.php\/wp-json\/wp\/v2\/comments?post=18061"}],"version-history":[{"count":1,"href":"https:\/\/blogopara.com.br\/index.php\/wp-json\/wp\/v2\/posts\/18061\/revisions"}],"predecessor-version":[{"id":18064,"href":"https:\/\/blogopara.com.br\/index.php\/wp-json\/wp\/v2\/posts\/18061\/revisions\/18064"}],"wp:featuredmedia":[{"embeddable":true,"href":"https:\/\/blogopara.com.br\/index.php\/wp-json\/wp\/v2\/media\/18062"}],"wp:attachment":[{"href":"https:\/\/blogopara.com.br\/index.php\/wp-json\/wp\/v2\/media?parent=18061"}],"wp:term":[{"taxonomy":"category","embeddable":true,"href":"https:\/\/blogopara.com.br\/index.php\/wp-json\/wp\/v2\/categories?post=18061"},{"taxonomy":"post_tag","embeddable":true,"href":"https:\/\/blogopara.com.br\/index.php\/wp-json\/wp\/v2\/tags?post=18061"}],"curies":[{"name":"wp","href":"https:\/\/api.w.org\/{rel}","templated":true}]}}