{"id":18065,"date":"2021-01-21T10:00:00","date_gmt":"2021-01-21T13:00:00","guid":{"rendered":"http:\/\/blogopara.com.br\/?p=18065"},"modified":"2021-01-21T08:46:39","modified_gmt":"2021-01-21T11:46:39","slug":"juazeiro-isaac-carvalho-e-paulo-bomfim-lancam-candidaturas-para-o-congresso-e-a-assembleia-legislativa","status":"publish","type":"post","link":"https:\/\/blogopara.com.br\/index.php\/2021\/01\/21\/juazeiro-isaac-carvalho-e-paulo-bomfim-lancam-candidaturas-para-o-congresso-e-a-assembleia-legislativa","title":{"rendered":"Juazeiro: Isaac Carvalho e Paulo Bomfim lan\u00e7am candidaturas para o Congresso e a Assembleia Legislativa"},"content":{"rendered":"<p style=\"text-align: justify;\">Os ex-prefeitos de Juazeiro, Paulo Bomfim e Isaac Carvalho estiveram com o Presidente Estadual do Partido dos Trabalhadores na Bahia (PT\/BA), \u00c9den Valadares. Na ocasi\u00e3o, Eden fez um balan\u00e7o das elei\u00e7\u00f5es municipais 2020, orientou os ex-prefeitos sobre os planos do partido para 2022 e se colocou \u00e0 disposi\u00e7\u00e3o para construir as candidaturas de Isaac Carvalho e Paulo Bomfim, respectivamente deputados Federal e Estadual.<\/p>\n<p style=\"text-align: justify;\">\u201cReafirmamos o nosso compromisso e apoio aos companheiros petistas de Juazeiro, no sentido de buscar solu\u00e7\u00f5es junto ao governador Rui Costa para fortalecer o partido nessa importante cidade da regi\u00e3o norte da Bahia\u201d, disse Valadares.<\/p>\n<p style=\"text-align: justify;\">Isaac Carvalho que no pleito de 2018 recebeu mais de 100 mil votos, sendo um dos mais votados da base do governador Rui Costa, \u00e9 uma das prioridades do partido petista para concorrer a uma vaga no Congresso Nacional. \u201cSeguimos com o nosso projeto de trabalhar incansavelmente pelo desenvolvimento regional. Agora, com a chancela do nosso partido, vamos continuar unindo esfor\u00e7os para que em 2022 se fa\u00e7a valer a vontade do povo\u201d, comentou Isaac.<\/p>\n<p style=\"text-align: justify;\">Al\u00e9m dos ex-prefeitos petistas e do presidente estadual da legenda, participaram da reuni\u00e3o que ocorreu na sede do diret\u00f3rio estadual do PT\/BA: a vice-presidenta estadual do PT\/BA, C\u00e9lia Regina Carvalho, o secret\u00e1rio estadual de Organiza\u00e7\u00e3o, Osmar Galdino, e o assessor da presid\u00eancia, Glauco Chalegre.<\/p>\n<p style=\"text-align: justify;\">ASCOM PT\/BA<\/p>\n","protected":false},"excerpt":{"rendered":"<p>Os ex-prefeitos de Juazeiro, Paulo Bomfim e Isaac Carvalho estiveram com o Presidente Estadual do Partido dos Trabalhadores na Bahia (PT\/BA), \u00c9den Valadares. Na ocasi\u00e3o, Eden fez um balan\u00e7o das elei\u00e7\u00f5es municipais 2020, orientou os ex-prefeitos sobre os planos do partido para 2022 e se colocou \u00e0 disposi\u00e7\u00e3o para construir as candidaturas de Isaac Carvalho [&hellip;]<\/p>\n","protected":false},"author":1,"featured_media":18066,"comment_status":"open","ping_status":"open","sticky":false,"template":"","format":"standard","meta":{"_uag_custom_page_level_css":"","_monsterinsights_skip_tracking":false,"_monsterinsights_sitenote_active":false,"_monsterinsights_sitenote_note":"","_monsterinsights_sitenote_category":0,"jetpack_post_was_ever_published":false,"_jetpack_newsletter_access":"","_jetpack_dont_email_post_to_subs":false,"_jetpack_newsletter_tier_id":0,"_jetpack_memberships_contains_paywalled_content":false,"_jetpack_memberships_contains_paid_content":false,"footnotes":"","jetpack_publicize_message":"","jetpack_publicize_feature_enabled":true,"jetpack_social_post_already_shared":true,"jetpack_social_options":{"image_generator_settings":{"template":"highway","default_image_id":0,"font":"","enabled":false},"version":2}},"categories":[203,197],"tags":[],"class_list":["post-18065","post","type-post","status-publish","format-standard","has-post-thumbnail","hentry","category-juazeiro","category-politica"],"jetpack_publicize_connections":[],"jetpack_featured_media_url":"https:\/\/blogopara.com.br\/wp-content\/uploads\/2021\/01\/WhatsApp-Image-2021-01-20-at-23.11.05.jpeg","uagb_featured_image_src":{"full":["https:\/\/blogopara.com.br\/wp-content\/uploads\/2021\/01\/WhatsApp-Image-2021-01-20-at-23.11.05.jpeg",500,375,false],"thumbnail":["https:\/\/blogopara.com.br\/wp-content\/uploads\/2021\/01\/WhatsApp-Image-2021-01-20-at-23.11.05-150x150.jpeg",150,150,true],"medium":["https:\/\/blogopara.com.br\/wp-content\/uploads\/2021\/01\/WhatsApp-Image-2021-01-20-at-23.11.05-300x225.jpeg",300,225,true],"medium_large":["https:\/\/blogopara.com.br\/wp-content\/uploads\/2021\/01\/WhatsApp-Image-2021-01-20-at-23.11.05.jpeg",500,375,false],"large":["https:\/\/blogopara.com.br\/wp-content\/uploads\/2021\/01\/WhatsApp-Image-2021-01-20-at-23.11.05.jpeg",500,375,false],"1536x1536":["https:\/\/blogopara.com.br\/wp-content\/uploads\/2021\/01\/WhatsApp-Image-2021-01-20-at-23.11.05.jpeg",500,375,false],"2048x2048":["https:\/\/blogopara.com.br\/wp-content\/uploads\/2021\/01\/WhatsApp-Image-2021-01-20-at-23.11.05.jpeg",500,375,false],"mantranews-slider-large":["https:\/\/blogopara.com.br\/wp-content\/uploads\/2021\/01\/WhatsApp-Image-2021-01-20-at-23.11.05.jpeg",500,375,false],"mantranews-featured-medium":["https:\/\/blogopara.com.br\/wp-content\/uploads\/2021\/01\/WhatsApp-Image-2021-01-20-at-23.11.05-420x307.jpeg",420,307,true],"mantranews-featured-long":["https:\/\/blogopara.com.br\/wp-content\/uploads\/2021\/01\/WhatsApp-Image-2021-01-20-at-23.11.05-300x375.jpeg",300,375,true],"mantranews-block-medium":["https:\/\/blogopara.com.br\/wp-content\/uploads\/2021\/01\/WhatsApp-Image-2021-01-20-at-23.11.05-464x290.jpeg",464,290,true],"mantranews-carousel-image":["https:\/\/blogopara.com.br\/wp-content\/uploads\/2021\/01\/WhatsApp-Image-2021-01-20-at-23.11.05.jpeg",500,375,false],"mantranews-block-thumb":["https:\/\/blogopara.com.br\/wp-content\/uploads\/2021\/01\/WhatsApp-Image-2021-01-20-at-23.11.05-322x230.jpeg",322,230,true],"mantranews-single-large":["https:\/\/blogopara.com.br\/wp-content\/uploads\/2021\/01\/WhatsApp-Image-2021-01-20-at-23.11.05.jpeg",500,375,false]},"uagb_author_info":{"display_name":"Reda\u00e7\u00e3o geral","author_link":"https:\/\/blogopara.com.br\/index.php\/author\/blogopara"},"uagb_comment_info":0,"uagb_excerpt":"Os ex-prefeitos de Juazeiro, Paulo Bomfim e Isaac Carvalho estiveram com o Presidente Estadual do Partido dos Trabalhadores na Bahia (PT\/BA), \u00c9den Valadares. Na ocasi\u00e3o, Eden fez um balan\u00e7o das elei\u00e7\u00f5es municipais 2020, orientou os ex-prefeitos sobre os planos do partido para 2022 e se colocou \u00e0 disposi\u00e7\u00e3o para construir as candidaturas de Isaac Carvalho&hellip;","jetpack_sharing_enabled":true,"jetpack_likes_enabled":true,"_links":{"self":[{"href":"https:\/\/blogopara.com.br\/index.php\/wp-json\/wp\/v2\/posts\/18065","targetHints":{"allow":["GET"]}}],"collection":[{"href":"https:\/\/blogopara.com.br\/index.php\/wp-json\/wp\/v2\/posts"}],"about":[{"href":"https:\/\/blogopara.com.br\/index.php\/wp-json\/wp\/v2\/types\/post"}],"author":[{"embeddable":true,"href":"https:\/\/blogopara.com.br\/index.php\/wp-json\/wp\/v2\/users\/1"}],"replies":[{"embeddable":true,"href":"https:\/\/blogopara.com.br\/index.php\/wp-json\/wp\/v2\/comments?post=18065"}],"version-history":[{"count":1,"href":"https:\/\/blogopara.com.br\/index.php\/wp-json\/wp\/v2\/posts\/18065\/revisions"}],"predecessor-version":[{"id":18067,"href":"https:\/\/blogopara.com.br\/index.php\/wp-json\/wp\/v2\/posts\/18065\/revisions\/18067"}],"wp:featuredmedia":[{"embeddable":true,"href":"https:\/\/blogopara.com.br\/index.php\/wp-json\/wp\/v2\/media\/18066"}],"wp:attachment":[{"href":"https:\/\/blogopara.com.br\/index.php\/wp-json\/wp\/v2\/media?parent=18065"}],"wp:term":[{"taxonomy":"category","embeddable":true,"href":"https:\/\/blogopara.com.br\/index.php\/wp-json\/wp\/v2\/categories?post=18065"},{"taxonomy":"post_tag","embeddable":true,"href":"https:\/\/blogopara.com.br\/index.php\/wp-json\/wp\/v2\/tags?post=18065"}],"curies":[{"name":"wp","href":"https:\/\/api.w.org\/{rel}","templated":true}]}}