{"id":18096,"date":"2021-01-22T08:13:12","date_gmt":"2021-01-22T11:13:12","guid":{"rendered":"http:\/\/blogopara.com.br\/?p=18096"},"modified":"2021-01-22T08:13:18","modified_gmt":"2021-01-22T11:13:18","slug":"rui-prestigia-posse-do-novo-comandante-geral-do-corpo-de-bombeiros","status":"publish","type":"post","link":"https:\/\/blogopara.com.br\/index.php\/2021\/01\/22\/rui-prestigia-posse-do-novo-comandante-geral-do-corpo-de-bombeiros","title":{"rendered":"Rui prestigia posse do novo comandante-geral do Corpo de Bombeiros"},"content":{"rendered":"<p style=\"text-align: justify;\">O governador Rui Costa (PT) participou, na tarde desta quinta-feira (21), da cerim\u00f4nia de posse do coronel Adson Marchesini, novo comandante-geral do Corpo de Bombeiros Militar da Bahia (CBMBA). Marchesini substitui o coronel Francisco Telles, que esteve \u00e0 frente do CBMBA por cinco anos. O evento aconteceu no Complexo de Ensino e Instru\u00e7\u00e3o de Bombeiro (CIEB) e tamb\u00e9m marcou a entrega de equipamentos \u00e0 corpora\u00e7\u00e3o.\u00a0<\/p>\n<p style=\"text-align: justify;\">\u201cA fun\u00e7\u00e3o dos bombeiros de salvar vidas em situa\u00e7\u00f5es de risco \u00e9 uma fun\u00e7\u00e3o nobre. Nos \u00faltimos cinco anos, n\u00f3s estamos estruturando uma nova institui\u00e7\u00e3o, j\u00e1 que o Corpo de Bombeiros foi desmembrado da Pol\u00edcia Militar. O coronel Telles exerceu o primeiro comando e agora, no fluxo normal da carreira, fizemos essa renova\u00e7\u00e3o. O meu pedido ao novo comandante \u00e9 que acelere as parcerias para capacitar e formar guardas municipais e volunt\u00e1rios em parques, como o Parque da Chapada, para que tenhamos uma pronta interven\u00e7\u00e3o para salvar vidas humanas e o meio ambiente. Rapidez na interven\u00e7\u00e3o faz toda diferen\u00e7a entre um pequeno incidente ou uma grande trag\u00e9dia\u201d, afirmou Rui.<\/p>\n<p style=\"text-align: justify;\">Marchesini \u00e9 o segundo comandante-geral do Corpo de Bombeiros Militar a ocupar o cargo, desde que a institui\u00e7\u00e3o foi emancipada da Pol\u00edcia Militar da Bahia. Ele est\u00e1 na corpora\u00e7\u00e3o h\u00e1 30 anos. \u201cEstou muito honrado. \u00c9 uma responsabilidade muito grande dar continuidade ao trabalho e fazer minha gest\u00e3o pessoal. O governador j\u00e1 deu as diretrizes. Estamos prontos para trabalhar e para dar continuidade \u00e0 valoriza\u00e7\u00e3o da tropa, aquisi\u00e7\u00e3o de novos equipamentos, expans\u00e3o e treinamento\u201d, destacou Marchesini.<\/p>\n<p style=\"text-align: justify;\">Na cerim\u00f4nia, o governou fez a entrega de um tanque de mergulho utilizado para treinamento dos bombeiros. O equipamento envolveu um investimento de R$ 1,5 milh\u00e3o. Tamb\u00e9m foram entregues quatro viaturas auto escada com plataforma a\u00e9rea totalmente reformadas.\u00a0<\/p>\n<p style=\"text-align: justify;\">Fonte: Bahia Not\u00edcias<\/p>\n<div id=\"div-gpt-ad-bn_principal_conteudo\" style=\"text-align: justify;\" data-google-query-id=\"CNW86MWzr-4CFUgwuQYdu_cNCw\">\u00a0<\/div>\n","protected":false},"excerpt":{"rendered":"<p>O governador Rui Costa (PT) participou, na tarde desta quinta-feira (21), da cerim\u00f4nia de posse do coronel Adson Marchesini, novo comandante-geral do Corpo de Bombeiros Militar da Bahia (CBMBA). Marchesini substitui o coronel Francisco Telles, que esteve \u00e0 frente do CBMBA por cinco anos. O evento aconteceu no Complexo de Ensino e Instru\u00e7\u00e3o de Bombeiro [&hellip;]<\/p>\n","protected":false},"author":1,"featured_media":18097,"comment_status":"open","ping_status":"open","sticky":false,"template":"","format":"standard","meta":{"_uag_custom_page_level_css":"","_monsterinsights_skip_tracking":false,"_monsterinsights_sitenote_active":false,"_monsterinsights_sitenote_note":"","_monsterinsights_sitenote_category":0,"jetpack_post_was_ever_published":false,"_jetpack_newsletter_access":"","_jetpack_dont_email_post_to_subs":false,"_jetpack_newsletter_tier_id":0,"_jetpack_memberships_contains_paywalled_content":false,"_jetpack_memberships_contains_paid_content":false,"footnotes":"","jetpack_publicize_message":"","jetpack_publicize_feature_enabled":true,"jetpack_social_post_already_shared":true,"jetpack_social_options":{"image_generator_settings":{"template":"highway","default_image_id":0,"font":"","enabled":false},"version":2}},"categories":[199,201],"tags":[],"class_list":["post-18096","post","type-post","status-publish","format-standard","has-post-thumbnail","hentry","category-bahia","category-bombeiro"],"jetpack_publicize_connections":[],"jetpack_featured_media_url":"https:\/\/blogopara.com.br\/wp-content\/uploads\/2021\/01\/IMAGEM_NOTICIA_5.jpg","uagb_featured_image_src":{"full":["https:\/\/blogopara.com.br\/wp-content\/uploads\/2021\/01\/IMAGEM_NOTICIA_5.jpg",400,294,false],"thumbnail":["https:\/\/blogopara.com.br\/wp-content\/uploads\/2021\/01\/IMAGEM_NOTICIA_5-150x150.jpg",150,150,true],"medium":["https:\/\/blogopara.com.br\/wp-content\/uploads\/2021\/01\/IMAGEM_NOTICIA_5-300x221.jpg",300,221,true],"medium_large":["https:\/\/blogopara.com.br\/wp-content\/uploads\/2021\/01\/IMAGEM_NOTICIA_5.jpg",400,294,false],"large":["https:\/\/blogopara.com.br\/wp-content\/uploads\/2021\/01\/IMAGEM_NOTICIA_5.jpg",400,294,false],"1536x1536":["https:\/\/blogopara.com.br\/wp-content\/uploads\/2021\/01\/IMAGEM_NOTICIA_5.jpg",400,294,false],"2048x2048":["https:\/\/blogopara.com.br\/wp-content\/uploads\/2021\/01\/IMAGEM_NOTICIA_5.jpg",400,294,false],"mantranews-slider-large":["https:\/\/blogopara.com.br\/wp-content\/uploads\/2021\/01\/IMAGEM_NOTICIA_5.jpg",400,294,false],"mantranews-featured-medium":["https:\/\/blogopara.com.br\/wp-content\/uploads\/2021\/01\/IMAGEM_NOTICIA_5.jpg",400,294,false],"mantranews-featured-long":["https:\/\/blogopara.com.br\/wp-content\/uploads\/2021\/01\/IMAGEM_NOTICIA_5-300x294.jpg",300,294,true],"mantranews-block-medium":["https:\/\/blogopara.com.br\/wp-content\/uploads\/2021\/01\/IMAGEM_NOTICIA_5-400x290.jpg",400,290,true],"mantranews-carousel-image":["https:\/\/blogopara.com.br\/wp-content\/uploads\/2021\/01\/IMAGEM_NOTICIA_5.jpg",400,294,false],"mantranews-block-thumb":["https:\/\/blogopara.com.br\/wp-content\/uploads\/2021\/01\/IMAGEM_NOTICIA_5-322x230.jpg",322,230,true],"mantranews-single-large":["https:\/\/blogopara.com.br\/wp-content\/uploads\/2021\/01\/IMAGEM_NOTICIA_5.jpg",400,294,false]},"uagb_author_info":{"display_name":"Reda\u00e7\u00e3o geral","author_link":"https:\/\/blogopara.com.br\/index.php\/author\/blogopara"},"uagb_comment_info":0,"uagb_excerpt":"O governador Rui Costa (PT) participou, na tarde desta quinta-feira (21), da cerim\u00f4nia de posse do coronel Adson Marchesini, novo comandante-geral do Corpo de Bombeiros Militar da Bahia (CBMBA). Marchesini substitui o coronel Francisco Telles, que esteve \u00e0 frente do CBMBA por cinco anos. O evento aconteceu no Complexo de Ensino e Instru\u00e7\u00e3o de Bombeiro&hellip;","jetpack_sharing_enabled":true,"jetpack_likes_enabled":true,"_links":{"self":[{"href":"https:\/\/blogopara.com.br\/index.php\/wp-json\/wp\/v2\/posts\/18096","targetHints":{"allow":["GET"]}}],"collection":[{"href":"https:\/\/blogopara.com.br\/index.php\/wp-json\/wp\/v2\/posts"}],"about":[{"href":"https:\/\/blogopara.com.br\/index.php\/wp-json\/wp\/v2\/types\/post"}],"author":[{"embeddable":true,"href":"https:\/\/blogopara.com.br\/index.php\/wp-json\/wp\/v2\/users\/1"}],"replies":[{"embeddable":true,"href":"https:\/\/blogopara.com.br\/index.php\/wp-json\/wp\/v2\/comments?post=18096"}],"version-history":[{"count":1,"href":"https:\/\/blogopara.com.br\/index.php\/wp-json\/wp\/v2\/posts\/18096\/revisions"}],"predecessor-version":[{"id":18098,"href":"https:\/\/blogopara.com.br\/index.php\/wp-json\/wp\/v2\/posts\/18096\/revisions\/18098"}],"wp:featuredmedia":[{"embeddable":true,"href":"https:\/\/blogopara.com.br\/index.php\/wp-json\/wp\/v2\/media\/18097"}],"wp:attachment":[{"href":"https:\/\/blogopara.com.br\/index.php\/wp-json\/wp\/v2\/media?parent=18096"}],"wp:term":[{"taxonomy":"category","embeddable":true,"href":"https:\/\/blogopara.com.br\/index.php\/wp-json\/wp\/v2\/categories?post=18096"},{"taxonomy":"post_tag","embeddable":true,"href":"https:\/\/blogopara.com.br\/index.php\/wp-json\/wp\/v2\/tags?post=18096"}],"curies":[{"name":"wp","href":"https:\/\/api.w.org\/{rel}","templated":true}]}}