{"id":18226,"date":"2021-01-25T16:30:00","date_gmt":"2021-01-25T19:30:00","guid":{"rendered":"http:\/\/blogopara.com.br\/?p=18226"},"modified":"2021-01-25T14:18:11","modified_gmt":"2021-01-25T17:18:11","slug":"enem-bate-recorde-de-faltas-no-segundo-dia-de-prova-com-553-de-abstencao","status":"publish","type":"post","link":"https:\/\/blogopara.com.br\/index.php\/2021\/01\/25\/enem-bate-recorde-de-faltas-no-segundo-dia-de-prova-com-553-de-abstencao","title":{"rendered":"Enem bate recorde de faltas no segundo dia de prova com  55,3% de absten\u00e7\u00e3o"},"content":{"rendered":"<p style=\"text-align: justify;\">Com base em dados ainda preliminares, o Inep (Instituto Nacional de Estudos e Pesquisas Educacionais An\u00edsio Teixeira) informou neste domingo (24) que o segundo dia do Enem registrou 55,3% de absten\u00e7\u00e3o. Um recorde no hist\u00f3rico do exame.<\/p>\n<p style=\"text-align: justify;\">O \u00edndice superou o observado no primeiro dia do exame, no domingo (17), quando havia sido registrada a marca de 51,5%.<\/p>\n<p style=\"text-align: justify;\">Os n\u00fameros foram apresentados pelo presidente do instituto, Alexandre Lopes, em coletiva \u00e0 imprensa. Segundo ele, 2,4 milh\u00f5es de inscritos compareceram para fazer as provas de Ci\u00eancias da Natureza e Matem\u00e1tica, contra um total superior a 3 milh\u00f5es de ausentes. \u201cFoi mais do que a gente estava esperando\u201d, afirmou.<\/p>\n<p style=\"text-align: justify;\">Ele, no entanto, defendeu a realiza\u00e7\u00e3o do Enem. &#8220;O Inep n\u00e3o pode parar&#8221;, disse.<\/p>\n<p style=\"text-align: justify;\">Questionado sobre a aplica\u00e7\u00e3o do exame em meio ao agravamento da pandemia da Covid-19, Lopes afirmou que, para os mais de 2 milh\u00f5es de inscritos que compareceram \u00e0s provas nos dois domingos, foi uma decis\u00e3o importante.<\/p>\n<p style=\"text-align: justify;\">&#8220;Voc\u00ea tem que perguntar a eles. Tivemos milh\u00f5es de pessoas interessadas em fazer o Enem. Prepararam-se, foram ao local das provas, fizeram as provas&#8221;, disse o presidente do Inep.<\/p>\n<p style=\"text-align: justify;\">&#8220;E, porque o fizeram, v\u00e3o poder concorrer \u00e0s vagas do Sisu no primeiro semestre de 2021.&#8221;<\/p>\n<p style=\"text-align: justify;\">O Sisu \u00e9 o Sistema de Sele\u00e7\u00e3o Unificada do Minist\u00e9rio da Educa\u00e7\u00e3o, que usa as notas do Enem para ingresso em instituti\u00e7\u00f5es de ensino superior p\u00fablicas.<\/p>\n<p style=\"text-align: justify;\">Tamb\u00e9m presente \u00e0 coletiva, delegado Cleo Mazzotti, da Pol\u00edcia Federal, afirmou que o Enem foi realizado sem incidentes, seja no aspecto da seguran\u00e7a ou quanto \u00e0 lisura do exame<\/p>\n<p style=\"text-align: justify;\">De acordo com Lopes, os inscritos que se sentiram prejudicados por incidentes log\u00edsticos durante a aplica\u00e7\u00e3o dos exames nos dois dias de provas poder\u00e3o solicitar a reaplica\u00e7\u00e3o. Ele encorajou os inscritos que n\u00e3o fizeram as provas a fazer a solicita\u00e7\u00e3o.<\/p>\n<p style=\"text-align: justify;\">O pedido dever\u00e1 ser feito pela p\u00e1gina do participante a partir de meio-dia desta segunda-feira (25) at\u00e9 a sexta-feira (29). Os casos, frisa o instituto, ser\u00e3o avaliados individualmente. A reaplica\u00e7\u00e3o est\u00e1 prevista para os dias 23 e 24 de fevereiro.<\/p>\n<p style=\"text-align: justify;\">Em rela\u00e7\u00e3o ao Amazonas, frisou o presidente do Inep, os inscritos n\u00e3o precisam fazer o pedido de reaplica\u00e7\u00e3o. Ela ser\u00e1 feita para todos os candidatos. Por enquanto, segundo Lopes, as datas est\u00e3o mantidas.<\/p>\n<p style=\"text-align: justify;\">O mesmo ocorre para 13,7 mil inscritos que comunicaram aus\u00eancia nos dois domingos de aplica\u00e7\u00e3o do exame em raz\u00e3o de terem contra\u00eddo doen\u00e7as infectocontagiosas, incluindo a Covid-19.<\/p>\n<p style=\"text-align: justify;\">A realiza\u00e7\u00e3o do exame no momento em que a pandemia do novo coronav\u00edrus se agravou foi criticada por diferentes setores da sociedade, mas o governo decidiu mant\u00ea-lo.<\/p>\n<p style=\"text-align: justify;\">Mais cedo neste domingo, em S\u00e3o Paulo, o ministro da Educa\u00e7\u00e3o, Milton Ribeiro, disse que foi correto prever a alta absten\u00e7\u00e3o para organizar as salas.<\/p>\n<p style=\"text-align: justify;\">&#8220;Se houve esse pensamento, de que a absten\u00e7\u00e3o seria de pelo menos 30%, ent\u00e3o est\u00e1vamos certos porque ela foi de 51%\u201d, afirmou Ribeiro.<\/p>\n<p style=\"text-align: justify;\">\u201cTemos que ver o outro lado tamb\u00e9m, e n\u00e3o estou querendo defender ningu\u00e9m, mas imagine, se tiv\u00e9ssemos contratado tudo [n\u00famero de salas suficiente], o valor de dinheiro p\u00fablico que haver\u00edamos de usar.&#8221;<\/p>\n<p style=\"text-align: justify;\">O titular da Educa\u00e7\u00e3o acompanhou a entrada dos candidatos que foram fazer o segundo dia de provas do Enem neste domingo. Ele escolheu visitar a escola estadual Cesar Martinez, em Moema, bairro nobre de S\u00e3o Paulo.<\/p>\n<p style=\"text-align: justify;\">Segundo ele, pela gest\u00e3o \u201cs\u00e9ria e respons\u00e1vel\u201d do dinheiro p\u00fablico foi correto ter contado com a alta absten\u00e7\u00e3o para organizar os locais de prova, ou seja, sem amplia\u00e7\u00e3o suficiente do n\u00famero de salas para garantir que todas s\u00f3 tivessem 50% de candidatos.<\/p>\n<p style=\"text-align: justify;\">\u201cGastamos mais de R$ 700 milh\u00f5es do Tesouro para a aplica\u00e7\u00e3o do Enem neste ano. Imagine se n\u00e3o tivesse feito uma m\u00ednima previs\u00e3o [de absten\u00e7\u00e3o] a\u00ed as coisas ficariam mais dif\u00edceis\u201d, disse o ministro.<\/p>\n","protected":false},"excerpt":{"rendered":"<p>Com base em dados ainda preliminares, o Inep (Instituto Nacional de Estudos e Pesquisas Educacionais An\u00edsio Teixeira) informou neste domingo (24) que o segundo dia do Enem registrou 55,3% de absten\u00e7\u00e3o. Um recorde no hist\u00f3rico do exame. O \u00edndice superou o observado no primeiro dia do exame, no domingo (17), quando havia sido registrada a [&hellip;]<\/p>\n","protected":false},"author":1,"featured_media":18227,"comment_status":"open","ping_status":"open","sticky":false,"template":"","format":"standard","meta":{"_uag_custom_page_level_css":"","_monsterinsights_skip_tracking":false,"_monsterinsights_sitenote_active":false,"_monsterinsights_sitenote_note":"","_monsterinsights_sitenote_category":0,"jetpack_post_was_ever_published":false,"_jetpack_newsletter_access":"","_jetpack_dont_email_post_to_subs":false,"_jetpack_newsletter_tier_id":0,"_jetpack_memberships_contains_paywalled_content":false,"_jetpack_memberships_contains_paid_content":false,"footnotes":"","jetpack_publicize_message":"","jetpack_publicize_feature_enabled":true,"jetpack_social_post_already_shared":true,"jetpack_social_options":{"image_generator_settings":{"template":"highway","default_image_id":0,"font":"","enabled":false},"version":2}},"categories":[209],"tags":[],"class_list":["post-18226","post","type-post","status-publish","format-standard","has-post-thumbnail","hentry","category-educacao"],"jetpack_publicize_connections":[],"jetpack_featured_media_url":"https:\/\/blogopara.com.br\/wp-content\/uploads\/2021\/01\/enem.jpg","uagb_featured_image_src":{"full":["https:\/\/blogopara.com.br\/wp-content\/uploads\/2021\/01\/enem.jpg",500,333,false],"thumbnail":["https:\/\/blogopara.com.br\/wp-content\/uploads\/2021\/01\/enem-150x150.jpg",150,150,true],"medium":["https:\/\/blogopara.com.br\/wp-content\/uploads\/2021\/01\/enem-300x200.jpg",300,200,true],"medium_large":["https:\/\/blogopara.com.br\/wp-content\/uploads\/2021\/01\/enem.jpg",500,333,false],"large":["https:\/\/blogopara.com.br\/wp-content\/uploads\/2021\/01\/enem.jpg",500,333,false],"1536x1536":["https:\/\/blogopara.com.br\/wp-content\/uploads\/2021\/01\/enem.jpg",500,333,false],"2048x2048":["https:\/\/blogopara.com.br\/wp-content\/uploads\/2021\/01\/enem.jpg",500,333,false],"mantranews-slider-large":["https:\/\/blogopara.com.br\/wp-content\/uploads\/2021\/01\/enem.jpg",500,333,false],"mantranews-featured-medium":["https:\/\/blogopara.com.br\/wp-content\/uploads\/2021\/01\/enem-420x307.jpg",420,307,true],"mantranews-featured-long":["https:\/\/blogopara.com.br\/wp-content\/uploads\/2021\/01\/enem-300x333.jpg",300,333,true],"mantranews-block-medium":["https:\/\/blogopara.com.br\/wp-content\/uploads\/2021\/01\/enem-464x290.jpg",464,290,true],"mantranews-carousel-image":["https:\/\/blogopara.com.br\/wp-content\/uploads\/2021\/01\/enem.jpg",500,333,false],"mantranews-block-thumb":["https:\/\/blogopara.com.br\/wp-content\/uploads\/2021\/01\/enem-322x230.jpg",322,230,true],"mantranews-single-large":["https:\/\/blogopara.com.br\/wp-content\/uploads\/2021\/01\/enem.jpg",500,333,false]},"uagb_author_info":{"display_name":"Reda\u00e7\u00e3o geral","author_link":"https:\/\/blogopara.com.br\/index.php\/author\/blogopara"},"uagb_comment_info":0,"uagb_excerpt":"Com base em dados ainda preliminares, o Inep (Instituto Nacional de Estudos e Pesquisas Educacionais An\u00edsio Teixeira) informou neste domingo (24) que o segundo dia do Enem registrou 55,3% de absten\u00e7\u00e3o. Um recorde no hist\u00f3rico do exame. O \u00edndice superou o observado no primeiro dia do exame, no domingo (17), quando havia sido registrada a&hellip;","jetpack_sharing_enabled":true,"jetpack_likes_enabled":true,"_links":{"self":[{"href":"https:\/\/blogopara.com.br\/index.php\/wp-json\/wp\/v2\/posts\/18226","targetHints":{"allow":["GET"]}}],"collection":[{"href":"https:\/\/blogopara.com.br\/index.php\/wp-json\/wp\/v2\/posts"}],"about":[{"href":"https:\/\/blogopara.com.br\/index.php\/wp-json\/wp\/v2\/types\/post"}],"author":[{"embeddable":true,"href":"https:\/\/blogopara.com.br\/index.php\/wp-json\/wp\/v2\/users\/1"}],"replies":[{"embeddable":true,"href":"https:\/\/blogopara.com.br\/index.php\/wp-json\/wp\/v2\/comments?post=18226"}],"version-history":[{"count":1,"href":"https:\/\/blogopara.com.br\/index.php\/wp-json\/wp\/v2\/posts\/18226\/revisions"}],"predecessor-version":[{"id":18228,"href":"https:\/\/blogopara.com.br\/index.php\/wp-json\/wp\/v2\/posts\/18226\/revisions\/18228"}],"wp:featuredmedia":[{"embeddable":true,"href":"https:\/\/blogopara.com.br\/index.php\/wp-json\/wp\/v2\/media\/18227"}],"wp:attachment":[{"href":"https:\/\/blogopara.com.br\/index.php\/wp-json\/wp\/v2\/media?parent=18226"}],"wp:term":[{"taxonomy":"category","embeddable":true,"href":"https:\/\/blogopara.com.br\/index.php\/wp-json\/wp\/v2\/categories?post=18226"},{"taxonomy":"post_tag","embeddable":true,"href":"https:\/\/blogopara.com.br\/index.php\/wp-json\/wp\/v2\/tags?post=18226"}],"curies":[{"name":"wp","href":"https:\/\/api.w.org\/{rel}","templated":true}]}}