{"id":18241,"date":"2021-01-26T13:49:00","date_gmt":"2021-01-26T16:49:00","guid":{"rendered":"http:\/\/blogopara.com.br\/?p=18241"},"modified":"2021-01-26T10:48:46","modified_gmt":"2021-01-26T13:48:46","slug":"vai-dar-tchau-faustao-deixara-globo-apos-30-anos-diz-colunista","status":"publish","type":"post","link":"https:\/\/blogopara.com.br\/index.php\/2021\/01\/26\/vai-dar-tchau-faustao-deixara-globo-apos-30-anos-diz-colunista","title":{"rendered":"&#8216;Vai dar tchau&#8217;: Faust\u00e3o deixar\u00e1 Globo ap\u00f3s 30 anos, diz colunista"},"content":{"rendered":"<p style=\"text-align: justify;\">Ap\u00f3s 30 anos na emissora, Fausto Silva ir\u00e1 deixar a TV Globo no final de 2021. De acordo com informa\u00e7\u00f5es do colunista do R7 Fl\u00e1vio Ricco, amigo pessoal do apresentador, a decis\u00e3o j\u00e1 est\u00e1 tomada: Faust\u00e3o&nbsp;ir\u00e1 comandar o &#8220;Doming\u00e3o&#8221; at\u00e9 o fim de 2021 e, no fim do contrato, ir\u00e1 deixar uma emissora. N\u00e3o ter\u00e1 renova\u00e7\u00e3o.<\/p>\n<div id=\"div-gpt-ad-bn_holofote_conteudo\" data-google-query-id=\"CICEwtfSt-4CFQ4FuQYdp9UK1g\">\n<p style=\"text-align: justify;\">No entanto, ainda segundo a nota, o programa poder\u00e1 continuar ou n\u00e3o sem ele. Ricardo Waddington, diretor de entretenimento, ofereceu a&nbsp;Faust\u00e3o um programa \u00e0s quintas-feiras, considerando p\u00fablico, dia e hor\u00e1rios diferentes. Fl\u00e1vio considera que a proposta n\u00e3o ser\u00e1 aceita. Ao que tudo indica, o veterano ir\u00e1 conversar com outras emissoras pois, segundo o colunista, o motivo da sa\u00edda n\u00e3o seria consequ\u00eancia de uma vontade de se aposentar. Faust\u00e3o est\u00e1 na Globo desde 1989.<\/p>\n<p>Fonte: Bahia Noticias<\/p>\n<div>\n<div id=\"denakop-ad-0\" style=\"text-align: justify;\" data-google-query-id=\"CIjZs9fSt-4CFYszuQYdRfwK2g\">&nbsp;<\/div>\n<\/div>\n<\/div>\n","protected":false},"excerpt":{"rendered":"<p>Ap\u00f3s 30 anos na emissora, Fausto Silva ir\u00e1 deixar a TV Globo no final de 2021. De acordo com informa\u00e7\u00f5es do colunista do R7 Fl\u00e1vio Ricco, amigo pessoal do apresentador, a decis\u00e3o j\u00e1 est\u00e1 tomada: Faust\u00e3o&nbsp;ir\u00e1 comandar o &#8220;Doming\u00e3o&#8221; at\u00e9 o fim de 2021 e, no fim do contrato, ir\u00e1 deixar uma emissora. N\u00e3o ter\u00e1 [&hellip;]<\/p>\n","protected":false},"author":1,"featured_media":18242,"comment_status":"open","ping_status":"open","sticky":false,"template":"","format":"standard","meta":{"_uag_custom_page_level_css":"","_monsterinsights_skip_tracking":false,"_monsterinsights_sitenote_active":false,"_monsterinsights_sitenote_note":"","_monsterinsights_sitenote_category":0,"jetpack_post_was_ever_published":false,"_jetpack_newsletter_access":"","_jetpack_dont_email_post_to_subs":false,"_jetpack_newsletter_tier_id":0,"_jetpack_memberships_contains_paywalled_content":false,"_jetpack_memberships_contains_paid_content":false,"footnotes":"","jetpack_publicize_message":"","jetpack_publicize_feature_enabled":true,"jetpack_social_post_already_shared":true,"jetpack_social_options":{"image_generator_settings":{"template":"highway","default_image_id":0,"font":"","enabled":false},"version":2}},"categories":[200,204],"tags":[],"class_list":["post-18241","post","type-post","status-publish","format-standard","has-post-thumbnail","hentry","category-brasil","category-social"],"jetpack_publicize_connections":[],"jetpack_featured_media_url":"https:\/\/blogopara.com.br\/wp-content\/uploads\/2021\/01\/IMAGEM_NOTICIA_5-2.jpg","uagb_featured_image_src":{"full":["https:\/\/blogopara.com.br\/wp-content\/uploads\/2021\/01\/IMAGEM_NOTICIA_5-2.jpg",400,294,false],"thumbnail":["https:\/\/blogopara.com.br\/wp-content\/uploads\/2021\/01\/IMAGEM_NOTICIA_5-2-150x150.jpg",150,150,true],"medium":["https:\/\/blogopara.com.br\/wp-content\/uploads\/2021\/01\/IMAGEM_NOTICIA_5-2-300x221.jpg",300,221,true],"medium_large":["https:\/\/blogopara.com.br\/wp-content\/uploads\/2021\/01\/IMAGEM_NOTICIA_5-2.jpg",400,294,false],"large":["https:\/\/blogopara.com.br\/wp-content\/uploads\/2021\/01\/IMAGEM_NOTICIA_5-2.jpg",400,294,false],"1536x1536":["https:\/\/blogopara.com.br\/wp-content\/uploads\/2021\/01\/IMAGEM_NOTICIA_5-2.jpg",400,294,false],"2048x2048":["https:\/\/blogopara.com.br\/wp-content\/uploads\/2021\/01\/IMAGEM_NOTICIA_5-2.jpg",400,294,false],"mantranews-slider-large":["https:\/\/blogopara.com.br\/wp-content\/uploads\/2021\/01\/IMAGEM_NOTICIA_5-2.jpg",400,294,false],"mantranews-featured-medium":["https:\/\/blogopara.com.br\/wp-content\/uploads\/2021\/01\/IMAGEM_NOTICIA_5-2.jpg",400,294,false],"mantranews-featured-long":["https:\/\/blogopara.com.br\/wp-content\/uploads\/2021\/01\/IMAGEM_NOTICIA_5-2-300x294.jpg",300,294,true],"mantranews-block-medium":["https:\/\/blogopara.com.br\/wp-content\/uploads\/2021\/01\/IMAGEM_NOTICIA_5-2-400x290.jpg",400,290,true],"mantranews-carousel-image":["https:\/\/blogopara.com.br\/wp-content\/uploads\/2021\/01\/IMAGEM_NOTICIA_5-2.jpg",400,294,false],"mantranews-block-thumb":["https:\/\/blogopara.com.br\/wp-content\/uploads\/2021\/01\/IMAGEM_NOTICIA_5-2-322x230.jpg",322,230,true],"mantranews-single-large":["https:\/\/blogopara.com.br\/wp-content\/uploads\/2021\/01\/IMAGEM_NOTICIA_5-2.jpg",400,294,false]},"uagb_author_info":{"display_name":"Reda\u00e7\u00e3o geral","author_link":"https:\/\/blogopara.com.br\/index.php\/author\/blogopara"},"uagb_comment_info":0,"uagb_excerpt":"Ap\u00f3s 30 anos na emissora, Fausto Silva ir\u00e1 deixar a TV Globo no final de 2021. De acordo com informa\u00e7\u00f5es do colunista do R7 Fl\u00e1vio Ricco, amigo pessoal do apresentador, a decis\u00e3o j\u00e1 est\u00e1 tomada: Faust\u00e3o&nbsp;ir\u00e1 comandar o &#8220;Doming\u00e3o&#8221; at\u00e9 o fim de 2021 e, no fim do contrato, ir\u00e1 deixar uma emissora. N\u00e3o ter\u00e1&hellip;","jetpack_sharing_enabled":true,"jetpack_likes_enabled":true,"_links":{"self":[{"href":"https:\/\/blogopara.com.br\/index.php\/wp-json\/wp\/v2\/posts\/18241","targetHints":{"allow":["GET"]}}],"collection":[{"href":"https:\/\/blogopara.com.br\/index.php\/wp-json\/wp\/v2\/posts"}],"about":[{"href":"https:\/\/blogopara.com.br\/index.php\/wp-json\/wp\/v2\/types\/post"}],"author":[{"embeddable":true,"href":"https:\/\/blogopara.com.br\/index.php\/wp-json\/wp\/v2\/users\/1"}],"replies":[{"embeddable":true,"href":"https:\/\/blogopara.com.br\/index.php\/wp-json\/wp\/v2\/comments?post=18241"}],"version-history":[{"count":2,"href":"https:\/\/blogopara.com.br\/index.php\/wp-json\/wp\/v2\/posts\/18241\/revisions"}],"predecessor-version":[{"id":18293,"href":"https:\/\/blogopara.com.br\/index.php\/wp-json\/wp\/v2\/posts\/18241\/revisions\/18293"}],"wp:featuredmedia":[{"embeddable":true,"href":"https:\/\/blogopara.com.br\/index.php\/wp-json\/wp\/v2\/media\/18242"}],"wp:attachment":[{"href":"https:\/\/blogopara.com.br\/index.php\/wp-json\/wp\/v2\/media?parent=18241"}],"wp:term":[{"taxonomy":"category","embeddable":true,"href":"https:\/\/blogopara.com.br\/index.php\/wp-json\/wp\/v2\/categories?post=18241"},{"taxonomy":"post_tag","embeddable":true,"href":"https:\/\/blogopara.com.br\/index.php\/wp-json\/wp\/v2\/tags?post=18241"}],"curies":[{"name":"wp","href":"https:\/\/api.w.org\/{rel}","templated":true}]}}