{"id":18311,"date":"2021-01-26T16:56:42","date_gmt":"2021-01-26T19:56:42","guid":{"rendered":"http:\/\/blogopara.com.br\/?p=18311"},"modified":"2021-01-26T16:56:45","modified_gmt":"2021-01-26T19:56:45","slug":"juazeiro-apresentou-ao-mpf-relatorio-de-vacinacao-contra-a-covid-19-ao-mpf","status":"publish","type":"post","link":"https:\/\/blogopara.com.br\/index.php\/2021\/01\/26\/juazeiro-apresentou-ao-mpf-relatorio-de-vacinacao-contra-a-covid-19-ao-mpf","title":{"rendered":"Juazeiro apresentou ao MPF relat\u00f3rio de vacina\u00e7\u00e3o contra a Covid-19  ao MPF"},"content":{"rendered":"\n<p class=\"has-text-align-justify\" id=\"block-c2c6a004-7b50-40e4-9064-a0de2a8005d3\">Em reuni\u00e3o virtual com a procuradora da Rep\u00fablica Ticiana Nogueira, o secret\u00e1rio de Sa\u00fade de Juazeiro, Fernando Costa, apresentou nesta ter\u00e7a-feira (26) relat\u00f3rio da campanha de vacina\u00e7\u00e3o contra a Covid-19 no munic\u00edpio. Costa relatou \u00e0 procuradora, que Juazeiro recebeu do governo federal atrav\u00e9s da Secretaria de Sa\u00fade Bahia 4.620 doses, sendo 2.070 da vacina AstraZeneca (Oxford\/Fiocruz) e 2.550 da CoronaVac (Butantan).<\/p>\n\n\n\n<p class=\"has-text-align-justify\" id=\"block-77005f4c-2b31-4b2e-9f1b-a26777141af4\">O secret\u00e1rio explicou que a prioridade est\u00e1 sendo vacinar os profissionais de sa\u00fade que atuam na linha de frente de combate ao novo coronav\u00edrus e idosos em casas de longa perman\u00eancia. Segundo o secret\u00e1rio, j\u00e1 foram vacinadas 731 pessoas. Desse total, 705 s\u00e3o trabalhadores da sa\u00fade e 26 idosos.<\/p>\n\n\n\n<p class=\"has-text-align-justify\" id=\"block-78a5df9e-7a3c-4abd-a474-5320fdad7b4b\">O cronograma de vacina\u00e7\u00e3o chegou ao interior do munic\u00edpio nesta ter\u00e7a-feira para imunizar os profissionais das Unidades B\u00e1sicas de Sa\u00fade e at\u00e9 esta quarta-feira (27), chegar\u00e1 \u00e0s unidades de todo o munic\u00edpio.<\/p>\n\n\n\n<p class=\"has-text-align-justify\" id=\"block-4d71fe5b-3a44-483b-a0ca-55d3a51ed88f\">&#8220;Essa parceria com o Minist\u00e9rio P\u00fablico Federal \u00e9 importante. Aqui na Secretaria de Sa\u00fade n\u00e3o vamos admitir que se furem filas. A ordem de vacina\u00e7\u00e3o vai ser respeitada. A fiscaliza\u00e7\u00e3o \u00e9 importante porque nos ajuda e contribui para que todo esse processo que foi planejado se d\u00ea da melhor forma poss\u00edvel&#8221;, conclui Fernando Costa.<\/p>\n\n\n\n<p id=\"block-9769358f-aafb-41c5-a635-63c289aa51ea\"><strong>Estado<\/strong><\/p>\n\n\n\n<p class=\"has-text-align-justify\" id=\"block-a45d26a6-1970-48b8-88dd-25a787165e35\">Na segunda-feira (25), uma terceira remessa de vacinas chegou \u00e0 Bahia com 54,6 mil doses de Coronavac [Butantan\/Sinovac]. Ao todo, o estado j\u00e1 recebeu 550, 7 mil doses de vacinas contra a Covid-19.<\/p>\n\n\n\n<p id=\"block-777e2b28-d0cc-4785-b045-052a969a77af\">Com informa\u00e7\u00f5es Ascom PMJ<\/p>\n\n\n\n\n\n\n\n\n\n<p class=\"has-text-align-justify\"><\/p>\n\n\n\n<p><\/p>\n","protected":false},"excerpt":{"rendered":"<p>Em reuni\u00e3o virtual com a procuradora da Rep\u00fablica Ticiana Nogueira, o secret\u00e1rio de Sa\u00fade de Juazeiro, Fernando Costa, apresentou nesta ter\u00e7a-feira (26) relat\u00f3rio da campanha de vacina\u00e7\u00e3o contra a Covid-19 no munic\u00edpio. Costa relatou \u00e0 procuradora, que Juazeiro recebeu do governo federal atrav\u00e9s da Secretaria de Sa\u00fade Bahia 4.620 doses, sendo 2.070 da vacina AstraZeneca [&hellip;]<\/p>\n","protected":false},"author":1,"featured_media":18312,"comment_status":"open","ping_status":"open","sticky":false,"template":"","format":"standard","meta":{"_uag_custom_page_level_css":"","_monsterinsights_skip_tracking":false,"_monsterinsights_sitenote_active":false,"_monsterinsights_sitenote_note":"","_monsterinsights_sitenote_category":0,"jetpack_post_was_ever_published":false,"_jetpack_newsletter_access":"","_jetpack_dont_email_post_to_subs":false,"_jetpack_newsletter_tier_id":0,"_jetpack_memberships_contains_paywalled_content":false,"_jetpack_memberships_contains_paid_content":false,"footnotes":"","jetpack_publicize_message":"","jetpack_publicize_feature_enabled":true,"jetpack_social_post_already_shared":true,"jetpack_social_options":{"image_generator_settings":{"template":"highway","default_image_id":0,"font":"","enabled":false},"version":2}},"categories":[203,205],"tags":[],"class_list":["post-18311","post","type-post","status-publish","format-standard","has-post-thumbnail","hentry","category-juazeiro","category-saude"],"jetpack_publicize_connections":[],"jetpack_featured_media_url":"https:\/\/blogopara.com.br\/wp-content\/uploads\/2021\/01\/Vacina.jpg","uagb_featured_image_src":{"full":["https:\/\/blogopara.com.br\/wp-content\/uploads\/2021\/01\/Vacina.jpg",512,341,false],"thumbnail":["https:\/\/blogopara.com.br\/wp-content\/uploads\/2021\/01\/Vacina-150x150.jpg",150,150,true],"medium":["https:\/\/blogopara.com.br\/wp-content\/uploads\/2021\/01\/Vacina-300x200.jpg",300,200,true],"medium_large":["https:\/\/blogopara.com.br\/wp-content\/uploads\/2021\/01\/Vacina.jpg",512,341,false],"large":["https:\/\/blogopara.com.br\/wp-content\/uploads\/2021\/01\/Vacina.jpg",512,341,false],"1536x1536":["https:\/\/blogopara.com.br\/wp-content\/uploads\/2021\/01\/Vacina.jpg",512,341,false],"2048x2048":["https:\/\/blogopara.com.br\/wp-content\/uploads\/2021\/01\/Vacina.jpg",512,341,false],"mantranews-slider-large":["https:\/\/blogopara.com.br\/wp-content\/uploads\/2021\/01\/Vacina.jpg",512,341,false],"mantranews-featured-medium":["https:\/\/blogopara.com.br\/wp-content\/uploads\/2021\/01\/Vacina-420x307.jpg",420,307,true],"mantranews-featured-long":["https:\/\/blogopara.com.br\/wp-content\/uploads\/2021\/01\/Vacina-300x341.jpg",300,341,true],"mantranews-block-medium":["https:\/\/blogopara.com.br\/wp-content\/uploads\/2021\/01\/Vacina-464x290.jpg",464,290,true],"mantranews-carousel-image":["https:\/\/blogopara.com.br\/wp-content\/uploads\/2021\/01\/Vacina.jpg",512,341,false],"mantranews-block-thumb":["https:\/\/blogopara.com.br\/wp-content\/uploads\/2021\/01\/Vacina-322x230.jpg",322,230,true],"mantranews-single-large":["https:\/\/blogopara.com.br\/wp-content\/uploads\/2021\/01\/Vacina.jpg",512,341,false]},"uagb_author_info":{"display_name":"Reda\u00e7\u00e3o geral","author_link":"https:\/\/blogopara.com.br\/index.php\/author\/blogopara"},"uagb_comment_info":0,"uagb_excerpt":"Em reuni\u00e3o virtual com a procuradora da Rep\u00fablica Ticiana Nogueira, o secret\u00e1rio de Sa\u00fade de Juazeiro, Fernando Costa, apresentou nesta ter\u00e7a-feira (26) relat\u00f3rio da campanha de vacina\u00e7\u00e3o contra a Covid-19 no munic\u00edpio. Costa relatou \u00e0 procuradora, que Juazeiro recebeu do governo federal atrav\u00e9s da Secretaria de Sa\u00fade Bahia 4.620 doses, sendo 2.070 da vacina AstraZeneca&hellip;","jetpack_sharing_enabled":true,"jetpack_likes_enabled":true,"_links":{"self":[{"href":"https:\/\/blogopara.com.br\/index.php\/wp-json\/wp\/v2\/posts\/18311","targetHints":{"allow":["GET"]}}],"collection":[{"href":"https:\/\/blogopara.com.br\/index.php\/wp-json\/wp\/v2\/posts"}],"about":[{"href":"https:\/\/blogopara.com.br\/index.php\/wp-json\/wp\/v2\/types\/post"}],"author":[{"embeddable":true,"href":"https:\/\/blogopara.com.br\/index.php\/wp-json\/wp\/v2\/users\/1"}],"replies":[{"embeddable":true,"href":"https:\/\/blogopara.com.br\/index.php\/wp-json\/wp\/v2\/comments?post=18311"}],"version-history":[{"count":2,"href":"https:\/\/blogopara.com.br\/index.php\/wp-json\/wp\/v2\/posts\/18311\/revisions"}],"predecessor-version":[{"id":18314,"href":"https:\/\/blogopara.com.br\/index.php\/wp-json\/wp\/v2\/posts\/18311\/revisions\/18314"}],"wp:featuredmedia":[{"embeddable":true,"href":"https:\/\/blogopara.com.br\/index.php\/wp-json\/wp\/v2\/media\/18312"}],"wp:attachment":[{"href":"https:\/\/blogopara.com.br\/index.php\/wp-json\/wp\/v2\/media?parent=18311"}],"wp:term":[{"taxonomy":"category","embeddable":true,"href":"https:\/\/blogopara.com.br\/index.php\/wp-json\/wp\/v2\/categories?post=18311"},{"taxonomy":"post_tag","embeddable":true,"href":"https:\/\/blogopara.com.br\/index.php\/wp-json\/wp\/v2\/tags?post=18311"}],"curies":[{"name":"wp","href":"https:\/\/api.w.org\/{rel}","templated":true}]}}