{"id":18324,"date":"2021-01-26T18:26:00","date_gmt":"2021-01-26T21:26:00","guid":{"rendered":"http:\/\/blogopara.com.br\/?p=18324"},"modified":"2021-01-26T19:03:17","modified_gmt":"2021-01-26T22:03:17","slug":"bolsonaro-se-diz-favoravel-a-importacao-de-vacinas-pelo-setor-privado-mas-farmaceutica-astrazeneca-nega-disponibilidade-para-mercado","status":"publish","type":"post","link":"https:\/\/blogopara.com.br\/index.php\/2021\/01\/26\/bolsonaro-se-diz-favoravel-a-importacao-de-vacinas-pelo-setor-privado-mas-farmaceutica-astrazeneca-nega-disponibilidade-para-mercado","title":{"rendered":"Bolsonaro se diz favor\u00e1vel \u00e0 importa\u00e7\u00e3o de vacinas pelo setor privado mas Farmac\u00eautica AstraZeneca nega disponibilidade para mercado"},"content":{"rendered":"\n<p class=\"has-text-align-justify\">O presidente Jair Bolsonaro afirmou nesta ter\u00e7a-feira (26), durante a videoconfer\u00eancia do banco Credit Suisse, semin\u00e1rio sobre investimentos na Am\u00e9rica Latina, que o governo federal apoia a iniciativa de empres\u00e1rios de importar vacinas contra a covid-19 para imunizar seus funcion\u00e1rios.<\/p>\n\n\n\n<p class=\"has-text-align-justify\">\u201cNo que puder essa proposta ir \u00e0 frente, n\u00f3s estaremos estimulando porque, com 33 milh\u00f5es de doses de gra\u00e7a, ajudaria e muito a economia e para aqueles que queiram se vacinar o fa\u00e7am para ficar livre do v\u00edrus\u201d, disse Bolsonaro. Desse total, metade seria incorporada ao Sistema \u00danico de Sa\u00fade (SUS), e disponibilizada \u00e0 popula\u00e7\u00e3o de acordo com os crit\u00e9rios do Minist\u00e9rio da Sa\u00fade, e a outra metade seria utilizada pelas empresas de acordo com crit\u00e9rios pr\u00f3prios.<\/p>\n\n\n\n<p class=\"has-text-align-justify\">A farmac\u00eautica AstraZeneca, que desenvolve uma vacina contra o novo coronav\u00edrus em parceria com a Universidade de Oxford, informou hoje (26) que n\u00e3o tem doses dispon\u00edveis do imunizante para o mercado privado.<\/p>\n\n\n\n<p class=\"has-text-align-justify\">\u201cNo momento, todas as doses da vacina est\u00e3o dispon\u00edveis por meio de acordos firmados com governos e organiza\u00e7\u00f5es multilaterais ao redor do mundo, incluindo da Covax Facility, n\u00e3o sendo poss\u00edvel disponibilizar vacinas para o mercado privado\u201d, diz a nota.<\/p>\n\n\n\n<p>Fonte e foto: Com informa\u00e7\u00f5es Ag\u00eancia Brasil<\/p>\n","protected":false},"excerpt":{"rendered":"<p>O presidente Jair Bolsonaro afirmou nesta ter\u00e7a-feira (26), durante a videoconfer\u00eancia do banco Credit Suisse, semin\u00e1rio sobre investimentos na Am\u00e9rica Latina, que o governo federal apoia a iniciativa de empres\u00e1rios de importar vacinas contra a covid-19 para imunizar seus funcion\u00e1rios. \u201cNo que puder essa proposta ir \u00e0 frente, n\u00f3s estaremos estimulando porque, com 33 milh\u00f5es [&hellip;]<\/p>\n","protected":false},"author":1,"featured_media":18327,"comment_status":"open","ping_status":"open","sticky":false,"template":"","format":"standard","meta":{"_uag_custom_page_level_css":"","_monsterinsights_skip_tracking":false,"_monsterinsights_sitenote_active":false,"_monsterinsights_sitenote_note":"","_monsterinsights_sitenote_category":0,"jetpack_post_was_ever_published":false,"_jetpack_newsletter_access":"","_jetpack_dont_email_post_to_subs":false,"_jetpack_newsletter_tier_id":0,"_jetpack_memberships_contains_paywalled_content":false,"_jetpack_memberships_contains_paid_content":false,"footnotes":"","jetpack_publicize_message":"","jetpack_publicize_feature_enabled":true,"jetpack_social_post_already_shared":true,"jetpack_social_options":{"image_generator_settings":{"template":"highway","default_image_id":0,"font":"","enabled":false},"version":2}},"categories":[200,205],"tags":[],"class_list":["post-18324","post","type-post","status-publish","format-standard","has-post-thumbnail","hentry","category-brasil","category-saude"],"jetpack_publicize_connections":[],"jetpack_featured_media_url":"https:\/\/blogopara.com.br\/wp-content\/uploads\/2021\/01\/Bolsonaro-2.jpg","uagb_featured_image_src":{"full":["https:\/\/blogopara.com.br\/wp-content\/uploads\/2021\/01\/Bolsonaro-2.jpg",2109,1589,false],"thumbnail":["https:\/\/blogopara.com.br\/wp-content\/uploads\/2021\/01\/Bolsonaro-2-150x150.jpg",150,150,true],"medium":["https:\/\/blogopara.com.br\/wp-content\/uploads\/2021\/01\/Bolsonaro-2-300x226.jpg",300,226,true],"medium_large":["https:\/\/blogopara.com.br\/wp-content\/uploads\/2021\/01\/Bolsonaro-2-768x579.jpg",640,483,true],"large":["https:\/\/blogopara.com.br\/wp-content\/uploads\/2021\/01\/Bolsonaro-2-1024x772.jpg",640,483,true],"1536x1536":["https:\/\/blogopara.com.br\/wp-content\/uploads\/2021\/01\/Bolsonaro-2-1536x1157.jpg",1536,1157,true],"2048x2048":["https:\/\/blogopara.com.br\/wp-content\/uploads\/2021\/01\/Bolsonaro-2-2048x1543.jpg",2048,1543,true],"mantranews-slider-large":["https:\/\/blogopara.com.br\/wp-content\/uploads\/2021\/01\/Bolsonaro-2-1020x741.jpg",1020,741,true],"mantranews-featured-medium":["https:\/\/blogopara.com.br\/wp-content\/uploads\/2021\/01\/Bolsonaro-2-420x307.jpg",420,307,true],"mantranews-featured-long":["https:\/\/blogopara.com.br\/wp-content\/uploads\/2021\/01\/Bolsonaro-2-300x443.jpg",300,443,true],"mantranews-block-medium":["https:\/\/blogopara.com.br\/wp-content\/uploads\/2021\/01\/Bolsonaro-2-464x290.jpg",464,290,true],"mantranews-carousel-image":["https:\/\/blogopara.com.br\/wp-content\/uploads\/2021\/01\/Bolsonaro-2-600x500.jpg",600,500,true],"mantranews-block-thumb":["https:\/\/blogopara.com.br\/wp-content\/uploads\/2021\/01\/Bolsonaro-2-322x230.jpg",322,230,true],"mantranews-single-large":["https:\/\/blogopara.com.br\/wp-content\/uploads\/2021\/01\/Bolsonaro-2-1210x642.jpg",1210,642,true]},"uagb_author_info":{"display_name":"Reda\u00e7\u00e3o geral","author_link":"https:\/\/blogopara.com.br\/index.php\/author\/blogopara"},"uagb_comment_info":0,"uagb_excerpt":"O presidente Jair Bolsonaro afirmou nesta ter\u00e7a-feira (26), durante a videoconfer\u00eancia do banco Credit Suisse, semin\u00e1rio sobre investimentos na Am\u00e9rica Latina, que o governo federal apoia a iniciativa de empres\u00e1rios de importar vacinas contra a covid-19 para imunizar seus funcion\u00e1rios. \u201cNo que puder essa proposta ir \u00e0 frente, n\u00f3s estaremos estimulando porque, com 33 milh\u00f5es&hellip;","jetpack_sharing_enabled":true,"jetpack_likes_enabled":true,"_links":{"self":[{"href":"https:\/\/blogopara.com.br\/index.php\/wp-json\/wp\/v2\/posts\/18324","targetHints":{"allow":["GET"]}}],"collection":[{"href":"https:\/\/blogopara.com.br\/index.php\/wp-json\/wp\/v2\/posts"}],"about":[{"href":"https:\/\/blogopara.com.br\/index.php\/wp-json\/wp\/v2\/types\/post"}],"author":[{"embeddable":true,"href":"https:\/\/blogopara.com.br\/index.php\/wp-json\/wp\/v2\/users\/1"}],"replies":[{"embeddable":true,"href":"https:\/\/blogopara.com.br\/index.php\/wp-json\/wp\/v2\/comments?post=18324"}],"version-history":[{"count":1,"href":"https:\/\/blogopara.com.br\/index.php\/wp-json\/wp\/v2\/posts\/18324\/revisions"}],"predecessor-version":[{"id":18328,"href":"https:\/\/blogopara.com.br\/index.php\/wp-json\/wp\/v2\/posts\/18324\/revisions\/18328"}],"wp:featuredmedia":[{"embeddable":true,"href":"https:\/\/blogopara.com.br\/index.php\/wp-json\/wp\/v2\/media\/18327"}],"wp:attachment":[{"href":"https:\/\/blogopara.com.br\/index.php\/wp-json\/wp\/v2\/media?parent=18324"}],"wp:term":[{"taxonomy":"category","embeddable":true,"href":"https:\/\/blogopara.com.br\/index.php\/wp-json\/wp\/v2\/categories?post=18324"},{"taxonomy":"post_tag","embeddable":true,"href":"https:\/\/blogopara.com.br\/index.php\/wp-json\/wp\/v2\/tags?post=18324"}],"curies":[{"name":"wp","href":"https:\/\/api.w.org\/{rel}","templated":true}]}}