{"id":18354,"date":"2021-01-27T12:10:00","date_gmt":"2021-01-27T15:10:00","guid":{"rendered":"http:\/\/blogopara.com.br\/?p=18354"},"modified":"2021-01-27T09:59:40","modified_gmt":"2021-01-27T12:59:40","slug":"risco-de-greve-aumento-do-diesel-eleva-insatisfacao-de-caminhoneiros","status":"publish","type":"post","link":"https:\/\/blogopara.com.br\/index.php\/2021\/01\/27\/risco-de-greve-aumento-do-diesel-eleva-insatisfacao-de-caminhoneiros","title":{"rendered":"Risco de greve: Aumento do diesel eleva &#8216;insatisfa\u00e7\u00e3o&#8217; de caminhoneiros"},"content":{"rendered":"\n\n\n<p>A CNTA (Confedera\u00e7\u00e3o Nacional dos Transportadores Aut\u00f4nomos), que at\u00e9 a semana passada minimizava as chances de uma uma greve nacional de caminhoneiros, mudou de tom nesta ter\u00e7a-feira (26) ap\u00f3s a Petrobras aumentar o pre\u00e7o m\u00e9dio do diesel nas refinarias em 4,4%, na primeira alta do combust\u00edvel f\u00f3ssil em quase um m\u00eas.<\/p>\n\n\n\n<p>Se antes a entidade apontava o movimento grevista previsto por alguns grupos para 1\u00ba de fevereiro como algo com poucas chances de acontecer, agora fala em aumento da insatisfa\u00e7\u00e3o dos condutores de caminh\u00f5es.<\/p>\n\n\n\n<p>Para elevar ainda mais a temperatura, os petroleiros resolveram aderir \u00e0 eventual paralisa\u00e7\u00e3o da pr\u00f3xima semana.<\/p>\n\n\n\n<p>O governo, por\u00e9m, insiste que o movimento n\u00e3o tem ades\u00e3o. Um interlocutor do Executivo disse, sob condi\u00e7\u00e3o de anonimato, que a categoria n\u00e3o est\u00e1 mobilizada e que a safra est\u00e1 aquecida at\u00e9 meados de abril\/maio, o que diminui as chances de caminhoneiros pararem.<\/p>\n\n\n\n<p>Al\u00e9m disso, pondera que, ao contr\u00e1rio de 2018, quando houve uma longa paralisa\u00e7\u00e3o por todo o pa\u00eds, n\u00e3o h\u00e1 ades\u00e3o das grandes transportadoras nem de setores do agroneg\u00f3cio.<\/p>\n\n\n\n<p>A mudan\u00e7a de tom da CNTA veio junto com o an\u00fancio da Petrobras. Com o reajuste nos combust\u00edveis, o diesel passar\u00e1 a ser vendido \u00e0s distribuidoras de combust\u00edveis pela petroleira pelo pre\u00e7o m\u00e9dio de R$ 2,12 por litro.<\/p>\n\n\n\n<p>Marlon Maues, assessor-executivo da CNTA, disse \u00e0 reportagem que vinha acompanhando as tratativas do governo junto a Petrobras e que a sugest\u00e3o da entidade era que n\u00e3o houvesse altera\u00e7\u00f5es no pre\u00e7o do combust\u00edvel &#8220;no maior tempo poss\u00edvel&#8221;.<\/p>\n\n\n\n<p>De acordo com Maues, a informa\u00e7\u00e3o vinda do governo at\u00e9 sexta-feira (22) era de que n\u00e3o haveria reajuste no pre\u00e7o do diesel.<\/p>\n\n\n\n<p>Diante do aumento, representantes da categoria veem aumento nas chances de uma paralisa\u00e7\u00e3o j\u00e1 que o diesel representa entre 40% e 50% do custo de um caminh\u00e3o e o reajuste n\u00e3o \u00e9 compensado no valor do frete.<\/p>\n\n\n\n<p>&#8220;Fica com um sentimento de trai\u00e7\u00e3o&#8221;, disse o representante da CNTA.<\/p>\n\n\n\n<p>Embora pondere entender que este n\u00e3o \u00e9 o momento ideal para greve por quest\u00f5es como a pandemia de Covid-19 e a situa\u00e7\u00e3o econ\u00f4mica do pa\u00eds, ele relata que a categoria n\u00e3o recebeu nada bem o aumento do custo para abastecer os caminh\u00f5es.<\/p>\n\n\n\n<p>&#8220;Realmente, aumentou a insatisfa\u00e7\u00e3o, n\u00e3o tenha d\u00favida. Foi um movimento desnecess\u00e1rio [o de aumento do pre\u00e7o do diesel]. N\u00e3o defendendo A ou B, mas j\u00e1 existia uma conversa alinhada de que isso n\u00e3o poderia acontecer&#8221;, afirmou.<\/p>\n\n\n\n<p>Na semana passada, o governo anunciou uma s\u00e9rie de medidas para tentar conter os \u00e2nimos dos caminhoneiros.<\/p>\n\n\n\n<p>Conforme o jornal Folha de S.Paulo antecipou, o governo incluiu a categoria no grupo priorit\u00e1rio de vacina\u00e7\u00e3o contra a Covid-19.<\/p>\n\n\n\n<p>Al\u00e9m disso, em sua live de quinta-feira passada (21), o presidente Jair Bolsonaro (sem partido) e o ministro Tarc\u00edsio de Freitas (Infraestrutura) anunciaram uma s\u00e9rie de promessas.<\/p>\n\n\n\n<p>Foram relatadas medidas com isen\u00e7\u00e3o de tarifa de importa\u00e7\u00e3o para pneus, revis\u00e3o da norma de pesagem para que onere menos o caminhoneiro, elimina\u00e7\u00e3o de atravessadores, facilita\u00e7\u00e3o do recebimento do vale-ped\u00e1gio e substitui\u00e7\u00e3o de v\u00e1rios documentos por um \u00fanico, eletr\u00f4nico, que permitir\u00e1 transa\u00e7\u00f5es por Pix.<\/p>\n\n\n\n<p>A CNTA disse ter sido informada de que o Minist\u00e9rio da Economia neutralizaria o efeito do aumento do diesel nas bombas atrav\u00e9s da redu\u00e7\u00e3o do PIS\/Cofins. A pasta, no entanto, n\u00e3o havia confirmado esta informa\u00e7\u00e3o at\u00e9 a publica\u00e7\u00e3o desta reportagem.<\/p>\n\n\n\n<p>A Federa\u00e7\u00e3o \u00danica dos Petroleiros informou na noite de ter\u00e7a que ela e seus sindicatos v\u00e3o apoiar a paralisa\u00e7\u00e3o dos caminhoneiros na segunda-feira.<\/p>\n\n\n\n<p>&#8221; O apoio dos petroleiros ter\u00e1 a\u00e7\u00f5es localizadas em todo o pa\u00eds, unindo o protesto com solidariedade pelo momento dif\u00edcil em que o Brasil se encontra, com altas taxas de desemprego e perda de renda&#8221;, disse a federa\u00e7\u00e3o.<\/p>\n\n\n\n<p>Em nota, o Minist\u00e9rio da Infraestrutura disse refor\u00e7ar a &#8220;necessidade de entender o car\u00e1ter difuso e fragmentado de representatividade do setor, seja regionalmente, seja pelo tipo de carga transportada, antes de divulgar qualquer informa\u00e7\u00e3o referente \u00e0 categoria&#8221;.<\/p>\n\n\n\n<p>A pasta afirmou que &#8220;nenhuma associa\u00e7\u00e3o isolada pode reivindicar para si falar em nome do transportador rodovi\u00e1rio de cargas aut\u00f4nomo e incorrer neste tipo de conclus\u00e3o compromete qualquer divulga\u00e7\u00e3o fidedigna dos fatos referentes \u00e0 categoria&#8221;.<\/p>\n\n\n\n<p>O minist\u00e9rio disse ainda que tem agenda permanente de di\u00e1logo com as principais entidades que representam a categoria.<\/p>\n\n\n\n<p>Da Folhapress<\/p>\n","protected":false},"excerpt":{"rendered":"<p>A CNTA (Confedera\u00e7\u00e3o Nacional dos Transportadores Aut\u00f4nomos), que at\u00e9 a semana passada minimizava as chances de uma uma greve nacional de caminhoneiros, mudou de tom nesta ter\u00e7a-feira (26) ap\u00f3s a Petrobras aumentar o pre\u00e7o m\u00e9dio do diesel nas refinarias em 4,4%, na primeira alta do combust\u00edvel f\u00f3ssil em quase um m\u00eas. Se antes a entidade [&hellip;]<\/p>\n","protected":false},"author":1,"featured_media":18355,"comment_status":"open","ping_status":"open","sticky":false,"template":"","format":"standard","meta":{"_uag_custom_page_level_css":"","_monsterinsights_skip_tracking":false,"_monsterinsights_sitenote_active":false,"_monsterinsights_sitenote_note":"","_monsterinsights_sitenote_category":0,"jetpack_post_was_ever_published":false,"_jetpack_newsletter_access":"","_jetpack_dont_email_post_to_subs":false,"_jetpack_newsletter_tier_id":0,"_jetpack_memberships_contains_paywalled_content":false,"_jetpack_memberships_contains_paid_content":false,"footnotes":"","jetpack_publicize_message":"","jetpack_publicize_feature_enabled":true,"jetpack_social_post_already_shared":true,"jetpack_social_options":{"image_generator_settings":{"template":"highway","default_image_id":0,"font":"","enabled":false},"version":2}},"categories":[200],"tags":[],"class_list":["post-18354","post","type-post","status-publish","format-standard","has-post-thumbnail","hentry","category-brasil"],"jetpack_publicize_connections":[],"jetpack_featured_media_url":"https:\/\/blogopara.com.br\/wp-content\/uploads\/2021\/01\/greve-caminhoneiros.jpg","uagb_featured_image_src":{"full":["https:\/\/blogopara.com.br\/wp-content\/uploads\/2021\/01\/greve-caminhoneiros.jpg",380,280,false],"thumbnail":["https:\/\/blogopara.com.br\/wp-content\/uploads\/2021\/01\/greve-caminhoneiros-150x150.jpg",150,150,true],"medium":["https:\/\/blogopara.com.br\/wp-content\/uploads\/2021\/01\/greve-caminhoneiros-300x221.jpg",300,221,true],"medium_large":["https:\/\/blogopara.com.br\/wp-content\/uploads\/2021\/01\/greve-caminhoneiros.jpg",380,280,false],"large":["https:\/\/blogopara.com.br\/wp-content\/uploads\/2021\/01\/greve-caminhoneiros.jpg",380,280,false],"1536x1536":["https:\/\/blogopara.com.br\/wp-content\/uploads\/2021\/01\/greve-caminhoneiros.jpg",380,280,false],"2048x2048":["https:\/\/blogopara.com.br\/wp-content\/uploads\/2021\/01\/greve-caminhoneiros.jpg",380,280,false],"mantranews-slider-large":["https:\/\/blogopara.com.br\/wp-content\/uploads\/2021\/01\/greve-caminhoneiros.jpg",380,280,false],"mantranews-featured-medium":["https:\/\/blogopara.com.br\/wp-content\/uploads\/2021\/01\/greve-caminhoneiros.jpg",380,280,false],"mantranews-featured-long":["https:\/\/blogopara.com.br\/wp-content\/uploads\/2021\/01\/greve-caminhoneiros-300x280.jpg",300,280,true],"mantranews-block-medium":["https:\/\/blogopara.com.br\/wp-content\/uploads\/2021\/01\/greve-caminhoneiros.jpg",380,280,false],"mantranews-carousel-image":["https:\/\/blogopara.com.br\/wp-content\/uploads\/2021\/01\/greve-caminhoneiros.jpg",380,280,false],"mantranews-block-thumb":["https:\/\/blogopara.com.br\/wp-content\/uploads\/2021\/01\/greve-caminhoneiros-322x230.jpg",322,230,true],"mantranews-single-large":["https:\/\/blogopara.com.br\/wp-content\/uploads\/2021\/01\/greve-caminhoneiros.jpg",380,280,false]},"uagb_author_info":{"display_name":"Reda\u00e7\u00e3o geral","author_link":"https:\/\/blogopara.com.br\/index.php\/author\/blogopara"},"uagb_comment_info":0,"uagb_excerpt":"A CNTA (Confedera\u00e7\u00e3o Nacional dos Transportadores Aut\u00f4nomos), que at\u00e9 a semana passada minimizava as chances de uma uma greve nacional de caminhoneiros, mudou de tom nesta ter\u00e7a-feira (26) ap\u00f3s a Petrobras aumentar o pre\u00e7o m\u00e9dio do diesel nas refinarias em 4,4%, na primeira alta do combust\u00edvel f\u00f3ssil em quase um m\u00eas. Se antes a entidade&hellip;","jetpack_sharing_enabled":true,"jetpack_likes_enabled":true,"_links":{"self":[{"href":"https:\/\/blogopara.com.br\/index.php\/wp-json\/wp\/v2\/posts\/18354","targetHints":{"allow":["GET"]}}],"collection":[{"href":"https:\/\/blogopara.com.br\/index.php\/wp-json\/wp\/v2\/posts"}],"about":[{"href":"https:\/\/blogopara.com.br\/index.php\/wp-json\/wp\/v2\/types\/post"}],"author":[{"embeddable":true,"href":"https:\/\/blogopara.com.br\/index.php\/wp-json\/wp\/v2\/users\/1"}],"replies":[{"embeddable":true,"href":"https:\/\/blogopara.com.br\/index.php\/wp-json\/wp\/v2\/comments?post=18354"}],"version-history":[{"count":1,"href":"https:\/\/blogopara.com.br\/index.php\/wp-json\/wp\/v2\/posts\/18354\/revisions"}],"predecessor-version":[{"id":18356,"href":"https:\/\/blogopara.com.br\/index.php\/wp-json\/wp\/v2\/posts\/18354\/revisions\/18356"}],"wp:featuredmedia":[{"embeddable":true,"href":"https:\/\/blogopara.com.br\/index.php\/wp-json\/wp\/v2\/media\/18355"}],"wp:attachment":[{"href":"https:\/\/blogopara.com.br\/index.php\/wp-json\/wp\/v2\/media?parent=18354"}],"wp:term":[{"taxonomy":"category","embeddable":true,"href":"https:\/\/blogopara.com.br\/index.php\/wp-json\/wp\/v2\/categories?post=18354"},{"taxonomy":"post_tag","embeddable":true,"href":"https:\/\/blogopara.com.br\/index.php\/wp-json\/wp\/v2\/tags?post=18354"}],"curies":[{"name":"wp","href":"https:\/\/api.w.org\/{rel}","templated":true}]}}