{"id":18357,"date":"2021-01-27T13:20:00","date_gmt":"2021-01-27T16:20:00","guid":{"rendered":"http:\/\/blogopara.com.br\/?p=18357"},"modified":"2021-01-27T10:08:15","modified_gmt":"2021-01-27T13:08:15","slug":"governo-federal-aprova-pagamento-para-196-mil-brasileiros-que-tiveram-auxilio-suspenso","status":"publish","type":"post","link":"https:\/\/blogopara.com.br\/index.php\/2021\/01\/27\/governo-federal-aprova-pagamento-para-196-mil-brasileiros-que-tiveram-auxilio-suspenso","title":{"rendered":"Governo Federal aprova pagamento para 196 mil brasileiros que tiveram aux\u00edlio suspenso"},"content":{"rendered":"<p style=\"text-align: justify;\"><span class=\"\">O governo federal vai pagar, na pr\u00f3xima quinta-feira (28), mais de R$ 248 milh\u00f5es de aux\u00edlio emergencial para 196 mil pessoas. A portaria do Minist\u00e9rio da Cidadania foi publicada hoje (26) no\u00a0Di\u00e1rio Oficial da Uni\u00e3o, ap\u00f3s an\u00e1lise das contesta\u00e7\u00f5es e revis\u00f5es decorrentes de atualiza\u00e7\u00f5es de dados governamentais.<\/p>\n<p>O grupo de benefici\u00e1rios inclui cerca de 191 mil pessoas que contestaram a suspens\u00e3o do benef\u00edcio no site da Dataprev, entre 7 e 16 de novembro e entre 13 e 31 de dezembro de 2020, al\u00e9m de outras cinco mil pessoas que tiveram os pagamentos reavaliados em janeiro de 2021. Eles receber\u00e3o de uma s\u00f3 vez todas as parcelas a que t\u00eam direito.<\/p>\n<p>De acordo com o minist\u00e9rio, entre as 196 mil pessoas, h\u00e1 8,3 mil que receber\u00e3o a segunda, a terceira, a quarta e a quinta parcelas do Aux\u00edlio Emergencial. Outras 40,9 mil pessoas receber\u00e3o as tr\u00eas \u00faltimas parcelas.\u00a0 Uma terceira faixa, de quase 68,1 mil cidad\u00e3os, receber\u00e1 a quarta e a quinta parcelas. Por \u00faltimo, 78,3 mil v\u00e3o embolsar somente a quinta parcela.<\/p>\n<p>Os recursos ser\u00e3o depositados na poupan\u00e7a social digital da Caixa e j\u00e1 estar\u00e3o dispon\u00edveis no dia 28, tanto para movimenta\u00e7\u00e3o por meio do aplicativo Caixa Tem, quanto para saques e transfer\u00eancias para outros bancos.<br \/>\n.<\/span><\/p>\n","protected":false},"excerpt":{"rendered":"<p>O governo federal vai pagar, na pr\u00f3xima quinta-feira (28), mais de R$ 248 milh\u00f5es de aux\u00edlio emergencial para 196 mil pessoas. A portaria do Minist\u00e9rio da Cidadania foi publicada hoje (26) no\u00a0Di\u00e1rio Oficial da Uni\u00e3o, ap\u00f3s an\u00e1lise das contesta\u00e7\u00f5es e revis\u00f5es decorrentes de atualiza\u00e7\u00f5es de dados governamentais. O grupo de benefici\u00e1rios inclui cerca de 191 [&hellip;]<\/p>\n","protected":false},"author":1,"featured_media":18358,"comment_status":"open","ping_status":"open","sticky":false,"template":"","format":"standard","meta":{"_uag_custom_page_level_css":"","_monsterinsights_skip_tracking":false,"_monsterinsights_sitenote_active":false,"_monsterinsights_sitenote_note":"","_monsterinsights_sitenote_category":0,"jetpack_post_was_ever_published":false,"_jetpack_newsletter_access":"","_jetpack_dont_email_post_to_subs":false,"_jetpack_newsletter_tier_id":0,"_jetpack_memberships_contains_paywalled_content":false,"_jetpack_memberships_contains_paid_content":false,"footnotes":"","jetpack_publicize_message":"","jetpack_publicize_feature_enabled":true,"jetpack_social_post_already_shared":true,"jetpack_social_options":{"image_generator_settings":{"template":"highway","default_image_id":0,"font":"","enabled":false},"version":2}},"categories":[200],"tags":[],"class_list":["post-18357","post","type-post","status-publish","format-standard","has-post-thumbnail","hentry","category-brasil"],"jetpack_publicize_connections":[],"jetpack_featured_media_url":"https:\/\/blogopara.com.br\/wp-content\/uploads\/2021\/01\/auxilio-emergencial_00288916_0_202101270808.jpg","uagb_featured_image_src":{"full":["https:\/\/blogopara.com.br\/wp-content\/uploads\/2021\/01\/auxilio-emergencial_00288916_0_202101270808.jpg",500,272,false],"thumbnail":["https:\/\/blogopara.com.br\/wp-content\/uploads\/2021\/01\/auxilio-emergencial_00288916_0_202101270808-150x150.jpg",150,150,true],"medium":["https:\/\/blogopara.com.br\/wp-content\/uploads\/2021\/01\/auxilio-emergencial_00288916_0_202101270808-300x163.jpg",300,163,true],"medium_large":["https:\/\/blogopara.com.br\/wp-content\/uploads\/2021\/01\/auxilio-emergencial_00288916_0_202101270808.jpg",500,272,false],"large":["https:\/\/blogopara.com.br\/wp-content\/uploads\/2021\/01\/auxilio-emergencial_00288916_0_202101270808.jpg",500,272,false],"1536x1536":["https:\/\/blogopara.com.br\/wp-content\/uploads\/2021\/01\/auxilio-emergencial_00288916_0_202101270808.jpg",500,272,false],"2048x2048":["https:\/\/blogopara.com.br\/wp-content\/uploads\/2021\/01\/auxilio-emergencial_00288916_0_202101270808.jpg",500,272,false],"mantranews-slider-large":["https:\/\/blogopara.com.br\/wp-content\/uploads\/2021\/01\/auxilio-emergencial_00288916_0_202101270808.jpg",500,272,false],"mantranews-featured-medium":["https:\/\/blogopara.com.br\/wp-content\/uploads\/2021\/01\/auxilio-emergencial_00288916_0_202101270808-420x272.jpg",420,272,true],"mantranews-featured-long":["https:\/\/blogopara.com.br\/wp-content\/uploads\/2021\/01\/auxilio-emergencial_00288916_0_202101270808-300x272.jpg",300,272,true],"mantranews-block-medium":["https:\/\/blogopara.com.br\/wp-content\/uploads\/2021\/01\/auxilio-emergencial_00288916_0_202101270808-464x272.jpg",464,272,true],"mantranews-carousel-image":["https:\/\/blogopara.com.br\/wp-content\/uploads\/2021\/01\/auxilio-emergencial_00288916_0_202101270808.jpg",500,272,false],"mantranews-block-thumb":["https:\/\/blogopara.com.br\/wp-content\/uploads\/2021\/01\/auxilio-emergencial_00288916_0_202101270808-322x230.jpg",322,230,true],"mantranews-single-large":["https:\/\/blogopara.com.br\/wp-content\/uploads\/2021\/01\/auxilio-emergencial_00288916_0_202101270808.jpg",500,272,false]},"uagb_author_info":{"display_name":"Reda\u00e7\u00e3o geral","author_link":"https:\/\/blogopara.com.br\/index.php\/author\/blogopara"},"uagb_comment_info":0,"uagb_excerpt":"O governo federal vai pagar, na pr\u00f3xima quinta-feira (28), mais de R$ 248 milh\u00f5es de aux\u00edlio emergencial para 196 mil pessoas. A portaria do Minist\u00e9rio da Cidadania foi publicada hoje (26) no\u00a0Di\u00e1rio Oficial da Uni\u00e3o, ap\u00f3s an\u00e1lise das contesta\u00e7\u00f5es e revis\u00f5es decorrentes de atualiza\u00e7\u00f5es de dados governamentais. O grupo de benefici\u00e1rios inclui cerca de 191&hellip;","jetpack_sharing_enabled":true,"jetpack_likes_enabled":true,"_links":{"self":[{"href":"https:\/\/blogopara.com.br\/index.php\/wp-json\/wp\/v2\/posts\/18357","targetHints":{"allow":["GET"]}}],"collection":[{"href":"https:\/\/blogopara.com.br\/index.php\/wp-json\/wp\/v2\/posts"}],"about":[{"href":"https:\/\/blogopara.com.br\/index.php\/wp-json\/wp\/v2\/types\/post"}],"author":[{"embeddable":true,"href":"https:\/\/blogopara.com.br\/index.php\/wp-json\/wp\/v2\/users\/1"}],"replies":[{"embeddable":true,"href":"https:\/\/blogopara.com.br\/index.php\/wp-json\/wp\/v2\/comments?post=18357"}],"version-history":[{"count":1,"href":"https:\/\/blogopara.com.br\/index.php\/wp-json\/wp\/v2\/posts\/18357\/revisions"}],"predecessor-version":[{"id":18359,"href":"https:\/\/blogopara.com.br\/index.php\/wp-json\/wp\/v2\/posts\/18357\/revisions\/18359"}],"wp:featuredmedia":[{"embeddable":true,"href":"https:\/\/blogopara.com.br\/index.php\/wp-json\/wp\/v2\/media\/18358"}],"wp:attachment":[{"href":"https:\/\/blogopara.com.br\/index.php\/wp-json\/wp\/v2\/media?parent=18357"}],"wp:term":[{"taxonomy":"category","embeddable":true,"href":"https:\/\/blogopara.com.br\/index.php\/wp-json\/wp\/v2\/categories?post=18357"},{"taxonomy":"post_tag","embeddable":true,"href":"https:\/\/blogopara.com.br\/index.php\/wp-json\/wp\/v2\/tags?post=18357"}],"curies":[{"name":"wp","href":"https:\/\/api.w.org\/{rel}","templated":true}]}}