{"id":18361,"date":"2021-01-27T14:00:00","date_gmt":"2021-01-27T17:00:00","guid":{"rendered":"http:\/\/blogopara.com.br\/?p=18361"},"modified":"2021-01-27T10:27:08","modified_gmt":"2021-01-27T13:27:08","slug":"prefeitura-de-juazeiro-e-central-da-caatinga-firmam-parceria-em-busca-de-fortalecimento-para-seus-projetos-de-comercializacao","status":"publish","type":"post","link":"https:\/\/blogopara.com.br\/index.php\/2021\/01\/27\/prefeitura-de-juazeiro-e-central-da-caatinga-firmam-parceria-em-busca-de-fortalecimento-para-seus-projetos-de-comercializacao","title":{"rendered":"Prefeitura de Juazeiro e Central da Caatinga firmam parceria em busca de fortalecimento para seus projetos de comercializa\u00e7\u00e3o"},"content":{"rendered":"\n<p>Com sede em Juazeiro, representantes da Central da Caatinga, em visita ao gestor da Ag\u00eancia de Desenvolvimento Econ\u00f4mico, Agricultura e Pecu\u00e1ria, Carlos Neiva, buscaram viabilizar apoio \u00e0 comercializa\u00e7\u00e3o das cooperativas e dos n\u00facleos da sua base social, juntamente \u00e0s institui\u00e7\u00f5es e empres\u00e1rios.&nbsp; Ao todo, s\u00e3o nove cooperativas singulares afiliadas e 20 grupos produtivos que se fortalecem atrav\u00e9s de um trabalho em rede com produtos da base familiar, primando pela preserva\u00e7\u00e3o do meio ambiente, fonte principal da mat\u00e9ria-prima.<\/p>\n\n\n\n<p>Com um projeto estruturado e completo, como assist\u00eancia t\u00e9cnica e manejo, a equipe conta com um n\u00facleo que envolve quatro territ\u00f3rios na Bahia, cuja proximidade de rela\u00e7\u00f5es e voca\u00e7\u00f5es econ\u00f4micas beneficia uma produ\u00e7\u00e3o assistida, com v\u00ednculo ao mercado. Essa refer\u00eancia na comercializa\u00e7\u00e3o e consumo de produtos agroecol\u00f3gicos da agricultura familiar, chega para agregar valor e facilitar o di\u00e1logo entre agricultores e empres\u00e1rios.<\/p>\n\n\n\n<p><strong>Miss\u00e3o<\/strong><\/p>\n\n\n\n<p>A miss\u00e3o da central \u00e9 contribuir com o desenvolvimento sustent\u00e1vel dos agricultores e agricultoras familiares do semi\u00e1rido brasileiro. &#8220;\u00c9 um apoio \u00e0s cooperativas como um todo. Estamos \u00e0 disposi\u00e7\u00e3o da Central da Caatinga, para trabalhar diretamente com as organiza\u00e7\u00f5es&#8221;, explica Luzinete Ribeiro, t\u00e9cnica da Companhia de Desenvolvimento e A\u00e7\u00e3o Regional (CAR) e assessora da Central da Caatinga.&nbsp;<\/p>\n\n\n\n<p>Durante a conversa, o titular da ADEAP, Carlos Neiva garantiu que as portas estar\u00e3o abertas. &#8220;Enquanto prefeitura, sob o comando da prefeita Suzana Ramos, nossa miss\u00e3o \u00e9 ter uma vis\u00e3o ampliada para a nano, micro e pequena economia. A prefeitura ser\u00e1 a porta de entrada para as reivindica\u00e7\u00f5es e atender \u00e0s necessidades de todos os grupos produtivos&#8221;, garante o secret\u00e1rio.<\/p>\n\n\n\n<p>Com informa\u00e7\u00f5es da Ascom PMJ<\/p>\n","protected":false},"excerpt":{"rendered":"<p>Com sede em Juazeiro, representantes da Central da Caatinga, em visita ao gestor da Ag\u00eancia de Desenvolvimento Econ\u00f4mico, Agricultura e Pecu\u00e1ria, Carlos Neiva, buscaram viabilizar apoio \u00e0 comercializa\u00e7\u00e3o das cooperativas e dos n\u00facleos da sua base social, juntamente \u00e0s institui\u00e7\u00f5es e empres\u00e1rios.&nbsp; Ao todo, s\u00e3o nove cooperativas singulares afiliadas e 20 grupos produtivos que se [&hellip;]<\/p>\n","protected":false},"author":1,"featured_media":18365,"comment_status":"open","ping_status":"open","sticky":false,"template":"","format":"standard","meta":{"_uag_custom_page_level_css":"","_monsterinsights_skip_tracking":false,"_monsterinsights_sitenote_active":false,"_monsterinsights_sitenote_note":"","_monsterinsights_sitenote_category":0,"jetpack_post_was_ever_published":false,"_jetpack_newsletter_access":"","_jetpack_dont_email_post_to_subs":false,"_jetpack_newsletter_tier_id":0,"_jetpack_memberships_contains_paywalled_content":false,"_jetpack_memberships_contains_paid_content":false,"footnotes":"","jetpack_publicize_message":"","jetpack_publicize_feature_enabled":true,"jetpack_social_post_already_shared":true,"jetpack_social_options":{"image_generator_settings":{"template":"highway","default_image_id":0,"font":"","enabled":false},"version":2}},"categories":[203],"tags":[],"class_list":["post-18361","post","type-post","status-publish","format-standard","has-post-thumbnail","hentry","category-juazeiro"],"jetpack_publicize_connections":[],"jetpack_featured_media_url":"https:\/\/blogopara.com.br\/wp-content\/uploads\/2021\/01\/Representantes-Central-Adeap.jpeg","uagb_featured_image_src":{"full":["https:\/\/blogopara.com.br\/wp-content\/uploads\/2021\/01\/Representantes-Central-Adeap.jpeg",500,375,false],"thumbnail":["https:\/\/blogopara.com.br\/wp-content\/uploads\/2021\/01\/Representantes-Central-Adeap-150x150.jpeg",150,150,true],"medium":["https:\/\/blogopara.com.br\/wp-content\/uploads\/2021\/01\/Representantes-Central-Adeap-300x225.jpeg",300,225,true],"medium_large":["https:\/\/blogopara.com.br\/wp-content\/uploads\/2021\/01\/Representantes-Central-Adeap.jpeg",500,375,false],"large":["https:\/\/blogopara.com.br\/wp-content\/uploads\/2021\/01\/Representantes-Central-Adeap.jpeg",500,375,false],"1536x1536":["https:\/\/blogopara.com.br\/wp-content\/uploads\/2021\/01\/Representantes-Central-Adeap.jpeg",500,375,false],"2048x2048":["https:\/\/blogopara.com.br\/wp-content\/uploads\/2021\/01\/Representantes-Central-Adeap.jpeg",500,375,false],"mantranews-slider-large":["https:\/\/blogopara.com.br\/wp-content\/uploads\/2021\/01\/Representantes-Central-Adeap.jpeg",500,375,false],"mantranews-featured-medium":["https:\/\/blogopara.com.br\/wp-content\/uploads\/2021\/01\/Representantes-Central-Adeap-420x307.jpeg",420,307,true],"mantranews-featured-long":["https:\/\/blogopara.com.br\/wp-content\/uploads\/2021\/01\/Representantes-Central-Adeap-300x375.jpeg",300,375,true],"mantranews-block-medium":["https:\/\/blogopara.com.br\/wp-content\/uploads\/2021\/01\/Representantes-Central-Adeap-464x290.jpeg",464,290,true],"mantranews-carousel-image":["https:\/\/blogopara.com.br\/wp-content\/uploads\/2021\/01\/Representantes-Central-Adeap.jpeg",500,375,false],"mantranews-block-thumb":["https:\/\/blogopara.com.br\/wp-content\/uploads\/2021\/01\/Representantes-Central-Adeap-322x230.jpeg",322,230,true],"mantranews-single-large":["https:\/\/blogopara.com.br\/wp-content\/uploads\/2021\/01\/Representantes-Central-Adeap.jpeg",500,375,false]},"uagb_author_info":{"display_name":"Reda\u00e7\u00e3o geral","author_link":"https:\/\/blogopara.com.br\/index.php\/author\/blogopara"},"uagb_comment_info":0,"uagb_excerpt":"Com sede em Juazeiro, representantes da Central da Caatinga, em visita ao gestor da Ag\u00eancia de Desenvolvimento Econ\u00f4mico, Agricultura e Pecu\u00e1ria, Carlos Neiva, buscaram viabilizar apoio \u00e0 comercializa\u00e7\u00e3o das cooperativas e dos n\u00facleos da sua base social, juntamente \u00e0s institui\u00e7\u00f5es e empres\u00e1rios.&nbsp; Ao todo, s\u00e3o nove cooperativas singulares afiliadas e 20 grupos produtivos que se&hellip;","jetpack_sharing_enabled":true,"jetpack_likes_enabled":true,"_links":{"self":[{"href":"https:\/\/blogopara.com.br\/index.php\/wp-json\/wp\/v2\/posts\/18361","targetHints":{"allow":["GET"]}}],"collection":[{"href":"https:\/\/blogopara.com.br\/index.php\/wp-json\/wp\/v2\/posts"}],"about":[{"href":"https:\/\/blogopara.com.br\/index.php\/wp-json\/wp\/v2\/types\/post"}],"author":[{"embeddable":true,"href":"https:\/\/blogopara.com.br\/index.php\/wp-json\/wp\/v2\/users\/1"}],"replies":[{"embeddable":true,"href":"https:\/\/blogopara.com.br\/index.php\/wp-json\/wp\/v2\/comments?post=18361"}],"version-history":[{"count":1,"href":"https:\/\/blogopara.com.br\/index.php\/wp-json\/wp\/v2\/posts\/18361\/revisions"}],"predecessor-version":[{"id":18366,"href":"https:\/\/blogopara.com.br\/index.php\/wp-json\/wp\/v2\/posts\/18361\/revisions\/18366"}],"wp:featuredmedia":[{"embeddable":true,"href":"https:\/\/blogopara.com.br\/index.php\/wp-json\/wp\/v2\/media\/18365"}],"wp:attachment":[{"href":"https:\/\/blogopara.com.br\/index.php\/wp-json\/wp\/v2\/media?parent=18361"}],"wp:term":[{"taxonomy":"category","embeddable":true,"href":"https:\/\/blogopara.com.br\/index.php\/wp-json\/wp\/v2\/categories?post=18361"},{"taxonomy":"post_tag","embeddable":true,"href":"https:\/\/blogopara.com.br\/index.php\/wp-json\/wp\/v2\/tags?post=18361"}],"curies":[{"name":"wp","href":"https:\/\/api.w.org\/{rel}","templated":true}]}}