{"id":1837,"date":"2019-07-21T09:43:26","date_gmt":"2019-07-21T12:43:26","guid":{"rendered":"http:\/\/blogopara.com.br\/?p=1837"},"modified":"2019-07-21T10:02:10","modified_gmt":"2019-07-21T13:02:10","slug":"beatriz-tem-mae-voces-me-respeitem","status":"publish","type":"post","link":"https:\/\/blogopara.com.br\/index.php\/2019\/07\/21\/beatriz-tem-mae-voces-me-respeitem","title":{"rendered":"\u201cBEATRIZ TEM M\u00c3E, VOC\u00caS ME RESPEITEM!\u201d"},"content":{"rendered":"<p style=\"text-align: justify;\">A hist\u00f3ria vivida e sofrida pela fam\u00edlia da garota Beatriz Mota, assassinada brutalmente em 2015, nas depend\u00eancias do col\u00e9gio Maria Auxiliadora, na cidade de Petrolina-PE, poderia ser mais um assassinato brutal para cair no esquecimento e fazer parte das estat\u00edsticas governamental, se n\u00e3o fosse Beatriz filha de Lucinha Mota e de Sandro Romildo.<\/p>\n<p style=\"text-align: justify;\">O mart\u00edrio de reviver a dor todos os dias, a cada segundo das suas vidas, n\u00e3o deixa que o caso caia no esquecimento obsequioso das autoridades, que parecem querer \u201cmatar\u201d a fam\u00edlia pelo cansa\u00e7o. Por que ficam as perguntas: quem matou Beatriz? o Quem o estado e a pol\u00edcia de Pernambuco quer esconder?<\/p>\n<p style=\"text-align: justify;\">Em luto constante, Lucinha Mota \u00e9 a pr\u00f3pria a representa\u00e7\u00e3o da mulher, brasileira, nordestina em especial, que n\u00e3o arreda o p\u00e9 da amar eternamente a sua cria e por ela lutar incansavelmente at\u00e9 morte. Julgada, mal compreendida, acusada de radicalismo e de fazer da sua (e somente sua dor!) oportunismo pol\u00edtico e pessoal. Ela segue desafiando, como a protagonista do filme \u201cTr\u00eas an\u00fancios para um crime\u201d, que traz hist\u00f3ria de uma m\u00e3e em busca de justi\u00e7a pela morte da filha.<\/p>\n<p style=\"text-align: justify;\">A necessidade de transformar a dor em movimento, levada pela determina\u00e7\u00e3o e a sede de justi\u00e7a, em particular de Lucinha Mota, nos remete a outras hist\u00f3rias de m\u00e3es de determinadas (sempre as m\u00e3es!). As M\u00e3es de Acari, em 1990 ocorreu o desaparecimento de 11 jovens, sendo 7 menores, da favela do Acari no Rio de Janeiro, eles foram retirados de um\u00a0<a href=\"https:\/\/pt.wikipedia.org\/wiki\/S%C3%ADtio\">s\u00edtio<\/a>\u00a0em Suru\u00ed, bairro de\u00a0<a href=\"https:\/\/pt.wikipedia.org\/wiki\/Mag%C3%A9\">Mag\u00e9<\/a>, onde passavam o dia. As M\u00e3es da Candel\u00e1ria, em 1993 aconteceu a morte violenta de oito jovens enquanto dormiam sob uma marquise perto da Igreja da Candel\u00e1ria, no centro do Rio de Janeiro. O crime ficou conhecido como a Chacina da Candel\u00e1ria.<\/p>\n<p style=\"text-align: justify;\">N\u00e3o h\u00e1 outro caminho para ajudar a luta por justi\u00e7a pela morte de Beatriz Mota, sen\u00e3o transformar a dor em solidariedade e amor. O respeito a fam\u00edlia, e reconhecer que as l\u00e1grimas deles descem de nossos rostos da mesma forma, para que sintam que n\u00e3o est\u00e3o s\u00f3. Devemos tornar a busca por justi\u00e7a prioridade primeira de nossas vidas.<\/p>\n<p style=\"text-align: justify;\">\n","protected":false},"excerpt":{"rendered":"<p>Lucinha Mota \u00e9 a pr\u00f3pria representa\u00e7\u00e3o da mulher brasileira, em especial a nordestina.<\/p>\n","protected":false},"author":1,"featured_media":1839,"comment_status":"open","ping_status":"open","sticky":false,"template":"","format":"standard","meta":{"_uag_custom_page_level_css":"","_monsterinsights_skip_tracking":false,"_monsterinsights_sitenote_active":false,"_monsterinsights_sitenote_note":"","_monsterinsights_sitenote_category":0,"jetpack_post_was_ever_published":false,"_jetpack_newsletter_access":"","_jetpack_dont_email_post_to_subs":false,"_jetpack_newsletter_tier_id":0,"_jetpack_memberships_contains_paywalled_content":false,"_jetpack_memberships_contains_paid_content":false,"footnotes":"","jetpack_publicize_message":"","jetpack_publicize_feature_enabled":true,"jetpack_social_post_already_shared":true,"jetpack_social_options":{"image_generator_settings":{"template":"highway","default_image_id":0,"font":"","enabled":false},"version":2}},"categories":[199,200],"tags":[319,170,301,58],"class_list":["post-1837","post","type-post","status-publish","format-standard","has-post-thumbnail","hentry","category-bahia","category-brasil","tag-caso-beatriz-mota","tag-justica","tag-lucinha-mota","tag-petrolina"],"jetpack_publicize_connections":[],"jetpack_featured_media_url":"https:\/\/blogopara.com.br\/wp-content\/uploads\/2019\/07\/beatriax.jpeg","uagb_featured_image_src":{"full":["https:\/\/blogopara.com.br\/wp-content\/uploads\/2019\/07\/beatriax.jpeg",714,405,false],"thumbnail":["https:\/\/blogopara.com.br\/wp-content\/uploads\/2019\/07\/beatriax-150x150.jpeg",150,150,true],"medium":["https:\/\/blogopara.com.br\/wp-content\/uploads\/2019\/07\/beatriax-300x170.jpeg",300,170,true],"medium_large":["https:\/\/blogopara.com.br\/wp-content\/uploads\/2019\/07\/beatriax.jpeg",640,363,false],"large":["https:\/\/blogopara.com.br\/wp-content\/uploads\/2019\/07\/beatriax.jpeg",640,363,false],"1536x1536":["https:\/\/blogopara.com.br\/wp-content\/uploads\/2019\/07\/beatriax.jpeg",714,405,false],"2048x2048":["https:\/\/blogopara.com.br\/wp-content\/uploads\/2019\/07\/beatriax.jpeg",714,405,false],"mantranews-slider-large":["https:\/\/blogopara.com.br\/wp-content\/uploads\/2019\/07\/beatriax.jpeg",714,405,false],"mantranews-featured-medium":["https:\/\/blogopara.com.br\/wp-content\/uploads\/2019\/07\/beatriax.jpeg",420,238,false],"mantranews-featured-long":["https:\/\/blogopara.com.br\/wp-content\/uploads\/2019\/07\/beatriax.jpeg",300,170,false],"mantranews-block-medium":["https:\/\/blogopara.com.br\/wp-content\/uploads\/2019\/07\/beatriax.jpeg",464,263,false],"mantranews-carousel-image":["https:\/\/blogopara.com.br\/wp-content\/uploads\/2019\/07\/beatriax.jpeg",600,340,false],"mantranews-block-thumb":["https:\/\/blogopara.com.br\/wp-content\/uploads\/2019\/07\/beatriax.jpeg",322,183,false],"mantranews-single-large":["https:\/\/blogopara.com.br\/wp-content\/uploads\/2019\/07\/beatriax.jpeg",714,405,false]},"uagb_author_info":{"display_name":"Reda\u00e7\u00e3o geral","author_link":"https:\/\/blogopara.com.br\/index.php\/author\/blogopara"},"uagb_comment_info":0,"uagb_excerpt":"Lucinha Mota \u00e9 a pr\u00f3pria representa\u00e7\u00e3o da mulher brasileira, em especial a nordestina.","jetpack_sharing_enabled":true,"jetpack_likes_enabled":true,"_links":{"self":[{"href":"https:\/\/blogopara.com.br\/index.php\/wp-json\/wp\/v2\/posts\/1837","targetHints":{"allow":["GET"]}}],"collection":[{"href":"https:\/\/blogopara.com.br\/index.php\/wp-json\/wp\/v2\/posts"}],"about":[{"href":"https:\/\/blogopara.com.br\/index.php\/wp-json\/wp\/v2\/types\/post"}],"author":[{"embeddable":true,"href":"https:\/\/blogopara.com.br\/index.php\/wp-json\/wp\/v2\/users\/1"}],"replies":[{"embeddable":true,"href":"https:\/\/blogopara.com.br\/index.php\/wp-json\/wp\/v2\/comments?post=1837"}],"version-history":[{"count":4,"href":"https:\/\/blogopara.com.br\/index.php\/wp-json\/wp\/v2\/posts\/1837\/revisions"}],"predecessor-version":[{"id":1842,"href":"https:\/\/blogopara.com.br\/index.php\/wp-json\/wp\/v2\/posts\/1837\/revisions\/1842"}],"wp:featuredmedia":[{"embeddable":true,"href":"https:\/\/blogopara.com.br\/index.php\/wp-json\/wp\/v2\/media\/1839"}],"wp:attachment":[{"href":"https:\/\/blogopara.com.br\/index.php\/wp-json\/wp\/v2\/media?parent=1837"}],"wp:term":[{"taxonomy":"category","embeddable":true,"href":"https:\/\/blogopara.com.br\/index.php\/wp-json\/wp\/v2\/categories?post=1837"},{"taxonomy":"post_tag","embeddable":true,"href":"https:\/\/blogopara.com.br\/index.php\/wp-json\/wp\/v2\/tags?post=1837"}],"curies":[{"name":"wp","href":"https:\/\/api.w.org\/{rel}","templated":true}]}}