{"id":18415,"date":"2021-01-28T10:00:00","date_gmt":"2021-01-28T13:00:00","guid":{"rendered":"http:\/\/blogopara.com.br\/?p=18415"},"modified":"2021-01-28T09:42:30","modified_gmt":"2021-01-28T12:42:30","slug":"mandetta-teme-que-variante-provoque-megaepidemia-no-brasil-em-60-dias","status":"publish","type":"post","link":"https:\/\/blogopara.com.br\/index.php\/2021\/01\/28\/mandetta-teme-que-variante-provoque-megaepidemia-no-brasil-em-60-dias","title":{"rendered":"Mandetta teme que variante provoque megaepidemia no Brasil em 60 dias"},"content":{"rendered":"\n<p>O ex-ministro da Sa\u00fade Luiz Henrique Mandetta disse, em entrevista \u00e0 TV Cultura, que a variante do novo coronav\u00edrus detectada primeiramente em Manaus pode provocar uma megaepidemia no Brasil em 60 dias.<\/p>\n\n\n\n<p>Na avalia\u00e7\u00e3o de Mandetta, a transfer\u00eancia de pacientes da capital amazonense para outros Estados e a falta de controle podem &#8220;plantar&#8221; a nova cepa em todo o territ\u00f3rio brasileiro, agravando a situa\u00e7\u00e3o da pandemia no Brasil. Sengundo ele, h\u00e1 ind\u00edcios de que a variante aumenta a transmissibilidade do v\u00edrus<\/p>\n\n\n\n<p>Informa\u00e7\u00f5es do UOL<\/p>\n","protected":false},"excerpt":{"rendered":"<p>O ex-ministro da Sa\u00fade Luiz Henrique Mandetta disse, em entrevista \u00e0 TV Cultura, que a variante do novo coronav\u00edrus detectada primeiramente em Manaus pode provocar uma megaepidemia no Brasil em 60 dias. Na avalia\u00e7\u00e3o de Mandetta, a transfer\u00eancia de pacientes da capital amazonense para outros Estados e a falta de controle podem &#8220;plantar&#8221; a nova [&hellip;]<\/p>\n","protected":false},"author":1,"featured_media":18416,"comment_status":"open","ping_status":"open","sticky":false,"template":"","format":"standard","meta":{"_uag_custom_page_level_css":"","_monsterinsights_skip_tracking":false,"_monsterinsights_sitenote_active":false,"_monsterinsights_sitenote_note":"","_monsterinsights_sitenote_category":0,"jetpack_post_was_ever_published":false,"_jetpack_newsletter_access":"","_jetpack_dont_email_post_to_subs":false,"_jetpack_newsletter_tier_id":0,"_jetpack_memberships_contains_paywalled_content":false,"_jetpack_memberships_contains_paid_content":false,"footnotes":"","jetpack_publicize_message":"","jetpack_publicize_feature_enabled":true,"jetpack_social_post_already_shared":true,"jetpack_social_options":{"image_generator_settings":{"template":"highway","default_image_id":0,"font":"","enabled":false},"version":2}},"categories":[200,205],"tags":[],"class_list":["post-18415","post","type-post","status-publish","format-standard","has-post-thumbnail","hentry","category-brasil","category-saude"],"jetpack_publicize_connections":[],"jetpack_featured_media_url":"https:\/\/blogopara.com.br\/wp-content\/uploads\/2021\/01\/luiz-henrique-mandetta-.jpg","uagb_featured_image_src":{"full":["https:\/\/blogopara.com.br\/wp-content\/uploads\/2021\/01\/luiz-henrique-mandetta-.jpg",500,281,false],"thumbnail":["https:\/\/blogopara.com.br\/wp-content\/uploads\/2021\/01\/luiz-henrique-mandetta--150x150.jpg",150,150,true],"medium":["https:\/\/blogopara.com.br\/wp-content\/uploads\/2021\/01\/luiz-henrique-mandetta--300x169.jpg",300,169,true],"medium_large":["https:\/\/blogopara.com.br\/wp-content\/uploads\/2021\/01\/luiz-henrique-mandetta-.jpg",500,281,false],"large":["https:\/\/blogopara.com.br\/wp-content\/uploads\/2021\/01\/luiz-henrique-mandetta-.jpg",500,281,false],"1536x1536":["https:\/\/blogopara.com.br\/wp-content\/uploads\/2021\/01\/luiz-henrique-mandetta-.jpg",500,281,false],"2048x2048":["https:\/\/blogopara.com.br\/wp-content\/uploads\/2021\/01\/luiz-henrique-mandetta-.jpg",500,281,false],"mantranews-slider-large":["https:\/\/blogopara.com.br\/wp-content\/uploads\/2021\/01\/luiz-henrique-mandetta-.jpg",500,281,false],"mantranews-featured-medium":["https:\/\/blogopara.com.br\/wp-content\/uploads\/2021\/01\/luiz-henrique-mandetta--420x281.jpg",420,281,true],"mantranews-featured-long":["https:\/\/blogopara.com.br\/wp-content\/uploads\/2021\/01\/luiz-henrique-mandetta--300x281.jpg",300,281,true],"mantranews-block-medium":["https:\/\/blogopara.com.br\/wp-content\/uploads\/2021\/01\/luiz-henrique-mandetta--464x281.jpg",464,281,true],"mantranews-carousel-image":["https:\/\/blogopara.com.br\/wp-content\/uploads\/2021\/01\/luiz-henrique-mandetta-.jpg",500,281,false],"mantranews-block-thumb":["https:\/\/blogopara.com.br\/wp-content\/uploads\/2021\/01\/luiz-henrique-mandetta--322x230.jpg",322,230,true],"mantranews-single-large":["https:\/\/blogopara.com.br\/wp-content\/uploads\/2021\/01\/luiz-henrique-mandetta-.jpg",500,281,false]},"uagb_author_info":{"display_name":"Reda\u00e7\u00e3o geral","author_link":"https:\/\/blogopara.com.br\/index.php\/author\/blogopara"},"uagb_comment_info":0,"uagb_excerpt":"O ex-ministro da Sa\u00fade Luiz Henrique Mandetta disse, em entrevista \u00e0 TV Cultura, que a variante do novo coronav\u00edrus detectada primeiramente em Manaus pode provocar uma megaepidemia no Brasil em 60 dias. Na avalia\u00e7\u00e3o de Mandetta, a transfer\u00eancia de pacientes da capital amazonense para outros Estados e a falta de controle podem &#8220;plantar&#8221; a nova&hellip;","jetpack_sharing_enabled":true,"jetpack_likes_enabled":true,"_links":{"self":[{"href":"https:\/\/blogopara.com.br\/index.php\/wp-json\/wp\/v2\/posts\/18415","targetHints":{"allow":["GET"]}}],"collection":[{"href":"https:\/\/blogopara.com.br\/index.php\/wp-json\/wp\/v2\/posts"}],"about":[{"href":"https:\/\/blogopara.com.br\/index.php\/wp-json\/wp\/v2\/types\/post"}],"author":[{"embeddable":true,"href":"https:\/\/blogopara.com.br\/index.php\/wp-json\/wp\/v2\/users\/1"}],"replies":[{"embeddable":true,"href":"https:\/\/blogopara.com.br\/index.php\/wp-json\/wp\/v2\/comments?post=18415"}],"version-history":[{"count":1,"href":"https:\/\/blogopara.com.br\/index.php\/wp-json\/wp\/v2\/posts\/18415\/revisions"}],"predecessor-version":[{"id":18417,"href":"https:\/\/blogopara.com.br\/index.php\/wp-json\/wp\/v2\/posts\/18415\/revisions\/18417"}],"wp:featuredmedia":[{"embeddable":true,"href":"https:\/\/blogopara.com.br\/index.php\/wp-json\/wp\/v2\/media\/18416"}],"wp:attachment":[{"href":"https:\/\/blogopara.com.br\/index.php\/wp-json\/wp\/v2\/media?parent=18415"}],"wp:term":[{"taxonomy":"category","embeddable":true,"href":"https:\/\/blogopara.com.br\/index.php\/wp-json\/wp\/v2\/categories?post=18415"},{"taxonomy":"post_tag","embeddable":true,"href":"https:\/\/blogopara.com.br\/index.php\/wp-json\/wp\/v2\/tags?post=18415"}],"curies":[{"name":"wp","href":"https:\/\/api.w.org\/{rel}","templated":true}]}}