{"id":18468,"date":"2021-01-30T08:36:00","date_gmt":"2021-01-30T11:36:00","guid":{"rendered":"http:\/\/blogopara.com.br\/?p=18468"},"modified":"2021-01-29T13:27:29","modified_gmt":"2021-01-29T16:27:29","slug":"juazeiro-canal-da-avenida-luiz-inacio-tem-placas-danificadas","status":"publish","type":"post","link":"https:\/\/blogopara.com.br\/index.php\/2021\/01\/30\/juazeiro-canal-da-avenida-luiz-inacio-tem-placas-danificadas","title":{"rendered":"Juazeiro: Canal da Avenida Luiz In\u00e1cio tem placas danificadas"},"content":{"rendered":"\n<p class=\"has-text-align-justify\">Moradores no entorno dos Bairros Novo Encontro, Centen\u00e1rio e Maria Gorete chamaram a aten\u00e7\u00e3o para placas danificadas no Canal da Avenida Luiz In\u00e1cio Lula da Silva. A cal\u00e7ada paralela ao canal \u00e9 utilizada por moradores da \u00e1rea para algumas atividades f\u00edsicas, al\u00e9m de trafegar muitas crian\u00e7as pelo local.<\/p>\n\n\n\n<p class=\"has-text-align-justify\">Em dezembro do ano passado, o Blog Opar\u00e1 j\u00e1 havia publicado um v\u00eddeo mostrando as placas soltas que podem causar acidentes. Em janeiro deste ano, a Prefeitura de Juazeiro revitalizou o trecho e as placas foram substitu\u00eddas, por\u00e9m outras placas est\u00e3o quebradas. <\/p>\n\n\n\n<p class=\"has-text-align-justify\">De acordo com o popular Joaquim Mendes, as placas do canal devem ser inspecionadas de &#8220;ponta a ponta&#8221;, porque devido \u00e0 salinidade da \u00e1gua do canal e na pr\u00f3pria areia, muitas est\u00e3o se desmanchando.<\/p>\n\n\n\n<p class=\"has-text-align-justify\">\u201cTem que ser feita essa inspe\u00e7\u00e3o, e esse canal em minha opini\u00e3o foi feito para aparecer e n\u00e3o para funcionar. O canal \u00e9 estreito, subdimensionado, quando foi coberto, n\u00e3o foi limpo e h\u00e1 muitos defeitos e erros nessas avenidas. A marginal do canal tem v\u00e1rias ruas que cruzam com elas e essas ruas deveriam ter uma passagem de carros  sobre elas e n\u00e3o tem, tem os desvios que est\u00e3o muito distantes, e isso complica o tr\u00e2nsito\u201d, detalhou.<\/p>\n\n\n\n<p class=\"has-text-align-justify\">Mendes ainda refor\u00e7a, \u201cmeu interesse \u00e9 colaborar, eu devo muito a essa cidade e aprendi a amar Juazeiro como minha terra natal. Eu quero retribuir de alguma forma, passando um pouco daquilo que a vida me ensinou\u201d, finalizou.<\/p>\n\n\n\n<p>Iana Lima Jornalista<\/p>\n","protected":false},"excerpt":{"rendered":"<p>Moradores no entorno dos Bairros Novo Encontro, Centen\u00e1rio e Maria Gorete chamaram a aten\u00e7\u00e3o para placas danificadas no Canal da Avenida Luiz In\u00e1cio Lula da Silva. A cal\u00e7ada paralela ao canal \u00e9 utilizada por moradores da \u00e1rea para algumas atividades f\u00edsicas, al\u00e9m de trafegar muitas crian\u00e7as pelo local. Em dezembro do ano passado, o Blog [&hellip;]<\/p>\n","protected":false},"author":1,"featured_media":18523,"comment_status":"open","ping_status":"open","sticky":false,"template":"","format":"standard","meta":{"_uag_custom_page_level_css":"","_monsterinsights_skip_tracking":false,"_monsterinsights_sitenote_active":false,"_monsterinsights_sitenote_note":"","_monsterinsights_sitenote_category":0,"jetpack_post_was_ever_published":false,"_jetpack_newsletter_access":"","_jetpack_dont_email_post_to_subs":false,"_jetpack_newsletter_tier_id":0,"_jetpack_memberships_contains_paywalled_content":false,"_jetpack_memberships_contains_paid_content":false,"footnotes":"","jetpack_publicize_message":"","jetpack_publicize_feature_enabled":true,"jetpack_social_post_already_shared":true,"jetpack_social_options":{"image_generator_settings":{"template":"highway","default_image_id":0,"font":"","enabled":false},"version":2}},"categories":[1504,207,203],"tags":[],"class_list":["post-18468","post","type-post","status-publish","format-standard","has-post-thumbnail","hentry","category-comunidade","category-denuncia","category-juazeiro"],"jetpack_publicize_connections":[],"jetpack_featured_media_url":"https:\/\/blogopara.com.br\/wp-content\/uploads\/2021\/01\/Canal-1-e1611861845944.jpg","uagb_featured_image_src":{"full":["https:\/\/blogopara.com.br\/wp-content\/uploads\/2021\/01\/Canal-1-e1611861845944.jpg",500,350,false],"thumbnail":["https:\/\/blogopara.com.br\/wp-content\/uploads\/2021\/01\/Canal-1-e1611861845944-150x150.jpg",150,150,true],"medium":["https:\/\/blogopara.com.br\/wp-content\/uploads\/2021\/01\/Canal-1-e1611861845944-300x210.jpg",300,210,true],"medium_large":["https:\/\/blogopara.com.br\/wp-content\/uploads\/2021\/01\/Canal-1-e1611861845944.jpg",500,350,false],"large":["https:\/\/blogopara.com.br\/wp-content\/uploads\/2021\/01\/Canal-1-e1611861845944.jpg",500,350,false],"1536x1536":["https:\/\/blogopara.com.br\/wp-content\/uploads\/2021\/01\/Canal-1-e1611861845944.jpg",500,350,false],"2048x2048":["https:\/\/blogopara.com.br\/wp-content\/uploads\/2021\/01\/Canal-1-e1611861845944.jpg",500,350,false],"mantranews-slider-large":["https:\/\/blogopara.com.br\/wp-content\/uploads\/2021\/01\/Canal-1-e1611861845944.jpg",500,350,false],"mantranews-featured-medium":["https:\/\/blogopara.com.br\/wp-content\/uploads\/2021\/01\/Canal-1-e1611861845944-420x307.jpg",420,307,true],"mantranews-featured-long":["https:\/\/blogopara.com.br\/wp-content\/uploads\/2021\/01\/Canal-1-e1611861845944-300x350.jpg",300,350,true],"mantranews-block-medium":["https:\/\/blogopara.com.br\/wp-content\/uploads\/2021\/01\/Canal-1-e1611861845944-464x290.jpg",464,290,true],"mantranews-carousel-image":["https:\/\/blogopara.com.br\/wp-content\/uploads\/2021\/01\/Canal-1-e1611861845944.jpg",500,350,false],"mantranews-block-thumb":["https:\/\/blogopara.com.br\/wp-content\/uploads\/2021\/01\/Canal-1-e1611861845944-322x230.jpg",322,230,true],"mantranews-single-large":["https:\/\/blogopara.com.br\/wp-content\/uploads\/2021\/01\/Canal-1-e1611861845944.jpg",500,350,false]},"uagb_author_info":{"display_name":"Reda\u00e7\u00e3o geral","author_link":"https:\/\/blogopara.com.br\/index.php\/author\/blogopara"},"uagb_comment_info":0,"uagb_excerpt":"Moradores no entorno dos Bairros Novo Encontro, Centen\u00e1rio e Maria Gorete chamaram a aten\u00e7\u00e3o para placas danificadas no Canal da Avenida Luiz In\u00e1cio Lula da Silva. A cal\u00e7ada paralela ao canal \u00e9 utilizada por moradores da \u00e1rea para algumas atividades f\u00edsicas, al\u00e9m de trafegar muitas crian\u00e7as pelo local. Em dezembro do ano passado, o Blog&hellip;","jetpack_sharing_enabled":true,"jetpack_likes_enabled":true,"_links":{"self":[{"href":"https:\/\/blogopara.com.br\/index.php\/wp-json\/wp\/v2\/posts\/18468","targetHints":{"allow":["GET"]}}],"collection":[{"href":"https:\/\/blogopara.com.br\/index.php\/wp-json\/wp\/v2\/posts"}],"about":[{"href":"https:\/\/blogopara.com.br\/index.php\/wp-json\/wp\/v2\/types\/post"}],"author":[{"embeddable":true,"href":"https:\/\/blogopara.com.br\/index.php\/wp-json\/wp\/v2\/users\/1"}],"replies":[{"embeddable":true,"href":"https:\/\/blogopara.com.br\/index.php\/wp-json\/wp\/v2\/comments?post=18468"}],"version-history":[{"count":5,"href":"https:\/\/blogopara.com.br\/index.php\/wp-json\/wp\/v2\/posts\/18468\/revisions"}],"predecessor-version":[{"id":18526,"href":"https:\/\/blogopara.com.br\/index.php\/wp-json\/wp\/v2\/posts\/18468\/revisions\/18526"}],"wp:featuredmedia":[{"embeddable":true,"href":"https:\/\/blogopara.com.br\/index.php\/wp-json\/wp\/v2\/media\/18523"}],"wp:attachment":[{"href":"https:\/\/blogopara.com.br\/index.php\/wp-json\/wp\/v2\/media?parent=18468"}],"wp:term":[{"taxonomy":"category","embeddable":true,"href":"https:\/\/blogopara.com.br\/index.php\/wp-json\/wp\/v2\/categories?post=18468"},{"taxonomy":"post_tag","embeddable":true,"href":"https:\/\/blogopara.com.br\/index.php\/wp-json\/wp\/v2\/tags?post=18468"}],"curies":[{"name":"wp","href":"https:\/\/api.w.org\/{rel}","templated":true}]}}