{"id":18505,"date":"2021-01-29T08:50:00","date_gmt":"2021-01-29T11:50:00","guid":{"rendered":"http:\/\/blogopara.com.br\/?p=18505"},"modified":"2021-01-29T14:17:54","modified_gmt":"2021-01-29T17:17:54","slug":"prefeitura-de-juazeiro-esclarece-sobre-a-fiscalizacao-de-calcadas-e-passeios-publicos","status":"publish","type":"post","link":"https:\/\/blogopara.com.br\/index.php\/2021\/01\/29\/prefeitura-de-juazeiro-esclarece-sobre-a-fiscalizacao-de-calcadas-e-passeios-publicos","title":{"rendered":"Prefeitura de Juazeiro esclarece sobre a fiscaliza\u00e7\u00e3o de cal\u00e7adas e passeios p\u00fablicos"},"content":{"rendered":"\n<p>Em resposta a mat\u00e9ria divulgada no Blog , <a href=\"https:\/\/blogopara.com.br\/index.php\/2021\/01\/28\/juazeiro-populares-fazem-as-calcadas-e-passeios-publicos-de-estacionamento-e-deposito-de-entulho\" data-type=\"post\" data-id=\"18462\">Juazeiro: Populares fazem as cal\u00e7adas e passeios p\u00fablicos de estacionamento e dep\u00f3sito de entulho<\/a>, a prefeitura de Juazeiro enviou nota esclarecendo sobre a fiscaliza\u00e7\u00e3o nas cal\u00e7adas e passeios p\u00fablicos. Confiram a nota: <\/p>\n\n\n\n<p class=\"has-text-align-justify\"><em>A Prefeita de Juazeiro esclarece que a acessibilidade \u00e9 um pilar indispens\u00e1vel para a mobilidade urbana do munic\u00edpio. Por isso, a gest\u00e3o Suzana Ramos tem se empenhado para tentar resolver problemas como esse, de estacionamento em locais indevidos ou proibidos que venham a comprometer a acessibilidade da popula\u00e7\u00e3o.<\/em><\/p>\n\n\n\n<p class=\"has-text-align-justify\"><em>As equipes da Companhia de Seguran\u00e7a, Tr\u00e2nsito e Transporte (CSTT) de Juazeiro t\u00eam realizado a\u00e7\u00f5es educativas em pontos estrat\u00e9gicos da cidade e intensificado as fiscaliza\u00e7\u00f5es, desde o in\u00edcio do ano, para coibir esse tipo de infra\u00e7\u00e3o. Segundo o artigo 181, inciso XX, do C\u00f3digo Brasileiro de Tr\u00e2nsito (CTB), \u201cnas vagas reservadas \u00e0s pessoas com defici\u00eancia ou idosos, sem credencial que comprove tal condi\u00e7\u00e3o: Infra\u00e7\u00e3o grav\u00edssima (7 pontos na CNH); Penalidade &#8211; multa: R$ 293,47 e Medida administrativa &#8211; remo\u00e7\u00e3o do ve\u00edculo\u201d.<\/em><\/p>\n\n\n\n<p class=\"has-text-align-justify\"><em>A Secretaria de Servi\u00e7os P\u00fablicos (SESP) e a Secretaria de Meio Ambiente e Ordenamento Urbano (SEMAURB), por exemplo, est\u00e3o iniciando uma parceria nas a\u00e7\u00f5es de limpeza e preserva\u00e7\u00e3o ao meio ambiente. Quanto ao ac\u00famulo de lixo e restos de constru\u00e7\u00e3o, um plano de a\u00e7\u00e3o j\u00e1 est\u00e1 sendo estudado e as fiscaliza\u00e7\u00f5es v\u00e3o acontecer com base na Lei. N\u00e3o havendo colabora\u00e7\u00e3o, a SEMAURB ir\u00e1 notificar quem descumprir as normas.<\/em><\/p>\n\n\n\n<p class=\"has-text-align-justify\"><em>Unidas por uma Juazeiro mais digna para todos, as secretarias est\u00e3o trabalhando incansavelmente para deixar a cidade mais limpa e organizada.<\/em><\/p>\n\n\n\n<p>ASCOM PMJ<\/p>\n\n\n\n<h2 class=\"wp-block-heading\"><\/h2>\n\n\n\n<p><\/p>\n","protected":false},"excerpt":{"rendered":"<p>Em resposta a mat\u00e9ria divulgada no Blog , Juazeiro: Populares fazem as cal\u00e7adas e passeios p\u00fablicos de estacionamento e dep\u00f3sito de entulho, a prefeitura de Juazeiro enviou nota esclarecendo sobre a fiscaliza\u00e7\u00e3o nas cal\u00e7adas e passeios p\u00fablicos. Confiram a nota: A Prefeita de Juazeiro esclarece que a acessibilidade \u00e9 um pilar indispens\u00e1vel para a mobilidade [&hellip;]<\/p>\n","protected":false},"author":1,"featured_media":18495,"comment_status":"open","ping_status":"open","sticky":false,"template":"","format":"standard","meta":{"_uag_custom_page_level_css":"","_monsterinsights_skip_tracking":false,"_monsterinsights_sitenote_active":false,"_monsterinsights_sitenote_note":"","_monsterinsights_sitenote_category":0,"jetpack_post_was_ever_published":false,"_jetpack_newsletter_access":"","_jetpack_dont_email_post_to_subs":false,"_jetpack_newsletter_tier_id":0,"_jetpack_memberships_contains_paywalled_content":false,"_jetpack_memberships_contains_paid_content":false,"footnotes":"","jetpack_publicize_message":"","jetpack_publicize_feature_enabled":true,"jetpack_social_post_already_shared":true,"jetpack_social_options":{"image_generator_settings":{"template":"highway","default_image_id":0,"font":"","enabled":false},"version":2}},"categories":[1504,203],"tags":[],"class_list":["post-18505","post","type-post","status-publish","format-standard","has-post-thumbnail","hentry","category-comunidade","category-juazeiro"],"jetpack_publicize_connections":[],"jetpack_featured_media_url":"https:\/\/blogopara.com.br\/wp-content\/uploads\/2021\/01\/Avenida-Cardoso-de-Sa-860-Centro-Empresarial-Sergio-Cabral-sala-19-2o-andar.-6.jpg","uagb_featured_image_src":{"full":["https:\/\/blogopara.com.br\/wp-content\/uploads\/2021\/01\/Avenida-Cardoso-de-Sa-860-Centro-Empresarial-Sergio-Cabral-sala-19-2o-andar.-6.jpg",500,281,false],"thumbnail":["https:\/\/blogopara.com.br\/wp-content\/uploads\/2021\/01\/Avenida-Cardoso-de-Sa-860-Centro-Empresarial-Sergio-Cabral-sala-19-2o-andar.-6-150x150.jpg",150,150,true],"medium":["https:\/\/blogopara.com.br\/wp-content\/uploads\/2021\/01\/Avenida-Cardoso-de-Sa-860-Centro-Empresarial-Sergio-Cabral-sala-19-2o-andar.-6-300x169.jpg",300,169,true],"medium_large":["https:\/\/blogopara.com.br\/wp-content\/uploads\/2021\/01\/Avenida-Cardoso-de-Sa-860-Centro-Empresarial-Sergio-Cabral-sala-19-2o-andar.-6.jpg",500,281,false],"large":["https:\/\/blogopara.com.br\/wp-content\/uploads\/2021\/01\/Avenida-Cardoso-de-Sa-860-Centro-Empresarial-Sergio-Cabral-sala-19-2o-andar.-6.jpg",500,281,false],"1536x1536":["https:\/\/blogopara.com.br\/wp-content\/uploads\/2021\/01\/Avenida-Cardoso-de-Sa-860-Centro-Empresarial-Sergio-Cabral-sala-19-2o-andar.-6.jpg",500,281,false],"2048x2048":["https:\/\/blogopara.com.br\/wp-content\/uploads\/2021\/01\/Avenida-Cardoso-de-Sa-860-Centro-Empresarial-Sergio-Cabral-sala-19-2o-andar.-6.jpg",500,281,false],"mantranews-slider-large":["https:\/\/blogopara.com.br\/wp-content\/uploads\/2021\/01\/Avenida-Cardoso-de-Sa-860-Centro-Empresarial-Sergio-Cabral-sala-19-2o-andar.-6.jpg",500,281,false],"mantranews-featured-medium":["https:\/\/blogopara.com.br\/wp-content\/uploads\/2021\/01\/Avenida-Cardoso-de-Sa-860-Centro-Empresarial-Sergio-Cabral-sala-19-2o-andar.-6-420x281.jpg",420,281,true],"mantranews-featured-long":["https:\/\/blogopara.com.br\/wp-content\/uploads\/2021\/01\/Avenida-Cardoso-de-Sa-860-Centro-Empresarial-Sergio-Cabral-sala-19-2o-andar.-6-300x281.jpg",300,281,true],"mantranews-block-medium":["https:\/\/blogopara.com.br\/wp-content\/uploads\/2021\/01\/Avenida-Cardoso-de-Sa-860-Centro-Empresarial-Sergio-Cabral-sala-19-2o-andar.-6-464x281.jpg",464,281,true],"mantranews-carousel-image":["https:\/\/blogopara.com.br\/wp-content\/uploads\/2021\/01\/Avenida-Cardoso-de-Sa-860-Centro-Empresarial-Sergio-Cabral-sala-19-2o-andar.-6.jpg",500,281,false],"mantranews-block-thumb":["https:\/\/blogopara.com.br\/wp-content\/uploads\/2021\/01\/Avenida-Cardoso-de-Sa-860-Centro-Empresarial-Sergio-Cabral-sala-19-2o-andar.-6-322x230.jpg",322,230,true],"mantranews-single-large":["https:\/\/blogopara.com.br\/wp-content\/uploads\/2021\/01\/Avenida-Cardoso-de-Sa-860-Centro-Empresarial-Sergio-Cabral-sala-19-2o-andar.-6.jpg",500,281,false]},"uagb_author_info":{"display_name":"Reda\u00e7\u00e3o geral","author_link":"https:\/\/blogopara.com.br\/index.php\/author\/blogopara"},"uagb_comment_info":0,"uagb_excerpt":"Em resposta a mat\u00e9ria divulgada no Blog , Juazeiro: Populares fazem as cal\u00e7adas e passeios p\u00fablicos de estacionamento e dep\u00f3sito de entulho, a prefeitura de Juazeiro enviou nota esclarecendo sobre a fiscaliza\u00e7\u00e3o nas cal\u00e7adas e passeios p\u00fablicos. Confiram a nota: A Prefeita de Juazeiro esclarece que a acessibilidade \u00e9 um pilar indispens\u00e1vel para a mobilidade&hellip;","jetpack_sharing_enabled":true,"jetpack_likes_enabled":true,"_links":{"self":[{"href":"https:\/\/blogopara.com.br\/index.php\/wp-json\/wp\/v2\/posts\/18505","targetHints":{"allow":["GET"]}}],"collection":[{"href":"https:\/\/blogopara.com.br\/index.php\/wp-json\/wp\/v2\/posts"}],"about":[{"href":"https:\/\/blogopara.com.br\/index.php\/wp-json\/wp\/v2\/types\/post"}],"author":[{"embeddable":true,"href":"https:\/\/blogopara.com.br\/index.php\/wp-json\/wp\/v2\/users\/1"}],"replies":[{"embeddable":true,"href":"https:\/\/blogopara.com.br\/index.php\/wp-json\/wp\/v2\/comments?post=18505"}],"version-history":[{"count":2,"href":"https:\/\/blogopara.com.br\/index.php\/wp-json\/wp\/v2\/posts\/18505\/revisions"}],"predecessor-version":[{"id":18522,"href":"https:\/\/blogopara.com.br\/index.php\/wp-json\/wp\/v2\/posts\/18505\/revisions\/18522"}],"wp:featuredmedia":[{"embeddable":true,"href":"https:\/\/blogopara.com.br\/index.php\/wp-json\/wp\/v2\/media\/18495"}],"wp:attachment":[{"href":"https:\/\/blogopara.com.br\/index.php\/wp-json\/wp\/v2\/media?parent=18505"}],"wp:term":[{"taxonomy":"category","embeddable":true,"href":"https:\/\/blogopara.com.br\/index.php\/wp-json\/wp\/v2\/categories?post=18505"},{"taxonomy":"post_tag","embeddable":true,"href":"https:\/\/blogopara.com.br\/index.php\/wp-json\/wp\/v2\/tags?post=18505"}],"curies":[{"name":"wp","href":"https:\/\/api.w.org\/{rel}","templated":true}]}}