{"id":18575,"date":"2021-01-29T18:20:00","date_gmt":"2021-01-29T21:20:00","guid":{"rendered":"http:\/\/blogopara.com.br\/?p=18575"},"modified":"2021-01-29T16:33:20","modified_gmt":"2021-01-29T19:33:20","slug":"calcadao-no-centro-de-juazeiro-e-ocupado-por-ambulantes-dificultando-a-circulacao-na-via-destinada-a-pedestres","status":"publish","type":"post","link":"https:\/\/blogopara.com.br\/index.php\/2021\/01\/29\/calcadao-no-centro-de-juazeiro-e-ocupado-por-ambulantes-dificultando-a-circulacao-na-via-destinada-a-pedestres","title":{"rendered":"Cal\u00e7ad\u00e3o no Centro de Juazeiro \u00e9 ocupado por ambulantes dificultando a circula\u00e7\u00e3o na via destinada a pedestres"},"content":{"rendered":"<p style=\"text-align: justify;\">O cal\u00e7ad\u00e3o na zona central de Juazeiro (conhecido como cal\u00e7ad\u00e3o antigo) \u00e9 cada dia mais ocupado por vendedores ambulantes que muitas vezes impedem a circula\u00e7\u00e3o de pessoas e atrapalham a visibilidade das lojas que t\u00eam a frente totalmente ocupadas pelas estruturas alternativas. A reclama\u00e7\u00e3o foi enviada ao Blog Opar\u00e1 por um propriet\u00e1rio de loja, que relata os preju\u00edzos pela ocupa\u00e7\u00e3o desordenada do comerciante itinerante.<\/p>\n<p style=\"text-align: justify;\">A reclama\u00e7\u00e3o de comerciantes das lojas baseia-se nos flagras di\u00e1rios de bicicletas que s\u00e3o transformadas em barracas obstruindo a passagem dos pedestres tapando a vis\u00e3o dos consumidores.<\/p>\n<p style=\"text-align: justify;\">\u00a0Eles pedem intensifica\u00e7\u00e3o na fiscaliza\u00e7\u00e3o e ordenamento para que o com\u00e9rcio formal n\u00e3o arque com mais esse preju\u00edzo, j\u00e1 que segundo os comerciantes, muitos consumidores deixam de entrar nas lojas pela dificuldade de acesso ou n\u00e3o s\u00e3o atra\u00eddos pela falta de vis\u00e3o de suas vitrines.<\/p>\n<p style=\"text-align: justify;\">\u201cN\u00f3s entendemos que os ambulantes precisam tamb\u00e9m comercializar os seus produtos, mas \u00e9 necess\u00e1rio que eles tenham um local apropriado para que n\u00e3o atrapalhe a circula\u00e7\u00e3o dos pedestres da via que foi feita exclusivamente para pedestres que transitam no centro comercial com o intuito de realizar compras, ver as vitrines das lojas e isso automaticamente influencia nas vendas dos produtos. Sabemos que eles tamb\u00e9m precisam de oportunidade para ganhar dinheiro, mas \u00e9 necess\u00e1rio que haja um cadastro para tentar a regulariza\u00e7\u00e3o com a prefeitura e principalmente um local apropriado para que esses comerciantes informais possam trabalhar\u201d, cita o lojista, que pede anonimato.<\/p>\n<p style=\"text-align: justify;\">Algumas estruturas dos ambulantes chegam a ocupar mais da metade do cal\u00e7ad\u00e3o reservado para o tr\u00e2nsito de pessoas. A Reda\u00e7\u00e3o do Blog Opar\u00e1 entrou em contato com a Ascom da PMJ e aguarda informa\u00e7\u00f5es sobre as medidas que dever\u00e3o ser adotadas pela nova gest\u00e3o municipal.<\/p>\n<p><em>Da Reda\u00e7\u00e3o<\/em><\/p>\n","protected":false},"excerpt":{"rendered":"<p>O cal\u00e7ad\u00e3o na zona central de Juazeiro (conhecido como cal\u00e7ad\u00e3o antigo) \u00e9 cada dia mais ocupado por vendedores ambulantes que muitas vezes impedem a circula\u00e7\u00e3o de pessoas e atrapalham a visibilidade das lojas que t\u00eam a frente totalmente ocupadas pelas estruturas alternativas. A reclama\u00e7\u00e3o foi enviada ao Blog Opar\u00e1 por um propriet\u00e1rio de loja, que [&hellip;]<\/p>\n","protected":false},"author":1,"featured_media":18576,"comment_status":"open","ping_status":"open","sticky":false,"template":"","format":"standard","meta":{"_uag_custom_page_level_css":"","_monsterinsights_skip_tracking":false,"_monsterinsights_sitenote_active":false,"_monsterinsights_sitenote_note":"","_monsterinsights_sitenote_category":0,"jetpack_post_was_ever_published":false,"_jetpack_newsletter_access":"","_jetpack_dont_email_post_to_subs":false,"_jetpack_newsletter_tier_id":0,"_jetpack_memberships_contains_paywalled_content":false,"_jetpack_memberships_contains_paid_content":false,"footnotes":"","jetpack_publicize_message":"","jetpack_publicize_feature_enabled":true,"jetpack_social_post_already_shared":true,"jetpack_social_options":{"image_generator_settings":{"template":"highway","default_image_id":0,"font":"","enabled":false},"version":2}},"categories":[206,203],"tags":[1515,1516,9],"class_list":["post-18575","post","type-post","status-publish","format-standard","has-post-thumbnail","hentry","category-economia","category-juazeiro","tag-calcadao","tag-comercio","tag-juazeiro"],"jetpack_publicize_connections":[],"jetpack_featured_media_url":"https:\/\/blogopara.com.br\/wp-content\/uploads\/2021\/01\/ambulantescalcadao.jpg","uagb_featured_image_src":{"full":["https:\/\/blogopara.com.br\/wp-content\/uploads\/2021\/01\/ambulantescalcadao.jpg",500,500,false],"thumbnail":["https:\/\/blogopara.com.br\/wp-content\/uploads\/2021\/01\/ambulantescalcadao-150x150.jpg",150,150,true],"medium":["https:\/\/blogopara.com.br\/wp-content\/uploads\/2021\/01\/ambulantescalcadao-300x300.jpg",300,300,true],"medium_large":["https:\/\/blogopara.com.br\/wp-content\/uploads\/2021\/01\/ambulantescalcadao.jpg",500,500,false],"large":["https:\/\/blogopara.com.br\/wp-content\/uploads\/2021\/01\/ambulantescalcadao.jpg",500,500,false],"1536x1536":["https:\/\/blogopara.com.br\/wp-content\/uploads\/2021\/01\/ambulantescalcadao.jpg",500,500,false],"2048x2048":["https:\/\/blogopara.com.br\/wp-content\/uploads\/2021\/01\/ambulantescalcadao.jpg",500,500,false],"mantranews-slider-large":["https:\/\/blogopara.com.br\/wp-content\/uploads\/2021\/01\/ambulantescalcadao.jpg",500,500,false],"mantranews-featured-medium":["https:\/\/blogopara.com.br\/wp-content\/uploads\/2021\/01\/ambulantescalcadao-420x307.jpg",420,307,true],"mantranews-featured-long":["https:\/\/blogopara.com.br\/wp-content\/uploads\/2021\/01\/ambulantescalcadao-300x443.jpg",300,443,true],"mantranews-block-medium":["https:\/\/blogopara.com.br\/wp-content\/uploads\/2021\/01\/ambulantescalcadao-464x290.jpg",464,290,true],"mantranews-carousel-image":["https:\/\/blogopara.com.br\/wp-content\/uploads\/2021\/01\/ambulantescalcadao.jpg",500,500,false],"mantranews-block-thumb":["https:\/\/blogopara.com.br\/wp-content\/uploads\/2021\/01\/ambulantescalcadao-322x230.jpg",322,230,true],"mantranews-single-large":["https:\/\/blogopara.com.br\/wp-content\/uploads\/2021\/01\/ambulantescalcadao.jpg",500,500,false]},"uagb_author_info":{"display_name":"Reda\u00e7\u00e3o geral","author_link":"https:\/\/blogopara.com.br\/index.php\/author\/blogopara"},"uagb_comment_info":0,"uagb_excerpt":"O cal\u00e7ad\u00e3o na zona central de Juazeiro (conhecido como cal\u00e7ad\u00e3o antigo) \u00e9 cada dia mais ocupado por vendedores ambulantes que muitas vezes impedem a circula\u00e7\u00e3o de pessoas e atrapalham a visibilidade das lojas que t\u00eam a frente totalmente ocupadas pelas estruturas alternativas. A reclama\u00e7\u00e3o foi enviada ao Blog Opar\u00e1 por um propriet\u00e1rio de loja, que&hellip;","jetpack_sharing_enabled":true,"jetpack_likes_enabled":true,"_links":{"self":[{"href":"https:\/\/blogopara.com.br\/index.php\/wp-json\/wp\/v2\/posts\/18575","targetHints":{"allow":["GET"]}}],"collection":[{"href":"https:\/\/blogopara.com.br\/index.php\/wp-json\/wp\/v2\/posts"}],"about":[{"href":"https:\/\/blogopara.com.br\/index.php\/wp-json\/wp\/v2\/types\/post"}],"author":[{"embeddable":true,"href":"https:\/\/blogopara.com.br\/index.php\/wp-json\/wp\/v2\/users\/1"}],"replies":[{"embeddable":true,"href":"https:\/\/blogopara.com.br\/index.php\/wp-json\/wp\/v2\/comments?post=18575"}],"version-history":[{"count":2,"href":"https:\/\/blogopara.com.br\/index.php\/wp-json\/wp\/v2\/posts\/18575\/revisions"}],"predecessor-version":[{"id":18579,"href":"https:\/\/blogopara.com.br\/index.php\/wp-json\/wp\/v2\/posts\/18575\/revisions\/18579"}],"wp:featuredmedia":[{"embeddable":true,"href":"https:\/\/blogopara.com.br\/index.php\/wp-json\/wp\/v2\/media\/18576"}],"wp:attachment":[{"href":"https:\/\/blogopara.com.br\/index.php\/wp-json\/wp\/v2\/media?parent=18575"}],"wp:term":[{"taxonomy":"category","embeddable":true,"href":"https:\/\/blogopara.com.br\/index.php\/wp-json\/wp\/v2\/categories?post=18575"},{"taxonomy":"post_tag","embeddable":true,"href":"https:\/\/blogopara.com.br\/index.php\/wp-json\/wp\/v2\/tags?post=18575"}],"curies":[{"name":"wp","href":"https:\/\/api.w.org\/{rel}","templated":true}]}}