{"id":1860,"date":"2019-07-21T19:11:54","date_gmt":"2019-07-21T22:11:54","guid":{"rendered":"http:\/\/blogopara.com.br\/?p=1860"},"modified":"2019-07-21T19:12:06","modified_gmt":"2019-07-21T22:12:06","slug":"lingua-de-bolsonaro-tornou-se-lider-da-oposicao","status":"publish","type":"post","link":"https:\/\/blogopara.com.br\/index.php\/2019\/07\/21\/lingua-de-bolsonaro-tornou-se-lider-da-oposicao","title":{"rendered":"L\u00edngua de Bolsonaro tornou-se l\u00edder da oposi\u00e7\u00e3o"},"content":{"rendered":"<p style=\"text-align: justify;\">A l\u00edngua de Jair Bolsonaro ganhou vida pr\u00f3pria. Aventura-se no ramo da magia. Ela fala dez vezes antes que o presidente consiga pensar. A cada nova frase retira um gamb\u00e1 da cartola. Os truques causam danos insond\u00e1veis. De raro em raro, o presidente consegue farejar o mau cheiro. \u00c0s vezes, manda a assessoria corrigir as maluquices. Mas o Planalto est\u00e1 sempre um passo atr\u00e1s da l\u00edngua, que se sente \u00e0 vontade para produzir crises em s\u00e9rie.<\/p>\n<p style=\"text-align: justify;\">&#8220;Falar que se passa fome no Brasil \u00e9 uma grande mentira&#8221;, disse ela, a l\u00edngua, envergonhando o presidente e o pa\u00eds numa mesa em que os gar\u00e7ons do Planalto serviam a jornalistas estrangeiros guloseimas num caf\u00e9 da manh\u00e3. Um desjejum \u00a0custeado pelos brasileiros dos quais o fisco arranca tudo a for\u00e7a, e depois chama de contribuintes.<\/p>\n<p style=\"text-align: justify;\">&#8220;A quest\u00e3o do Inpe, eu tenho a convic\u00e7\u00e3o que os dados s\u00e3o mentirosos, e n\u00f3s vamos chamar aqui o presidente do Inpe para conversar sobre isso, e ponto final nessa quest\u00e3o&#8221;, declarou a l\u00edngua. O ponto \u00e9 de partida, n\u00e3o final, pois h\u00e1 um ponto fraco na tese: os dados do Inpe informam que o desmatamento na Amaz\u00f4nia disparou na primeira metade de julho. Superou toda a taxa registrada no mesmo m\u00eas no ano passado. Servindo-se dos l\u00e1bios de Bolsonaro, a l\u00edngua propagou uma vers\u00e3o mentirosa sobre a realidade ambiental do pa\u00eds.<\/p>\n<p style=\"text-align: justify;\">As mentiras sobre a fome e o desmatamento n\u00e3o pegaram bem. O flerte com a censura pegou mal. Tratar nordestinos como sub-brasileiros e discriminar governadores de oposi\u00e7\u00e3o pegou muito mal. A desinforma\u00e7\u00e3o nas manchetes sobre a legisla\u00e7\u00e3o trabalhista pegou ainda pior. Caluniar uma rep\u00f3rter respeit\u00e1vel potencializou o surto de barbaridades.<\/p>\n<pre>Fonte: Blog do Josias<\/pre>\n","protected":false},"excerpt":{"rendered":"<p>Dif\u00edcil prever quais ser\u00e3o os pr\u00f3ximos lances da guerra que Bolsonaro trava contra a l\u00f3gica e o bom senso. Por enquanto, a \u00fanica certeza dispon\u00edvel \u00e9 a seguinte: a l\u00edngua do presidente tornou-se l\u00edder da oposi\u00e7\u00e3o. <\/p>\n","protected":false},"author":1,"featured_media":1861,"comment_status":"open","ping_status":"open","sticky":false,"template":"","format":"standard","meta":{"_uag_custom_page_level_css":"","_monsterinsights_skip_tracking":false,"_monsterinsights_sitenote_active":false,"_monsterinsights_sitenote_note":"","_monsterinsights_sitenote_category":0,"jetpack_post_was_ever_published":false,"_jetpack_newsletter_access":"","_jetpack_dont_email_post_to_subs":false,"_jetpack_newsletter_tier_id":0,"_jetpack_memberships_contains_paywalled_content":false,"_jetpack_memberships_contains_paid_content":false,"footnotes":"","jetpack_publicize_message":"","jetpack_publicize_feature_enabled":true,"jetpack_social_post_already_shared":true,"jetpack_social_options":{"image_generator_settings":{"template":"highway","default_image_id":0,"font":"","enabled":false},"version":2}},"categories":[200],"tags":[21,325],"class_list":["post-1860","post","type-post","status-publish","format-standard","has-post-thumbnail","hentry","category-brasil","tag-bolsonaro","tag-coletiva"],"jetpack_publicize_connections":[],"jetpack_featured_media_url":"https:\/\/blogopara.com.br\/wp-content\/uploads\/2019\/07\/BolsonaroJorgeVillegasXinhua.jpg","uagb_featured_image_src":{"full":["https:\/\/blogopara.com.br\/wp-content\/uploads\/2019\/07\/BolsonaroJorgeVillegasXinhua.jpg",2400,1600,false],"thumbnail":["https:\/\/blogopara.com.br\/wp-content\/uploads\/2019\/07\/BolsonaroJorgeVillegasXinhua-150x150.jpg",150,150,true],"medium":["https:\/\/blogopara.com.br\/wp-content\/uploads\/2019\/07\/BolsonaroJorgeVillegasXinhua-300x200.jpg",300,200,true],"medium_large":["https:\/\/blogopara.com.br\/wp-content\/uploads\/2019\/07\/BolsonaroJorgeVillegasXinhua-768x512.jpg",640,427,true],"large":["https:\/\/blogopara.com.br\/wp-content\/uploads\/2019\/07\/BolsonaroJorgeVillegasXinhua-1024x683.jpg",640,427,true],"1536x1536":["https:\/\/blogopara.com.br\/wp-content\/uploads\/2019\/07\/BolsonaroJorgeVillegasXinhua.jpg",1536,1024,false],"2048x2048":["https:\/\/blogopara.com.br\/wp-content\/uploads\/2019\/07\/BolsonaroJorgeVillegasXinhua.jpg",2048,1365,false],"mantranews-slider-large":["https:\/\/blogopara.com.br\/wp-content\/uploads\/2019\/07\/BolsonaroJorgeVillegasXinhua.jpg",1020,680,false],"mantranews-featured-medium":["https:\/\/blogopara.com.br\/wp-content\/uploads\/2019\/07\/BolsonaroJorgeVillegasXinhua.jpg",420,280,false],"mantranews-featured-long":["https:\/\/blogopara.com.br\/wp-content\/uploads\/2019\/07\/BolsonaroJorgeVillegasXinhua.jpg",300,200,false],"mantranews-block-medium":["https:\/\/blogopara.com.br\/wp-content\/uploads\/2019\/07\/BolsonaroJorgeVillegasXinhua.jpg",435,290,false],"mantranews-carousel-image":["https:\/\/blogopara.com.br\/wp-content\/uploads\/2019\/07\/BolsonaroJorgeVillegasXinhua.jpg",600,400,false],"mantranews-block-thumb":["https:\/\/blogopara.com.br\/wp-content\/uploads\/2019\/07\/BolsonaroJorgeVillegasXinhua.jpg",322,215,false],"mantranews-single-large":["https:\/\/blogopara.com.br\/wp-content\/uploads\/2019\/07\/BolsonaroJorgeVillegasXinhua.jpg",963,642,false]},"uagb_author_info":{"display_name":"Reda\u00e7\u00e3o geral","author_link":"https:\/\/blogopara.com.br\/index.php\/author\/blogopara"},"uagb_comment_info":0,"uagb_excerpt":"Dif\u00edcil prever quais ser\u00e3o os pr\u00f3ximos lances da guerra que Bolsonaro trava contra a l\u00f3gica e o bom senso. Por enquanto, a \u00fanica certeza dispon\u00edvel \u00e9 a seguinte: a l\u00edngua do presidente tornou-se l\u00edder da oposi\u00e7\u00e3o.","jetpack_sharing_enabled":true,"jetpack_likes_enabled":true,"_links":{"self":[{"href":"https:\/\/blogopara.com.br\/index.php\/wp-json\/wp\/v2\/posts\/1860","targetHints":{"allow":["GET"]}}],"collection":[{"href":"https:\/\/blogopara.com.br\/index.php\/wp-json\/wp\/v2\/posts"}],"about":[{"href":"https:\/\/blogopara.com.br\/index.php\/wp-json\/wp\/v2\/types\/post"}],"author":[{"embeddable":true,"href":"https:\/\/blogopara.com.br\/index.php\/wp-json\/wp\/v2\/users\/1"}],"replies":[{"embeddable":true,"href":"https:\/\/blogopara.com.br\/index.php\/wp-json\/wp\/v2\/comments?post=1860"}],"version-history":[{"count":1,"href":"https:\/\/blogopara.com.br\/index.php\/wp-json\/wp\/v2\/posts\/1860\/revisions"}],"predecessor-version":[{"id":1862,"href":"https:\/\/blogopara.com.br\/index.php\/wp-json\/wp\/v2\/posts\/1860\/revisions\/1862"}],"wp:featuredmedia":[{"embeddable":true,"href":"https:\/\/blogopara.com.br\/index.php\/wp-json\/wp\/v2\/media\/1861"}],"wp:attachment":[{"href":"https:\/\/blogopara.com.br\/index.php\/wp-json\/wp\/v2\/media?parent=1860"}],"wp:term":[{"taxonomy":"category","embeddable":true,"href":"https:\/\/blogopara.com.br\/index.php\/wp-json\/wp\/v2\/categories?post=1860"},{"taxonomy":"post_tag","embeddable":true,"href":"https:\/\/blogopara.com.br\/index.php\/wp-json\/wp\/v2\/tags?post=1860"}],"curies":[{"name":"wp","href":"https:\/\/api.w.org\/{rel}","templated":true}]}}