{"id":18620,"date":"2021-01-30T09:23:00","date_gmt":"2021-01-30T12:23:00","guid":{"rendered":"http:\/\/blogopara.com.br\/?p=18620"},"modified":"2021-01-30T10:53:32","modified_gmt":"2021-01-30T13:53:32","slug":"juazeiro-dia-nacional-da-visibilidade-trans-e-celebrado-com-proposta-de-projetos-inclusivos-e-transformadores","status":"publish","type":"post","link":"https:\/\/blogopara.com.br\/index.php\/2021\/01\/30\/juazeiro-dia-nacional-da-visibilidade-trans-e-celebrado-com-proposta-de-projetos-inclusivos-e-transformadores","title":{"rendered":"Juazeiro: Dia Nacional da Visibilidade Trans \u00e9 celebrado com proposta de projetos inclusivos e transformadores"},"content":{"rendered":"<p class=\"x_MsoNormal\" style=\"text-align: justify;\">29 de janeiro \u00e9 o Dia Nacional da Visibilidade Trans, data criada no pa\u00eds em 2004 para ressaltar a import\u00e2ncia da diversidade e respeito ao Movimento Trans. Em Juazeiro, uma importante reuni\u00e3o entre a prefeita Suzana Ramos e representantes da comunidade Trans no munic\u00edpio marcou a data. O encontro foi organizado pela Secretaria de Desenvolvimento Social, Mulher e Diversidade (SEDES).<\/p>\n<p class=\"x_MsoNormal\" style=\"text-align: justify;\">Os representantes da comunidade trans apresentaram \u00e0 prefeita Suzana duas propostas de projetos para esse p\u00fablico. O primeiro \u00e9 o \u201cTRANSi\u00e7\u00e3o para TRANSformar\u201d, que sugere a cria\u00e7\u00e3o de um ambulat\u00f3rio espec\u00edfico com profissionais interdisciplinares para atendimento de pessoas transexuais na rede de aten\u00e7\u00e3o b\u00e1sica de Juazeiro. Um dos objetivos \u00e9 auxiliar as pessoas em processo de transi\u00e7\u00e3o de sexo a conseguirem tratamento hormonal com acompanhamento m\u00e9dico.<\/p>\n<p class=\"x_MsoNormal\" style=\"text-align: justify;\">O outro projeto denominado \u201cTRANScrever \u00e9 meu direito\u201d prop\u00f5e facilitar o acesso \u00e0 retifica\u00e7\u00e3o do nome social para as pessoas trans. Em depoimento \u00e0 prefeita, uma das criadoras dos projetos contou um pouco da experi\u00eancia que viveu. \u201cPara eu conseguir mudar meu nome na \u00e9poca eu enfrentei muita burocracia, porque eu n\u00e3o tinha dinheiro, n\u00e3o sabia o valor dos documentos, n\u00e3o tive o direcionamento certo, praticamente n\u00e3o tive nenhum apoio. Ent\u00e3o por tudo o que eu passei, eu quero que outras pessoas trans aqui em Juazeiro tenham um acompanhamento, tanto homens quanto mulheres, para que realmente consigam adequar o nome social, de uma forma mais f\u00e1cil e menos burocr\u00e1tica\u201d, explicou Luna Carvalho, supervisora da pasta LGBT, da SEDES.<\/p>\n<p class=\"x_MsoNormal\" style=\"text-align: justify;\"><b>Apoio<\/b><\/p>\n<p class=\"x_MsoNormal\" style=\"text-align: justify;\">Depois de ouvir os depoimentos dos representantes da comunidade trans em Juazeiro, Suzana Ramos disse que o munic\u00edpio vai apoiar a causa LGBT e trans na cidade. \u201cEu ouvi atentamente nessa reuni\u00e3o os depoimentos, o quanto muitas pessoas trans sofrem, ent\u00e3o vamos analisar com muito carinho as propostas, principalmente na \u00e1rea da sa\u00fade, j\u00e1 que elas precisam de um atendimento espec\u00edfico.&nbsp; Eu sempre falo que n\u00f3s devemos nos colocar no lugar do outro\u201d, frisou Suzana.<\/p>\n<p class=\"x_MsoNormal\" style=\"text-align: justify;\"><b>Primeiros passos<\/b><\/p>\n<p class=\"x_MsoNormal\" style=\"text-align: justify;\">Para a Diretora de Diversidade da SEDES, Eva Suene Rodrigues, os projetos apresentados podem ajudar a dar mais visibilidade aos direitos das pessoas trans em Juazeiro. \u201cA comunidade trans muitas vezes \u00e9 discriminada e v\u00edtima de preconceitos, tanto quanto a conquista do nome social, como no acesso ao atendimento m\u00e9dico.&nbsp; Como o lema da nova gest\u00e3o municipal \u00e9 cuidar de gente, cuidar das pessoas, n\u00e3o poderia ser diferente na Diretoria de Diversidade. E a gente vem abra\u00e7ando a causa trans. Esses s\u00e3o projetos lindos, que com certeza foram abra\u00e7ados pela prefeita e a gente vai dar continuidade e fazer um bom trabalho. \u00c9 um primeiro passo de muitos outros que vir\u00e3o\u201d, finalizou Eva Suene.<\/p>\n<p class=\"x_MsoNormal\" style=\"text-align: justify;\">Fotos: Marcel Leimig<\/p>\n<p class=\"x_MsoNormal\" style=\"text-align: justify;\">Texto: Ed\u00edsia Santos \u2013 assessora da Prefeita Suzana Ramos<\/p>\n","protected":false},"excerpt":{"rendered":"<p>29 de janeiro \u00e9 o Dia Nacional da Visibilidade Trans, data criada no pa\u00eds em 2004 para ressaltar a import\u00e2ncia da diversidade e respeito ao Movimento Trans. Em Juazeiro, uma importante reuni\u00e3o entre a prefeita Suzana Ramos e representantes da comunidade Trans no munic\u00edpio marcou a data. O encontro foi organizado pela Secretaria de Desenvolvimento [&hellip;]<\/p>\n","protected":false},"author":1,"featured_media":18621,"comment_status":"open","ping_status":"open","sticky":false,"template":"","format":"standard","meta":{"_uag_custom_page_level_css":"","_monsterinsights_skip_tracking":false,"_monsterinsights_sitenote_active":false,"_monsterinsights_sitenote_note":"","_monsterinsights_sitenote_category":0,"jetpack_post_was_ever_published":false,"_jetpack_newsletter_access":"","_jetpack_dont_email_post_to_subs":false,"_jetpack_newsletter_tier_id":0,"_jetpack_memberships_contains_paywalled_content":false,"_jetpack_memberships_contains_paid_content":false,"footnotes":"","jetpack_publicize_message":"","jetpack_publicize_feature_enabled":true,"jetpack_social_post_already_shared":true,"jetpack_social_options":{"image_generator_settings":{"template":"highway","default_image_id":0,"font":"","enabled":false},"version":2}},"categories":[203,197,204],"tags":[1520,1508,1519],"class_list":["post-18620","post","type-post","status-publish","format-standard","has-post-thumbnail","hentry","category-juazeiro","category-politica","category-social","tag-igualdade","tag-suzana-ramos","tag-trans"],"jetpack_publicize_connections":[],"jetpack_featured_media_url":"https:\/\/blogopara.com.br\/wp-content\/uploads\/2021\/01\/Projeto-Trans-3.jpeg","uagb_featured_image_src":{"full":["https:\/\/blogopara.com.br\/wp-content\/uploads\/2021\/01\/Projeto-Trans-3.jpeg",500,333,false],"thumbnail":["https:\/\/blogopara.com.br\/wp-content\/uploads\/2021\/01\/Projeto-Trans-3-150x150.jpeg",150,150,true],"medium":["https:\/\/blogopara.com.br\/wp-content\/uploads\/2021\/01\/Projeto-Trans-3-300x200.jpeg",300,200,true],"medium_large":["https:\/\/blogopara.com.br\/wp-content\/uploads\/2021\/01\/Projeto-Trans-3.jpeg",500,333,false],"large":["https:\/\/blogopara.com.br\/wp-content\/uploads\/2021\/01\/Projeto-Trans-3.jpeg",500,333,false],"1536x1536":["https:\/\/blogopara.com.br\/wp-content\/uploads\/2021\/01\/Projeto-Trans-3.jpeg",500,333,false],"2048x2048":["https:\/\/blogopara.com.br\/wp-content\/uploads\/2021\/01\/Projeto-Trans-3.jpeg",500,333,false],"mantranews-slider-large":["https:\/\/blogopara.com.br\/wp-content\/uploads\/2021\/01\/Projeto-Trans-3.jpeg",500,333,false],"mantranews-featured-medium":["https:\/\/blogopara.com.br\/wp-content\/uploads\/2021\/01\/Projeto-Trans-3-420x307.jpeg",420,307,true],"mantranews-featured-long":["https:\/\/blogopara.com.br\/wp-content\/uploads\/2021\/01\/Projeto-Trans-3-300x333.jpeg",300,333,true],"mantranews-block-medium":["https:\/\/blogopara.com.br\/wp-content\/uploads\/2021\/01\/Projeto-Trans-3-464x290.jpeg",464,290,true],"mantranews-carousel-image":["https:\/\/blogopara.com.br\/wp-content\/uploads\/2021\/01\/Projeto-Trans-3.jpeg",500,333,false],"mantranews-block-thumb":["https:\/\/blogopara.com.br\/wp-content\/uploads\/2021\/01\/Projeto-Trans-3-322x230.jpeg",322,230,true],"mantranews-single-large":["https:\/\/blogopara.com.br\/wp-content\/uploads\/2021\/01\/Projeto-Trans-3.jpeg",500,333,false]},"uagb_author_info":{"display_name":"Reda\u00e7\u00e3o geral","author_link":"https:\/\/blogopara.com.br\/index.php\/author\/blogopara"},"uagb_comment_info":0,"uagb_excerpt":"29 de janeiro \u00e9 o Dia Nacional da Visibilidade Trans, data criada no pa\u00eds em 2004 para ressaltar a import\u00e2ncia da diversidade e respeito ao Movimento Trans. Em Juazeiro, uma importante reuni\u00e3o entre a prefeita Suzana Ramos e representantes da comunidade Trans no munic\u00edpio marcou a data. O encontro foi organizado pela Secretaria de Desenvolvimento&hellip;","jetpack_sharing_enabled":true,"jetpack_likes_enabled":true,"_links":{"self":[{"href":"https:\/\/blogopara.com.br\/index.php\/wp-json\/wp\/v2\/posts\/18620","targetHints":{"allow":["GET"]}}],"collection":[{"href":"https:\/\/blogopara.com.br\/index.php\/wp-json\/wp\/v2\/posts"}],"about":[{"href":"https:\/\/blogopara.com.br\/index.php\/wp-json\/wp\/v2\/types\/post"}],"author":[{"embeddable":true,"href":"https:\/\/blogopara.com.br\/index.php\/wp-json\/wp\/v2\/users\/1"}],"replies":[{"embeddable":true,"href":"https:\/\/blogopara.com.br\/index.php\/wp-json\/wp\/v2\/comments?post=18620"}],"version-history":[{"count":2,"href":"https:\/\/blogopara.com.br\/index.php\/wp-json\/wp\/v2\/posts\/18620\/revisions"}],"predecessor-version":[{"id":18638,"href":"https:\/\/blogopara.com.br\/index.php\/wp-json\/wp\/v2\/posts\/18620\/revisions\/18638"}],"wp:featuredmedia":[{"embeddable":true,"href":"https:\/\/blogopara.com.br\/index.php\/wp-json\/wp\/v2\/media\/18621"}],"wp:attachment":[{"href":"https:\/\/blogopara.com.br\/index.php\/wp-json\/wp\/v2\/media?parent=18620"}],"wp:term":[{"taxonomy":"category","embeddable":true,"href":"https:\/\/blogopara.com.br\/index.php\/wp-json\/wp\/v2\/categories?post=18620"},{"taxonomy":"post_tag","embeddable":true,"href":"https:\/\/blogopara.com.br\/index.php\/wp-json\/wp\/v2\/tags?post=18620"}],"curies":[{"name":"wp","href":"https:\/\/api.w.org\/{rel}","templated":true}]}}