{"id":18668,"date":"2021-01-31T14:00:00","date_gmt":"2021-01-31T17:00:00","guid":{"rendered":"http:\/\/blogopara.com.br\/?p=18668"},"modified":"2021-01-31T12:50:11","modified_gmt":"2021-01-31T15:50:11","slug":"nova-mesa-diretora-da-assembleia-legislativa-da-bahia-sera-eleita-nesta-segunda-1","status":"publish","type":"post","link":"https:\/\/blogopara.com.br\/index.php\/2021\/01\/31\/nova-mesa-diretora-da-assembleia-legislativa-da-bahia-sera-eleita-nesta-segunda-1","title":{"rendered":"Nova mesa diretora da Assembleia Legislativa da Bahia ser\u00e1 eleita nesta segunda (1)"},"content":{"rendered":"\n<p><em>Deputado Adolfo Menezes (PSD) \u00e9 candidato \u00fanico<\/em><\/p>\n\n\n\n<p class=\"has-text-align-justify\">A nova mesa diretora da Assembleia Legislativa da Bahia (Alba) ser\u00e1 eleita nesta segunda (1\u00aa) a partir das 14h30. A vota\u00e7\u00e3o secreta presencial observar\u00e1, segundo informou a ALBA, o protocolo sanit\u00e1rio exigido pela pandemia do coronav\u00edrus, inclusive com a limita\u00e7\u00e3o de presen\u00e7as no plen\u00e1rio. Apenas 30 parlamentares e t\u00e9cnicos essenciais ao desenvolvimento dos trabalhos ser\u00e3o admitidos simultaneamente no local. A sala do cafezinho e o sagu\u00e3o Nestor Duarte ser\u00e3o reservados para os deputados aguardarem o momento de votar.<\/p>\n\n\n\n<p class=\"has-text-align-justify\">A vota\u00e7\u00e3 ser\u00e1 dirigida pelo presidente Nelson Leal (PP), que no primeiro momento explicar\u00e1 a sistem\u00e1tica da vota\u00e7\u00e3o. Em seguida todos os pretendentes a postos na Mesa Diretora dever\u00e3o lan\u00e7ar suas candidaturas para cada cargo. Um acordo de lideran\u00e7as pode resultar na feitura de uma chapa \u00fanica, mas candidaturas avulsas podem ser colocadas na disputa at\u00e9 o in\u00edcio da vota\u00e7\u00e3o. Antes de iniciar o processo de vota\u00e7\u00e3o, o deputado Nelson Leal far\u00e1 o seu discurso de despedida da presid\u00eancia, um pronunciamento em que realizar\u00e1 um breve relato da gest\u00e3o que se encerra.<\/p>\n\n\n\n<p class=\"has-text-align-justify\">A sess\u00e3o pode ser acompanhada atrav\u00e9s da TV Assembleia e do facebook do Legislativo, que transmitir\u00e3o ao vivo. O acesso \u00e0 bancada jornalista Jos\u00e9 Carlos Prata, utilizado pela imprensa credenciada na ALBA ser\u00e1, por quest\u00e3o de espa\u00e7o, restrito \u00e0s equipes de televis\u00e3o. Os representantes dos demais \u00f3rg\u00e3os de imprensa s\u00f3 poder\u00e3o acompanhar os trabalhos das salas das comiss\u00f5es \u2013 que estar\u00e3o todas abertas \u2013 ou do segundo piso da galeria deputado Paulo Jackson.<\/p>\n\n\n\n<p class=\"has-text-align-justify\">O governador Rui Costa j\u00e1 confirmou presen\u00e7a virtual na sess\u00e3o solene em que apresentar\u00e1 a sua mensagem anual ao Legislativo pela internet para evitar aglomera\u00e7\u00f5es. \u00c9 a primeira vez na hist\u00f3ria que o governante deixa de ir pessoalmente a ALBA.<\/p>\n\n\n\n<p>Com informa\u00e7\u00f5es do Correio 24horas.<\/p>\n","protected":false},"excerpt":{"rendered":"<p>Deputado Adolfo Menezes (PSD) \u00e9 candidato \u00fanico A nova mesa diretora da Assembleia Legislativa da Bahia (Alba) ser\u00e1 eleita nesta segunda (1\u00aa) a partir das 14h30. A vota\u00e7\u00e3o secreta presencial observar\u00e1, segundo informou a ALBA, o protocolo sanit\u00e1rio exigido pela pandemia do coronav\u00edrus, inclusive com a limita\u00e7\u00e3o de presen\u00e7as no plen\u00e1rio. Apenas 30 parlamentares e [&hellip;]<\/p>\n","protected":false},"author":1,"featured_media":18669,"comment_status":"open","ping_status":"open","sticky":false,"template":"","format":"standard","meta":{"_uag_custom_page_level_css":"","_monsterinsights_skip_tracking":false,"_monsterinsights_sitenote_active":false,"_monsterinsights_sitenote_note":"","_monsterinsights_sitenote_category":0,"jetpack_post_was_ever_published":false,"_jetpack_newsletter_access":"","_jetpack_dont_email_post_to_subs":false,"_jetpack_newsletter_tier_id":0,"_jetpack_memberships_contains_paywalled_content":false,"_jetpack_memberships_contains_paid_content":false,"footnotes":"","jetpack_publicize_message":"","jetpack_publicize_feature_enabled":true,"jetpack_social_post_already_shared":true,"jetpack_social_options":{"image_generator_settings":{"template":"highway","default_image_id":0,"font":"","enabled":false},"version":2}},"categories":[199,197],"tags":[],"class_list":["post-18668","post","type-post","status-publish","format-standard","has-post-thumbnail","hentry","category-bahia","category-politica"],"jetpack_publicize_connections":[],"jetpack_featured_media_url":"https:\/\/blogopara.com.br\/wp-content\/uploads\/2021\/01\/ALBA.jpg","uagb_featured_image_src":{"full":["https:\/\/blogopara.com.br\/wp-content\/uploads\/2021\/01\/ALBA.jpg",500,281,false],"thumbnail":["https:\/\/blogopara.com.br\/wp-content\/uploads\/2021\/01\/ALBA-150x150.jpg",150,150,true],"medium":["https:\/\/blogopara.com.br\/wp-content\/uploads\/2021\/01\/ALBA-300x169.jpg",300,169,true],"medium_large":["https:\/\/blogopara.com.br\/wp-content\/uploads\/2021\/01\/ALBA.jpg",500,281,false],"large":["https:\/\/blogopara.com.br\/wp-content\/uploads\/2021\/01\/ALBA.jpg",500,281,false],"1536x1536":["https:\/\/blogopara.com.br\/wp-content\/uploads\/2021\/01\/ALBA.jpg",500,281,false],"2048x2048":["https:\/\/blogopara.com.br\/wp-content\/uploads\/2021\/01\/ALBA.jpg",500,281,false],"mantranews-slider-large":["https:\/\/blogopara.com.br\/wp-content\/uploads\/2021\/01\/ALBA.jpg",500,281,false],"mantranews-featured-medium":["https:\/\/blogopara.com.br\/wp-content\/uploads\/2021\/01\/ALBA-420x281.jpg",420,281,true],"mantranews-featured-long":["https:\/\/blogopara.com.br\/wp-content\/uploads\/2021\/01\/ALBA-300x281.jpg",300,281,true],"mantranews-block-medium":["https:\/\/blogopara.com.br\/wp-content\/uploads\/2021\/01\/ALBA-464x281.jpg",464,281,true],"mantranews-carousel-image":["https:\/\/blogopara.com.br\/wp-content\/uploads\/2021\/01\/ALBA.jpg",500,281,false],"mantranews-block-thumb":["https:\/\/blogopara.com.br\/wp-content\/uploads\/2021\/01\/ALBA-322x230.jpg",322,230,true],"mantranews-single-large":["https:\/\/blogopara.com.br\/wp-content\/uploads\/2021\/01\/ALBA.jpg",500,281,false]},"uagb_author_info":{"display_name":"Reda\u00e7\u00e3o geral","author_link":"https:\/\/blogopara.com.br\/index.php\/author\/blogopara"},"uagb_comment_info":0,"uagb_excerpt":"Deputado Adolfo Menezes (PSD) \u00e9 candidato \u00fanico A nova mesa diretora da Assembleia Legislativa da Bahia (Alba) ser\u00e1 eleita nesta segunda (1\u00aa) a partir das 14h30. A vota\u00e7\u00e3o secreta presencial observar\u00e1, segundo informou a ALBA, o protocolo sanit\u00e1rio exigido pela pandemia do coronav\u00edrus, inclusive com a limita\u00e7\u00e3o de presen\u00e7as no plen\u00e1rio. Apenas 30 parlamentares e&hellip;","jetpack_sharing_enabled":true,"jetpack_likes_enabled":true,"_links":{"self":[{"href":"https:\/\/blogopara.com.br\/index.php\/wp-json\/wp\/v2\/posts\/18668","targetHints":{"allow":["GET"]}}],"collection":[{"href":"https:\/\/blogopara.com.br\/index.php\/wp-json\/wp\/v2\/posts"}],"about":[{"href":"https:\/\/blogopara.com.br\/index.php\/wp-json\/wp\/v2\/types\/post"}],"author":[{"embeddable":true,"href":"https:\/\/blogopara.com.br\/index.php\/wp-json\/wp\/v2\/users\/1"}],"replies":[{"embeddable":true,"href":"https:\/\/blogopara.com.br\/index.php\/wp-json\/wp\/v2\/comments?post=18668"}],"version-history":[{"count":1,"href":"https:\/\/blogopara.com.br\/index.php\/wp-json\/wp\/v2\/posts\/18668\/revisions"}],"predecessor-version":[{"id":18670,"href":"https:\/\/blogopara.com.br\/index.php\/wp-json\/wp\/v2\/posts\/18668\/revisions\/18670"}],"wp:featuredmedia":[{"embeddable":true,"href":"https:\/\/blogopara.com.br\/index.php\/wp-json\/wp\/v2\/media\/18669"}],"wp:attachment":[{"href":"https:\/\/blogopara.com.br\/index.php\/wp-json\/wp\/v2\/media?parent=18668"}],"wp:term":[{"taxonomy":"category","embeddable":true,"href":"https:\/\/blogopara.com.br\/index.php\/wp-json\/wp\/v2\/categories?post=18668"},{"taxonomy":"post_tag","embeddable":true,"href":"https:\/\/blogopara.com.br\/index.php\/wp-json\/wp\/v2\/tags?post=18668"}],"curies":[{"name":"wp","href":"https:\/\/api.w.org\/{rel}","templated":true}]}}