{"id":18715,"date":"2021-02-01T08:40:00","date_gmt":"2021-02-01T11:40:00","guid":{"rendered":"http:\/\/blogopara.com.br\/?p=18715"},"modified":"2021-02-01T08:16:23","modified_gmt":"2021-02-01T11:16:23","slug":"juazeiro-recebeu-mais-630-doses-de-coronavac-neste-domingo","status":"publish","type":"post","link":"https:\/\/blogopara.com.br\/index.php\/2021\/02\/01\/juazeiro-recebeu-mais-630-doses-de-coronavac-neste-domingo","title":{"rendered":"Juazeiro recebeu mais 630 doses de CoronaVac neste domingo"},"content":{"rendered":"<p style=\"text-align: justify;\">Neste domingo (31), Juazeiro recebeu do governo federal, atrav\u00e9s da Secretaria de Sa\u00fade Bahia, mais 630 doses da vacina contra a covid-19, a CoronaVac (Butantan). Nessa Fase 1 da campanha de imuniza\u00e7\u00e3o,\u00a0 foram recebidas em\u00a0 15 dias, 5.250 doses &#8211; sendo 3.180 da fabricada pelo instituto brasileiro Butantan e 2.070 doses da vacina AstraZeneca (Oxford\/Fiocruz).<\/p>\n<p style=\"text-align: justify;\">Com as primeiras doses recebidas, a Secretaria de Sa\u00fade de Juazeiro enviou unidades volantes para atender nos postos de trabalho, profissionais de sa\u00fade da rede hospitalar, Samu, idosos em casas de longa perman\u00eancia e trabalhadores da sa\u00fade nas unidades b\u00e1sicas da sede e do interior.<\/p>\n<p style=\"text-align: justify;\">De acordo com o Plano Municipal de Imuniza\u00e7\u00e3o, a Fase 1 deve vacinar idosos em casas de abrigo, profissionais de sa\u00fade e ind\u00edgenas que vivem em aldeias. Juazeiro mapeou o p\u00fablico alvo. S\u00e3o 7.385 idosos nessa etapa da campanha e 6.887 profissionais de sa\u00fade. Juazeiro ainda n\u00e3o atingiu todo o p\u00fablico-alvo porque n\u00e3o recebeu vacina suficiente.<\/p>\n<p style=\"text-align: justify;\">Nesta segunda-feira, 1\u00b0 de fevereiro, ter\u00e1 in\u00edcio a vacina\u00e7\u00e3o contra a Covid-19 em idosos acima de 90 anos. De acordo com a Superintend\u00eancia de Vigil\u00e2ncia em Sa\u00fade, tanto os idosos da zona rural quanto os da sede, nessa faixa et\u00e1ria, receber\u00e3o a vacina nessa Fase 1.<\/p>\n<p style=\"text-align: justify;\"><strong>\u00a0<\/strong><strong>Controle<\/strong><\/p>\n<p style=\"text-align: justify;\">Para o controle das doses recebidas e aplicadas, o usu\u00e1rio dever\u00e1 apresentar ao vacinador os cart\u00f5es de vacina e do SUS, e o CPF. A cada dose aplicada, a Secretaria de Sa\u00fade vai anotar nome, endere\u00e7o, nome da m\u00e3e do vacinado, laborat\u00f3rio fabricante da vacina, lote e data de validade do imunizante. A primeira e segunda doses precisam ser do mesmo laborat\u00f3rio fabricante.<strong>\u00a0<\/strong><\/p>\n<p style=\"text-align: justify;\"><strong>Idosos acima de 90 anos<\/strong><\/p>\n<p style=\"text-align: justify;\">As Unidades B\u00e1sicas de Sa\u00fade para vacina\u00e7\u00e3o s\u00e3o as UBS\u2019s: Santo Ant\u00f4nio e Mu\u00e7amb\u00ea, Quid\u00e9, Alto da Alian\u00e7a, Dom Tom\u00e1s, Jo\u00e3o Paulo II\u00a0\u00a0 e Alto da Maravilha.O funcionamento \u00e9 das 7h \u00e0s 17h. S\u00e3o<\/p>\n<p style=\"text-align: justify;\"><strong>Profissionais de sa\u00fade<\/strong><\/p>\n<p style=\"text-align: justify;\">O posto de atendimento ser\u00e1 o Centro de Sa\u00fade III, no Angary, de segunda a sexta-feira,\u00a0 das 13h \u00e0s 17h. O trabalhador da sa\u00fade deve apresentar a carteira do conselho e comprovante de v\u00ednculo empregat\u00edcio.<\/p>\n<p style=\"text-align: justify;\"><strong>Fases da campanha<\/strong><\/p>\n<p style=\"text-align: justify;\">A vacina\u00e7\u00e3o no pa\u00eds dever\u00e1 acontecer de forma escalonada, em quatro fases, priorizando diferentes grupos da popula\u00e7\u00e3o, conforme a seguir:<\/p>\n<p style=\"text-align: justify;\">Fase 1: Trabalhadores da \u00e1rea de sa\u00fade, idosos com mais de 75 anos, brasileiros acima de 60 anos que vivem em Institui\u00e7\u00f5es de Longa Perman\u00eancia para Idosos \u2013 ILPI (abrigos, asilos, casa de acolhimento, etc), popula\u00e7\u00e3o ind\u00edgena aldeada, comunidades tradicionais e ribeirinhas. Pessoas a partir de 18 anos de idade com defici\u00eancia, residentes em Resid\u00eancias Inclusivas (institucionalizadas).<\/p>\n<p style=\"text-align: justify;\">Fase 2: Idosos de 60 a 74 anos em qualquer situa\u00e7\u00e3o.<\/p>\n<p style=\"text-align: justify;\">Fase 3: Comorbidades (risco maior de agravamento)<\/p>\n<p style=\"text-align: justify;\">Fase 4: Profissionais da educa\u00e7\u00e3o, profissionais das for\u00e7as de seguran\u00e7a e salvamento, funcion\u00e1rios do sistema prisional e a popula\u00e7\u00e3o privada de liberdade, pessoas em situa\u00e7\u00e3o de rua, pessoas com defici\u00eancia institucionalizadas, pessoas com defici\u00eancia permanente severa, caminhoneiros, trabalhadores de transporte coletivo rodovi\u00e1rio e metroferrovi\u00e1rio de passageiros, trabalhadores de transporte a\u00e9reo e trabalhadores portu\u00e1rios. A vacina\u00e7\u00e3o nas fases descritas ocorrer\u00e1 de acordo ao percentual de doses recebidas pelo munic\u00edpio, conforme programa\u00e7\u00e3o disponibilizada pelo Minist\u00e9rio.<\/p>\n<p style=\"text-align: justify;\"><em>Ascom da PMJ<\/em><\/p>\n","protected":false},"excerpt":{"rendered":"<p>Neste domingo (31), Juazeiro recebeu do governo federal, atrav\u00e9s da Secretaria de Sa\u00fade Bahia, mais 630 doses da vacina contra a covid-19, a CoronaVac (Butantan). Nessa Fase 1 da campanha de imuniza\u00e7\u00e3o,\u00a0 foram recebidas em\u00a0 15 dias, 5.250 doses &#8211; sendo 3.180 da fabricada pelo instituto brasileiro Butantan e 2.070 doses da vacina AstraZeneca (Oxford\/Fiocruz). [&hellip;]<\/p>\n","protected":false},"author":1,"featured_media":18716,"comment_status":"open","ping_status":"open","sticky":false,"template":"","format":"standard","meta":{"_uag_custom_page_level_css":"","_monsterinsights_skip_tracking":false,"_monsterinsights_sitenote_active":false,"_monsterinsights_sitenote_note":"","_monsterinsights_sitenote_category":0,"jetpack_post_was_ever_published":false,"_jetpack_newsletter_access":"","_jetpack_dont_email_post_to_subs":false,"_jetpack_newsletter_tier_id":0,"_jetpack_memberships_contains_paywalled_content":false,"_jetpack_memberships_contains_paid_content":false,"footnotes":"","jetpack_publicize_message":"","jetpack_publicize_feature_enabled":true,"jetpack_social_post_already_shared":true,"jetpack_social_options":{"image_generator_settings":{"template":"highway","default_image_id":0,"font":"","enabled":false},"version":2}},"categories":[205],"tags":[],"class_list":["post-18715","post","type-post","status-publish","format-standard","has-post-thumbnail","hentry","category-saude"],"jetpack_publicize_connections":[],"jetpack_featured_media_url":"https:\/\/blogopara.com.br\/wp-content\/uploads\/2021\/02\/VACINA-JUAZEIRO-2.jpeg","uagb_featured_image_src":{"full":["https:\/\/blogopara.com.br\/wp-content\/uploads\/2021\/02\/VACINA-JUAZEIRO-2.jpeg",500,374,false],"thumbnail":["https:\/\/blogopara.com.br\/wp-content\/uploads\/2021\/02\/VACINA-JUAZEIRO-2-150x150.jpeg",150,150,true],"medium":["https:\/\/blogopara.com.br\/wp-content\/uploads\/2021\/02\/VACINA-JUAZEIRO-2-300x224.jpeg",300,224,true],"medium_large":["https:\/\/blogopara.com.br\/wp-content\/uploads\/2021\/02\/VACINA-JUAZEIRO-2.jpeg",500,374,false],"large":["https:\/\/blogopara.com.br\/wp-content\/uploads\/2021\/02\/VACINA-JUAZEIRO-2.jpeg",500,374,false],"1536x1536":["https:\/\/blogopara.com.br\/wp-content\/uploads\/2021\/02\/VACINA-JUAZEIRO-2.jpeg",500,374,false],"2048x2048":["https:\/\/blogopara.com.br\/wp-content\/uploads\/2021\/02\/VACINA-JUAZEIRO-2.jpeg",500,374,false],"mantranews-slider-large":["https:\/\/blogopara.com.br\/wp-content\/uploads\/2021\/02\/VACINA-JUAZEIRO-2.jpeg",500,374,false],"mantranews-featured-medium":["https:\/\/blogopara.com.br\/wp-content\/uploads\/2021\/02\/VACINA-JUAZEIRO-2-420x307.jpeg",420,307,true],"mantranews-featured-long":["https:\/\/blogopara.com.br\/wp-content\/uploads\/2021\/02\/VACINA-JUAZEIRO-2-300x374.jpeg",300,374,true],"mantranews-block-medium":["https:\/\/blogopara.com.br\/wp-content\/uploads\/2021\/02\/VACINA-JUAZEIRO-2-464x290.jpeg",464,290,true],"mantranews-carousel-image":["https:\/\/blogopara.com.br\/wp-content\/uploads\/2021\/02\/VACINA-JUAZEIRO-2.jpeg",500,374,false],"mantranews-block-thumb":["https:\/\/blogopara.com.br\/wp-content\/uploads\/2021\/02\/VACINA-JUAZEIRO-2-322x230.jpeg",322,230,true],"mantranews-single-large":["https:\/\/blogopara.com.br\/wp-content\/uploads\/2021\/02\/VACINA-JUAZEIRO-2.jpeg",500,374,false]},"uagb_author_info":{"display_name":"Reda\u00e7\u00e3o geral","author_link":"https:\/\/blogopara.com.br\/index.php\/author\/blogopara"},"uagb_comment_info":0,"uagb_excerpt":"Neste domingo (31), Juazeiro recebeu do governo federal, atrav\u00e9s da Secretaria de Sa\u00fade Bahia, mais 630 doses da vacina contra a covid-19, a CoronaVac (Butantan). Nessa Fase 1 da campanha de imuniza\u00e7\u00e3o,\u00a0 foram recebidas em\u00a0 15 dias, 5.250 doses &#8211; sendo 3.180 da fabricada pelo instituto brasileiro Butantan e 2.070 doses da vacina AstraZeneca (Oxford\/Fiocruz).&hellip;","jetpack_sharing_enabled":true,"jetpack_likes_enabled":true,"_links":{"self":[{"href":"https:\/\/blogopara.com.br\/index.php\/wp-json\/wp\/v2\/posts\/18715","targetHints":{"allow":["GET"]}}],"collection":[{"href":"https:\/\/blogopara.com.br\/index.php\/wp-json\/wp\/v2\/posts"}],"about":[{"href":"https:\/\/blogopara.com.br\/index.php\/wp-json\/wp\/v2\/types\/post"}],"author":[{"embeddable":true,"href":"https:\/\/blogopara.com.br\/index.php\/wp-json\/wp\/v2\/users\/1"}],"replies":[{"embeddable":true,"href":"https:\/\/blogopara.com.br\/index.php\/wp-json\/wp\/v2\/comments?post=18715"}],"version-history":[{"count":1,"href":"https:\/\/blogopara.com.br\/index.php\/wp-json\/wp\/v2\/posts\/18715\/revisions"}],"predecessor-version":[{"id":18717,"href":"https:\/\/blogopara.com.br\/index.php\/wp-json\/wp\/v2\/posts\/18715\/revisions\/18717"}],"wp:featuredmedia":[{"embeddable":true,"href":"https:\/\/blogopara.com.br\/index.php\/wp-json\/wp\/v2\/media\/18716"}],"wp:attachment":[{"href":"https:\/\/blogopara.com.br\/index.php\/wp-json\/wp\/v2\/media?parent=18715"}],"wp:term":[{"taxonomy":"category","embeddable":true,"href":"https:\/\/blogopara.com.br\/index.php\/wp-json\/wp\/v2\/categories?post=18715"},{"taxonomy":"post_tag","embeddable":true,"href":"https:\/\/blogopara.com.br\/index.php\/wp-json\/wp\/v2\/tags?post=18715"}],"curies":[{"name":"wp","href":"https:\/\/api.w.org\/{rel}","templated":true}]}}