{"id":18738,"date":"2021-02-01T18:30:00","date_gmt":"2021-02-01T21:30:00","guid":{"rendered":"http:\/\/blogopara.com.br\/?p=18738"},"modified":"2021-02-02T18:11:20","modified_gmt":"2021-02-02T21:11:20","slug":"abandono-e-descaso-com-a-ilha-do-fogo-e-fato-consumado","status":"publish","type":"post","link":"https:\/\/blogopara.com.br\/index.php\/2021\/02\/01\/abandono-e-descaso-com-a-ilha-do-fogo-e-fato-consumado","title":{"rendered":"Abandono e descaso com a Ilha do Fogo \u00e9 fato consumado"},"content":{"rendered":"<p style=\"text-align: justify;\">Mais uma ocorr\u00eancia policial registrada na Ilha do Fogo entre as cidades Juazeiro (BA) e Petrolina (PE) demonstra a suscetibilidade do mais conhecido e acess\u00edvel ponto tur\u00edstico do Vale do S\u00e3o Francisco.<\/p>\n<p style=\"text-align: justify;\">Totalmente abandonada h\u00e1 muito tempo, mesmo oficialmente estar sob a administra\u00e7\u00e3o da Prefeitura de Petrolina, a ilha sofre o descaso das autoridades pol\u00edticas.<\/p>\n<p style=\"text-align: justify;\">O jogo de empurra-empurra entre os dois munic\u00edpios para cuidar do local que deveria ser motivo de orgulho dos homens p\u00fablicos, j\u00e1 gerou at\u00e9 interven\u00e7\u00e3o do Ex\u00e9rcito brasileiro, sem projetos tur\u00edsticos, a\u00e7\u00f5es culturais ou de preserva\u00e7\u00e3o ambiental.<\/p>\n<p style=\"text-align: justify;\">A beleza natural da ilha \u00e9 suprimida pela desordem que toma conta a cada dia, e os pol\u00edticos fazem vista grossa, transfere para os frequentadores a culpa da falta de pol\u00edticas p\u00fablicas de manuten\u00e7\u00e3o e preserva\u00e7\u00e3o do local.<\/p>\n<p style=\"text-align: justify;\">Sem policiamento, sem a presen\u00e7a de agentes do Corpo de Bombeiros e at\u00e9 da Guarda Municipal, a ilha \u00e9 tomada pela sujeira, lixo, pr\u00e1ticas il\u00edcitas, e at\u00e9 crimes acontecem no local mais democr\u00e1tica de lazer da regi\u00e3o, pela proximidade das duas cidades polo.<\/p>\n<p style=\"text-align: justify;\">Inclusive, no domingo (31), um pescador foi morto a tiros na Ilha do Fogo. Segundo informa\u00e7\u00f5es, ele estava na ilha em momento de lazer quando homens ainda n\u00e3o identificados sacaram uma arma e efetuaram v\u00e1rios tiros. Ele morreu no local. A v\u00edtima foi identificada como pescador e informa\u00e7\u00f5es extraoficiais d\u00e3o conta que ele vinha denunciando o tr\u00e1fico de drogas na Ilha do Fogo.<\/p>\n<p><em>M\u00f4nia Ramos Jornalista<\/em><\/p>\n<p><em>Foto: Google<\/em><\/p>\n","protected":false},"excerpt":{"rendered":"<p>Mais uma ocorr\u00eancia policial registrada na Ilha do Fogo entre as cidades Juazeiro (BA) e Petrolina (PE) demonstra a suscetibilidade do mais conhecido e acess\u00edvel ponto tur\u00edstico do Vale do S\u00e3o Francisco. Totalmente abandonada h\u00e1 muito tempo, mesmo oficialmente estar sob a administra\u00e7\u00e3o da Prefeitura de Petrolina, a ilha sofre o descaso das autoridades pol\u00edticas. [&hellip;]<\/p>\n","protected":false},"author":1,"featured_media":18742,"comment_status":"open","ping_status":"open","sticky":false,"template":"","format":"standard","meta":{"_uag_custom_page_level_css":"","_monsterinsights_skip_tracking":false,"_monsterinsights_sitenote_active":false,"_monsterinsights_sitenote_note":"","_monsterinsights_sitenote_category":0,"jetpack_post_was_ever_published":false,"_jetpack_newsletter_access":"","_jetpack_dont_email_post_to_subs":false,"_jetpack_newsletter_tier_id":0,"_jetpack_memberships_contains_paywalled_content":false,"_jetpack_memberships_contains_paid_content":false,"footnotes":"","jetpack_publicize_message":"","jetpack_publicize_feature_enabled":true,"jetpack_social_post_already_shared":true,"jetpack_social_options":{"image_generator_settings":{"template":"highway","default_image_id":0,"font":"","enabled":false},"version":2}},"categories":[203],"tags":[175,58],"class_list":["post-18738","post","type-post","status-publish","format-standard","has-post-thumbnail","hentry","category-juazeiro","tag-descaso","tag-petrolina"],"jetpack_publicize_connections":[],"jetpack_featured_media_url":"https:\/\/blogopara.com.br\/wp-content\/uploads\/2021\/02\/Ilha-do-fogo-1.jpg","uagb_featured_image_src":{"full":["https:\/\/blogopara.com.br\/wp-content\/uploads\/2021\/02\/Ilha-do-fogo-1.jpg",500,347,false],"thumbnail":["https:\/\/blogopara.com.br\/wp-content\/uploads\/2021\/02\/Ilha-do-fogo-1-150x150.jpg",150,150,true],"medium":["https:\/\/blogopara.com.br\/wp-content\/uploads\/2021\/02\/Ilha-do-fogo-1-300x208.jpg",300,208,true],"medium_large":["https:\/\/blogopara.com.br\/wp-content\/uploads\/2021\/02\/Ilha-do-fogo-1.jpg",500,347,false],"large":["https:\/\/blogopara.com.br\/wp-content\/uploads\/2021\/02\/Ilha-do-fogo-1.jpg",500,347,false],"1536x1536":["https:\/\/blogopara.com.br\/wp-content\/uploads\/2021\/02\/Ilha-do-fogo-1.jpg",500,347,false],"2048x2048":["https:\/\/blogopara.com.br\/wp-content\/uploads\/2021\/02\/Ilha-do-fogo-1.jpg",500,347,false],"mantranews-slider-large":["https:\/\/blogopara.com.br\/wp-content\/uploads\/2021\/02\/Ilha-do-fogo-1.jpg",500,347,false],"mantranews-featured-medium":["https:\/\/blogopara.com.br\/wp-content\/uploads\/2021\/02\/Ilha-do-fogo-1-420x307.jpg",420,307,true],"mantranews-featured-long":["https:\/\/blogopara.com.br\/wp-content\/uploads\/2021\/02\/Ilha-do-fogo-1-300x347.jpg",300,347,true],"mantranews-block-medium":["https:\/\/blogopara.com.br\/wp-content\/uploads\/2021\/02\/Ilha-do-fogo-1-464x290.jpg",464,290,true],"mantranews-carousel-image":["https:\/\/blogopara.com.br\/wp-content\/uploads\/2021\/02\/Ilha-do-fogo-1.jpg",500,347,false],"mantranews-block-thumb":["https:\/\/blogopara.com.br\/wp-content\/uploads\/2021\/02\/Ilha-do-fogo-1-322x230.jpg",322,230,true],"mantranews-single-large":["https:\/\/blogopara.com.br\/wp-content\/uploads\/2021\/02\/Ilha-do-fogo-1.jpg",500,347,false]},"uagb_author_info":{"display_name":"Reda\u00e7\u00e3o geral","author_link":"https:\/\/blogopara.com.br\/index.php\/author\/blogopara"},"uagb_comment_info":1,"uagb_excerpt":"Mais uma ocorr\u00eancia policial registrada na Ilha do Fogo entre as cidades Juazeiro (BA) e Petrolina (PE) demonstra a suscetibilidade do mais conhecido e acess\u00edvel ponto tur\u00edstico do Vale do S\u00e3o Francisco. Totalmente abandonada h\u00e1 muito tempo, mesmo oficialmente estar sob a administra\u00e7\u00e3o da Prefeitura de Petrolina, a ilha sofre o descaso das autoridades pol\u00edticas.&hellip;","jetpack_sharing_enabled":true,"jetpack_likes_enabled":true,"_links":{"self":[{"href":"https:\/\/blogopara.com.br\/index.php\/wp-json\/wp\/v2\/posts\/18738","targetHints":{"allow":["GET"]}}],"collection":[{"href":"https:\/\/blogopara.com.br\/index.php\/wp-json\/wp\/v2\/posts"}],"about":[{"href":"https:\/\/blogopara.com.br\/index.php\/wp-json\/wp\/v2\/types\/post"}],"author":[{"embeddable":true,"href":"https:\/\/blogopara.com.br\/index.php\/wp-json\/wp\/v2\/users\/1"}],"replies":[{"embeddable":true,"href":"https:\/\/blogopara.com.br\/index.php\/wp-json\/wp\/v2\/comments?post=18738"}],"version-history":[{"count":1,"href":"https:\/\/blogopara.com.br\/index.php\/wp-json\/wp\/v2\/posts\/18738\/revisions"}],"predecessor-version":[{"id":18743,"href":"https:\/\/blogopara.com.br\/index.php\/wp-json\/wp\/v2\/posts\/18738\/revisions\/18743"}],"wp:featuredmedia":[{"embeddable":true,"href":"https:\/\/blogopara.com.br\/index.php\/wp-json\/wp\/v2\/media\/18742"}],"wp:attachment":[{"href":"https:\/\/blogopara.com.br\/index.php\/wp-json\/wp\/v2\/media?parent=18738"}],"wp:term":[{"taxonomy":"category","embeddable":true,"href":"https:\/\/blogopara.com.br\/index.php\/wp-json\/wp\/v2\/categories?post=18738"},{"taxonomy":"post_tag","embeddable":true,"href":"https:\/\/blogopara.com.br\/index.php\/wp-json\/wp\/v2\/tags?post=18738"}],"curies":[{"name":"wp","href":"https:\/\/api.w.org\/{rel}","templated":true}]}}