{"id":18912,"date":"2021-02-04T11:30:00","date_gmt":"2021-02-04T14:30:00","guid":{"rendered":"http:\/\/blogopara.com.br\/?p=18912"},"modified":"2021-02-04T08:16:20","modified_gmt":"2021-02-04T11:16:20","slug":"juazeiro-associacao-de-moradores-do-sol-levante-lanca-edital-para-eleger-nova-diretoria","status":"publish","type":"post","link":"https:\/\/blogopara.com.br\/index.php\/2021\/02\/04\/juazeiro-associacao-de-moradores-do-sol-levante-lanca-edital-para-eleger-nova-diretoria","title":{"rendered":"Juazeiro: Associa\u00e7\u00e3o de Moradores do Sol Levante lan\u00e7a edital para eleger nova Diretoria"},"content":{"rendered":"<p style=\"text-align: justify;\">A Associa\u00e7\u00e3o Comunit\u00e1ria dos Moradores do bairro Sol Levante, juntamente com a Uni\u00e3o das Associa\u00e7\u00f5es (UAMELC) lan\u00e7am edital de convoca\u00e7\u00e3o de todos os associados que estejam aptos a votar e ser votado, e que est\u00e3o com as suas mensalidades em dias, para participarem do processo eleitoral para eleger a nova Diretoria e o Conselho Fiscal.<\/p>\n<p>O processo eleitoral ter\u00e1 o seguinte calend\u00e1rio:<\/p>\n<p>Lan\u00e7amento do edital &#8211;&nbsp; 31 de janeiro a 14 de fevereiro<\/p>\n<p>As inscri\u00e7\u00f5es das chapas &#8211;&nbsp; 31 de janeiro a 06 de fevereiro<\/p>\n<p>Elei\u00e7\u00e3o &#8211; 14 de fevereiro, das 09 \u00e0s 17 horas.<\/p>\n<p>A Comiss\u00e3o Eleitoral ser\u00e1 composta pelos seguintes Membros:<\/p>\n<p>Domingos S\u00e9rgio<\/p>\n<p>Mois\u00e9s de Brito<\/p>\n<p>Evanildo dos Santos<\/p>\n<p>Jose Batista da Silva<\/p>\n<p>Valdir dos Santos<\/p>\n<p>Confira o edital:<\/p>\n<p><a href=\"https:\/\/blogopara.com.br\/wp-content\/uploads\/2021\/02\/edital.docx\">edital<\/a><\/p>\n\n\n<p><\/p>\n","protected":false},"excerpt":{"rendered":"<p>A Associa\u00e7\u00e3o Comunit\u00e1ria dos Moradores do bairro Sol Levante, juntamente com a Uni\u00e3o das Associa\u00e7\u00f5es (UAMELC) lan\u00e7am edital de convoca\u00e7\u00e3o de todos os associados que estejam aptos a votar e ser votado, e que est\u00e3o com as suas mensalidades em dias, para participarem do processo eleitoral para eleger a nova Diretoria e o Conselho Fiscal. [&hellip;]<\/p>\n","protected":false},"author":1,"featured_media":0,"comment_status":"open","ping_status":"open","sticky":false,"template":"","format":"standard","meta":{"_uag_custom_page_level_css":"","_monsterinsights_skip_tracking":false,"_monsterinsights_sitenote_active":false,"_monsterinsights_sitenote_note":"","_monsterinsights_sitenote_category":0,"jetpack_post_was_ever_published":false,"_jetpack_newsletter_access":"","_jetpack_dont_email_post_to_subs":false,"_jetpack_newsletter_tier_id":0,"_jetpack_memberships_contains_paywalled_content":false,"_jetpack_memberships_contains_paid_content":false,"footnotes":"","jetpack_publicize_message":"","jetpack_publicize_feature_enabled":true,"jetpack_social_post_already_shared":true,"jetpack_social_options":{"image_generator_settings":{"template":"highway","default_image_id":0,"font":"","enabled":false},"version":2}},"categories":[203,204],"tags":[70,1607],"class_list":["post-18912","post","type-post","status-publish","format-standard","hentry","category-juazeiro","category-social","tag-eleicao","tag-sol-levante"],"jetpack_publicize_connections":[],"jetpack_featured_media_url":"","uagb_featured_image_src":{"full":false,"thumbnail":false,"medium":false,"medium_large":false,"large":false,"1536x1536":false,"2048x2048":false,"mantranews-slider-large":false,"mantranews-featured-medium":false,"mantranews-featured-long":false,"mantranews-block-medium":false,"mantranews-carousel-image":false,"mantranews-block-thumb":false,"mantranews-single-large":false},"uagb_author_info":{"display_name":"Reda\u00e7\u00e3o geral","author_link":"https:\/\/blogopara.com.br\/index.php\/author\/blogopara"},"uagb_comment_info":0,"uagb_excerpt":"A Associa\u00e7\u00e3o Comunit\u00e1ria dos Moradores do bairro Sol Levante, juntamente com a Uni\u00e3o das Associa\u00e7\u00f5es (UAMELC) lan\u00e7am edital de convoca\u00e7\u00e3o de todos os associados que estejam aptos a votar e ser votado, e que est\u00e3o com as suas mensalidades em dias, para participarem do processo eleitoral para eleger a nova Diretoria e o Conselho Fiscal.&hellip;","jetpack_sharing_enabled":true,"jetpack_likes_enabled":true,"_links":{"self":[{"href":"https:\/\/blogopara.com.br\/index.php\/wp-json\/wp\/v2\/posts\/18912","targetHints":{"allow":["GET"]}}],"collection":[{"href":"https:\/\/blogopara.com.br\/index.php\/wp-json\/wp\/v2\/posts"}],"about":[{"href":"https:\/\/blogopara.com.br\/index.php\/wp-json\/wp\/v2\/types\/post"}],"author":[{"embeddable":true,"href":"https:\/\/blogopara.com.br\/index.php\/wp-json\/wp\/v2\/users\/1"}],"replies":[{"embeddable":true,"href":"https:\/\/blogopara.com.br\/index.php\/wp-json\/wp\/v2\/comments?post=18912"}],"version-history":[{"count":6,"href":"https:\/\/blogopara.com.br\/index.php\/wp-json\/wp\/v2\/posts\/18912\/revisions"}],"predecessor-version":[{"id":18942,"href":"https:\/\/blogopara.com.br\/index.php\/wp-json\/wp\/v2\/posts\/18912\/revisions\/18942"}],"wp:attachment":[{"href":"https:\/\/blogopara.com.br\/index.php\/wp-json\/wp\/v2\/media?parent=18912"}],"wp:term":[{"taxonomy":"category","embeddable":true,"href":"https:\/\/blogopara.com.br\/index.php\/wp-json\/wp\/v2\/categories?post=18912"},{"taxonomy":"post_tag","embeddable":true,"href":"https:\/\/blogopara.com.br\/index.php\/wp-json\/wp\/v2\/tags?post=18912"}],"curies":[{"name":"wp","href":"https:\/\/api.w.org\/{rel}","templated":true}]}}