{"id":18949,"date":"2021-02-04T12:30:00","date_gmt":"2021-02-04T15:30:00","guid":{"rendered":"http:\/\/blogopara.com.br\/?p=18949"},"modified":"2021-02-04T09:43:18","modified_gmt":"2021-02-04T12:43:18","slug":"carcara-rondesp-e-biesp-debelam-trafico-de-drogas-comandado-por-menor-de-idade-em-juazeiro-e-petrolina","status":"publish","type":"post","link":"https:\/\/blogopara.com.br\/index.php\/2021\/02\/04\/carcara-rondesp-e-biesp-debelam-trafico-de-drogas-comandado-por-menor-de-idade-em-juazeiro-e-petrolina","title":{"rendered":"Carcar\u00e1, Rondesp e BIESP debelam tr\u00e1fico de drogas comandado por menor de idade em Juazeiro e Petrolina"},"content":{"rendered":"<p style=\"text-align: justify;\">No final da tarde de ontem (03), policiais da GU Carcar\u00e1 02, a RONDESP, e o BIESP, foram avisados sobre uma ocorr\u00eancia de tr\u00e1fico de drogas no Bairro Itaberaba em Juazeiro e iniciaram a a\u00e7\u00e3o para coibir o crime. Flagraram o acusado do delito, o menor de iniciais C.O.C.A, na cidade de Petrolina.\u00a0<\/p>\n<p style=\"text-align: justify;\">Ao chegarem na resid\u00eancia dos pais do acusado no Bairro Cosme e Dami\u00e3o na cidade pernambucana, nada foi encontrado, por\u00e9m os genitores informaram \u00e0 pol\u00edcia que o menor residia no Bairro Jardim S\u00e3o Paulo e de acordo com o boletim policial, ao chegarem no endere\u00e7o o acusado foi flagrado pilotando uma motocicleta, ao avistar a presen\u00e7a policial tentou empreender, percorrendo v\u00e1rias ruas, mas perdeu equil\u00edbrio, vindo a cair de maneira violenta ao solo. Momento em que as guarni\u00e7\u00f5es identificaram outro jovem, I.N.A, irm\u00e3o do acusado. Com ele foi encontrado um inv\u00f3lucro pl\u00e1stico m\u00e9dio, contendo uma subst\u00e2ncia esbranqui\u00e7ada que aparentava ser coca\u00edna. E dentro da resid\u00eancia de C.O.C.A foram encontrados os objetos que configuravam o crime. Quatro pedras de crack (18 gramas),6 rel\u00f3gios, 1 Caixa de som,1 canivete,1 faca t\u00e1tica,1 balan\u00e7a de precis\u00e3o, 200 gramas de subst\u00e2ncia an\u00e1loga a coca\u00edna, 500 gramas de uma subst\u00e2ncia esbranqui\u00e7ada n\u00e3o identificada, 1 maquineta de passar cart\u00e3o, 1 celular Samsung A01, 1 motocicleta, e R$ 184,35 fracionados em moedas. O acusado e todo o material apreendido foram apresentados na 26\u00b0 Delegacia seccional de Petrolina.<\/p>\n\n\n<p><\/p>\n","protected":false},"excerpt":{"rendered":"<p>No final da tarde de ontem (03), policiais da GU Carcar\u00e1 02, a RONDESP, e o BIESP, foram avisados sobre uma ocorr\u00eancia de tr\u00e1fico de drogas no Bairro Itaberaba em Juazeiro e iniciaram a a\u00e7\u00e3o para coibir o crime. Flagraram o acusado do delito, o menor de iniciais C.O.C.A, na cidade de Petrolina.\u00a0 Ao chegarem [&hellip;]<\/p>\n","protected":false},"author":1,"featured_media":18950,"comment_status":"open","ping_status":"open","sticky":false,"template":"","format":"standard","meta":{"_uag_custom_page_level_css":"","_monsterinsights_skip_tracking":false,"_monsterinsights_sitenote_active":false,"_monsterinsights_sitenote_note":"","_monsterinsights_sitenote_category":0,"jetpack_post_was_ever_published":false,"_jetpack_newsletter_access":"","_jetpack_dont_email_post_to_subs":false,"_jetpack_newsletter_tier_id":0,"_jetpack_memberships_contains_paywalled_content":false,"_jetpack_memberships_contains_paid_content":false,"footnotes":"","jetpack_publicize_message":"","jetpack_publicize_feature_enabled":true,"jetpack_social_post_already_shared":true,"jetpack_social_options":{"image_generator_settings":{"template":"highway","default_image_id":0,"font":"","enabled":false},"version":2}},"categories":[197],"tags":[1620,1619,1618],"class_list":["post-18949","post","type-post","status-publish","format-standard","has-post-thumbnail","hentry","category-politica","tag-apreensao","tag-menores-infratores","tag-policia-2"],"jetpack_publicize_connections":[],"jetpack_featured_media_url":"https:\/\/blogopara.com.br\/wp-content\/uploads\/2021\/02\/apreensao-Rondesp.jpeg","uagb_featured_image_src":{"full":["https:\/\/blogopara.com.br\/wp-content\/uploads\/2021\/02\/apreensao-Rondesp.jpeg",500,375,false],"thumbnail":["https:\/\/blogopara.com.br\/wp-content\/uploads\/2021\/02\/apreensao-Rondesp-150x150.jpeg",150,150,true],"medium":["https:\/\/blogopara.com.br\/wp-content\/uploads\/2021\/02\/apreensao-Rondesp-300x225.jpeg",300,225,true],"medium_large":["https:\/\/blogopara.com.br\/wp-content\/uploads\/2021\/02\/apreensao-Rondesp.jpeg",500,375,false],"large":["https:\/\/blogopara.com.br\/wp-content\/uploads\/2021\/02\/apreensao-Rondesp.jpeg",500,375,false],"1536x1536":["https:\/\/blogopara.com.br\/wp-content\/uploads\/2021\/02\/apreensao-Rondesp.jpeg",500,375,false],"2048x2048":["https:\/\/blogopara.com.br\/wp-content\/uploads\/2021\/02\/apreensao-Rondesp.jpeg",500,375,false],"mantranews-slider-large":["https:\/\/blogopara.com.br\/wp-content\/uploads\/2021\/02\/apreensao-Rondesp.jpeg",500,375,false],"mantranews-featured-medium":["https:\/\/blogopara.com.br\/wp-content\/uploads\/2021\/02\/apreensao-Rondesp-420x307.jpeg",420,307,true],"mantranews-featured-long":["https:\/\/blogopara.com.br\/wp-content\/uploads\/2021\/02\/apreensao-Rondesp-300x375.jpeg",300,375,true],"mantranews-block-medium":["https:\/\/blogopara.com.br\/wp-content\/uploads\/2021\/02\/apreensao-Rondesp-464x290.jpeg",464,290,true],"mantranews-carousel-image":["https:\/\/blogopara.com.br\/wp-content\/uploads\/2021\/02\/apreensao-Rondesp.jpeg",500,375,false],"mantranews-block-thumb":["https:\/\/blogopara.com.br\/wp-content\/uploads\/2021\/02\/apreensao-Rondesp-322x230.jpeg",322,230,true],"mantranews-single-large":["https:\/\/blogopara.com.br\/wp-content\/uploads\/2021\/02\/apreensao-Rondesp.jpeg",500,375,false]},"uagb_author_info":{"display_name":"Reda\u00e7\u00e3o geral","author_link":"https:\/\/blogopara.com.br\/index.php\/author\/blogopara"},"uagb_comment_info":0,"uagb_excerpt":"No final da tarde de ontem (03), policiais da GU Carcar\u00e1 02, a RONDESP, e o BIESP, foram avisados sobre uma ocorr\u00eancia de tr\u00e1fico de drogas no Bairro Itaberaba em Juazeiro e iniciaram a a\u00e7\u00e3o para coibir o crime. Flagraram o acusado do delito, o menor de iniciais C.O.C.A, na cidade de Petrolina.\u00a0 Ao chegarem&hellip;","jetpack_sharing_enabled":true,"jetpack_likes_enabled":true,"_links":{"self":[{"href":"https:\/\/blogopara.com.br\/index.php\/wp-json\/wp\/v2\/posts\/18949","targetHints":{"allow":["GET"]}}],"collection":[{"href":"https:\/\/blogopara.com.br\/index.php\/wp-json\/wp\/v2\/posts"}],"about":[{"href":"https:\/\/blogopara.com.br\/index.php\/wp-json\/wp\/v2\/types\/post"}],"author":[{"embeddable":true,"href":"https:\/\/blogopara.com.br\/index.php\/wp-json\/wp\/v2\/users\/1"}],"replies":[{"embeddable":true,"href":"https:\/\/blogopara.com.br\/index.php\/wp-json\/wp\/v2\/comments?post=18949"}],"version-history":[{"count":1,"href":"https:\/\/blogopara.com.br\/index.php\/wp-json\/wp\/v2\/posts\/18949\/revisions"}],"predecessor-version":[{"id":18951,"href":"https:\/\/blogopara.com.br\/index.php\/wp-json\/wp\/v2\/posts\/18949\/revisions\/18951"}],"wp:featuredmedia":[{"embeddable":true,"href":"https:\/\/blogopara.com.br\/index.php\/wp-json\/wp\/v2\/media\/18950"}],"wp:attachment":[{"href":"https:\/\/blogopara.com.br\/index.php\/wp-json\/wp\/v2\/media?parent=18949"}],"wp:term":[{"taxonomy":"category","embeddable":true,"href":"https:\/\/blogopara.com.br\/index.php\/wp-json\/wp\/v2\/categories?post=18949"},{"taxonomy":"post_tag","embeddable":true,"href":"https:\/\/blogopara.com.br\/index.php\/wp-json\/wp\/v2\/tags?post=18949"}],"curies":[{"name":"wp","href":"https:\/\/api.w.org\/{rel}","templated":true}]}}