{"id":1898,"date":"2019-07-29T08:54:31","date_gmt":"2019-07-29T11:54:31","guid":{"rendered":"http:\/\/blogopara.com.br\/?p=1898"},"modified":"2019-07-29T09:40:24","modified_gmt":"2019-07-29T12:40:24","slug":"atriz-ruth-de-souza-morre-no-rio-aos-98-anos","status":"publish","type":"post","link":"https:\/\/blogopara.com.br\/index.php\/2019\/07\/29\/atriz-ruth-de-souza-morre-no-rio-aos-98-anos","title":{"rendered":"Atriz Ruth de Souza morre no Rio aos 98 anos"},"content":{"rendered":"<div class=\"mc-column content-text active-extra-styles \" data-block-type=\"unstyled\" data-block-weight=\"51\" data-block-id=\"2\">\n<p class=\"content-text__container \" style=\"text-align: justify;\" data-track-category=\"Link no Texto\" data-track-links=\"\">Morreu na manh\u00e3 deste domingo (28) a atriz Ruth de Souza, de 98 anos. Ela estava internada desde o come\u00e7o da semana no Centro de Tratamento Intensivo do Hospital Copa D&#8217;Or, em Copacabana, na Zona Sul do Rio, v\u00edtima de uma pneumonia. A causa da morte n\u00e3o foi informada pelo hospital.<\/p>\n<\/div>\n<div class=\"wall protected-content\">\n<div class=\"mc-column content-text active-extra-styles \" style=\"text-align: justify;\" data-block-type=\"unstyled\" data-block-weight=\"64\" data-block-id=\"3\">\n<p class=\"content-text__container \" data-track-category=\"Link no Texto\" data-track-links=\"\">Com mais de 70 anos dedicados \u00e0 dramaturgia, Ruth de Souza \u00e9 \u00edcone de v\u00e1rias gera\u00e7\u00f5es de atores. Ela foi pioneira ao longo de sua carreira: foi a primeira atriz negra a se apresentar no Theatro Municipal do Rio e a construir carreira na dramaturgia. Foi tamb\u00e9m a primeira brasileira indicada a um pr\u00eamio internacional de cinema \u2013 no Festival de Veneza de 1954.<\/p>\n<\/div>\n<div class=\"mc-column content-text active-extra-styles \" data-block-type=\"unstyled\" data-block-weight=\"53\" data-block-id=\"4\">\n<p class=\"content-text__container \" style=\"text-align: justify;\" data-track-category=\"Link no Texto\" data-track-links=\"\">O vel\u00f3rio da atriz ser\u00e1 nesta segunda-feira (29) no Theatro Municipal a partir das 8h. Na primeira parte, o vel\u00f3rio ser\u00e1 fechado para a fam\u00edlia at\u00e9 10h, segundo informa\u00e7\u00f5es da assessoria do Theatro Em seguida, ser\u00e1 aberto ao p\u00fablico at\u00e9 o meio-dia. Ainda n\u00e3o est\u00e3o confirmados o local e hor\u00e1rio do enterro.<\/p>\n<div class=\"mc-column content-text active-extra-styles \" style=\"text-align: justify;\" data-block-type=\"unstyled\" data-block-weight=\"51\" data-block-id=\"2\">\n<p class=\"content-text__container \" data-track-category=\"Link no Texto\" data-track-links=\"\"><span style=\"font-size: inherit;\">O vel\u00f3rio da atriz ser\u00e1 nesta segunda-feira (29) no Theatro Municipal a partir das 8h. Na primeira parte, o vel\u00f3rio ser\u00e1 fechado para a fam\u00edlia at\u00e9 10h, segundo informa\u00e7\u00f5es da assessoria do Theatro Em seguida, ser\u00e1 aberto ao p\u00fablico at\u00e9 o meio-dia. Ainda n\u00e3o est\u00e3o confirmados o local e hor\u00e1rio do enterro.<\/span><\/p>\n<\/div>\n<div class=\"wall protected-content\">\n<div class=\"mc-column content-text active-extra-styles \" data-block-type=\"unstyled\" data-block-weight=\"53\" data-block-id=\"4\">\n<div class=\"mc-column content-text active-extra-styles \" style=\"text-align: justify;\" data-block-type=\"unstyled\" data-block-weight=\"67\" data-block-id=\"9\">\n<p class=\"content-text__container \" data-track-category=\"Link no Texto\" data-track-links=\"\">Interessada em teatro, procurou e se uniu ao Teatro Experimental do Negro, grupo fundado por Abdias Nascimento e Agnaldo Camargo. Foi com o grupo que, em 8 de maio de 1945, atuou pela primeira vez no Theatro Municipal, que at\u00e9 ent\u00e3o s\u00f3 tinha recebido atrizes brancas e ajudou a abrir as portas para artistas negras no Brasil. A pe\u00e7a encenada foi &#8220;O Imperador Jones&#8221;, de Eugene O\u2019Neil.<\/p>\n<\/div>\n<div class=\"mc-column content-text active-extra-styles \" style=\"text-align: justify;\" data-block-type=\"unstyled\" data-block-weight=\"18\" data-block-id=\"10\">\n<p class=\"content-text__container \" data-track-category=\"Link no Texto\" data-track-links=\"\">Midori de Souza, sobrinha-neta de Ruth de Souza, falou da import\u00e2ncia da tia para a dramaturgia.<\/p>\n<\/div>\n<div class=\"mc-column content-text active-extra-styles \" style=\"text-align: justify;\" data-block-type=\"unstyled\" data-block-weight=\"61\" data-block-id=\"11\">\n<p class=\"content-text__container \" data-track-category=\"Link no Texto\" data-track-links=\"\">&#8220;Ela merece essa homenagem da fam\u00edlia, e os f\u00e3s tamb\u00e9m merecem, n\u00e9, dar esse adeus para ela, porque a gente sabe que tem muita gente que gosta dela (&#8230;) Minha tia foi uma pessoa muito importante para a fam\u00edlia toda. Uma pessoa de muita garra, uma pessoa que sempre deu conselhos, presente demais na fam\u00edlia. Era tipo a matriarca da fam\u00edlia&#8221;<\/p>\n<pre data-track-category=\"Link no Texto\">Fonte: G1<\/pre>\n<\/div>\n<div class=\"row medium-uncollapsed content-media content-photo\" data-block-type=\"backstage-photo\" data-block-id=\"12\">\n<div class=\"mc-column content-media__container\">\n<div class=\"progressive-img can-open-lightbox\" style=\"text-align: justify;\" data-min-size=\"1008x631\" data-min-size-url=\"https:\/\/s2.glbimg.com\/HLZOCwyn2rkZGKPX5etHeH_QR1U=\/0x0:1700x1065\/1008x0\/smart\/filters:strip_icc()\/i.s3.glbimg.com\/v1\/AUTH_59edd422c0c84a879bd37670ae4f538a\/internal_photos\/bs\/2019\/3\/b\/c3aCS4T3mLrOAjcpB1dA\/ruth-malu.jpg\" data-max-size=\"1600x1002\" data-max-size-url=\"https:\/\/s2.glbimg.com\/C9TZG-1RAfvL7YhwOzqwuMpwkAw=\/0x0:1700x1065\/1600x0\/smart\/filters:strip_icc()\/i.s3.glbimg.com\/v1\/AUTH_59edd422c0c84a879bd37670ae4f538a\/internal_photos\/bs\/2019\/3\/b\/c3aCS4T3mLrOAjcpB1dA\/ruth-malu.jpg\" data-media-index=\"0\"><\/div>\n<\/div>\n<\/div>\n<\/div>\n<\/div>\n<\/div>\n<\/div>\n","protected":false},"excerpt":{"rendered":"<p>Ela foi a primeira atriz negra a atuar no Theatro Municipal e a primeira brasileira indicada a um pr\u00eamio internacional de cinema. Ruth de Souza estava internada com pneumonia.<\/p>\n","protected":false},"author":1,"featured_media":1899,"comment_status":"open","ping_status":"open","sticky":false,"template":"","format":"standard","meta":{"_uag_custom_page_level_css":"","_monsterinsights_skip_tracking":false,"_monsterinsights_sitenote_active":false,"_monsterinsights_sitenote_note":"","_monsterinsights_sitenote_category":0,"jetpack_post_was_ever_published":false,"_jetpack_newsletter_access":"","_jetpack_dont_email_post_to_subs":false,"_jetpack_newsletter_tier_id":0,"_jetpack_memberships_contains_paywalled_content":false,"_jetpack_memberships_contains_paid_content":false,"footnotes":"","jetpack_publicize_message":"","jetpack_publicize_feature_enabled":true,"jetpack_social_post_already_shared":true,"jetpack_social_options":{"image_generator_settings":{"template":"highway","default_image_id":0,"font":"","enabled":false},"version":2}},"categories":[200],"tags":[14,134,329,330],"class_list":["post-1898","post","type-post","status-publish","format-standard","has-post-thumbnail","hentry","category-brasil","tag-brasil","tag-cultura","tag-ruth-de-souza","tag-televisao"],"jetpack_publicize_connections":[],"jetpack_featured_media_url":"https:\/\/blogopara.com.br\/wp-content\/uploads\/2019\/07\/ruth-malu.jpg","uagb_featured_image_src":{"full":["https:\/\/blogopara.com.br\/wp-content\/uploads\/2019\/07\/ruth-malu.jpg",1000,626,false],"thumbnail":["https:\/\/blogopara.com.br\/wp-content\/uploads\/2019\/07\/ruth-malu-150x150.jpg",150,150,true],"medium":["https:\/\/blogopara.com.br\/wp-content\/uploads\/2019\/07\/ruth-malu-300x188.jpg",300,188,true],"medium_large":["https:\/\/blogopara.com.br\/wp-content\/uploads\/2019\/07\/ruth-malu-768x481.jpg",640,401,true],"large":["https:\/\/blogopara.com.br\/wp-content\/uploads\/2019\/07\/ruth-malu.jpg",640,401,false],"1536x1536":["https:\/\/blogopara.com.br\/wp-content\/uploads\/2019\/07\/ruth-malu.jpg",1000,626,false],"2048x2048":["https:\/\/blogopara.com.br\/wp-content\/uploads\/2019\/07\/ruth-malu.jpg",1000,626,false],"mantranews-slider-large":["https:\/\/blogopara.com.br\/wp-content\/uploads\/2019\/07\/ruth-malu.jpg",1000,626,false],"mantranews-featured-medium":["https:\/\/blogopara.com.br\/wp-content\/uploads\/2019\/07\/ruth-malu.jpg",420,263,false],"mantranews-featured-long":["https:\/\/blogopara.com.br\/wp-content\/uploads\/2019\/07\/ruth-malu.jpg",300,188,false],"mantranews-block-medium":["https:\/\/blogopara.com.br\/wp-content\/uploads\/2019\/07\/ruth-malu.jpg",464,290,false],"mantranews-carousel-image":["https:\/\/blogopara.com.br\/wp-content\/uploads\/2019\/07\/ruth-malu.jpg",600,376,false],"mantranews-block-thumb":["https:\/\/blogopara.com.br\/wp-content\/uploads\/2019\/07\/ruth-malu.jpg",322,202,false],"mantranews-single-large":["https:\/\/blogopara.com.br\/wp-content\/uploads\/2019\/07\/ruth-malu.jpg",1000,626,false]},"uagb_author_info":{"display_name":"Reda\u00e7\u00e3o geral","author_link":"https:\/\/blogopara.com.br\/index.php\/author\/blogopara"},"uagb_comment_info":0,"uagb_excerpt":"Ela foi a primeira atriz negra a atuar no Theatro Municipal e a primeira brasileira indicada a um pr\u00eamio internacional de cinema. Ruth de Souza estava internada com pneumonia.","jetpack_sharing_enabled":true,"jetpack_likes_enabled":true,"_links":{"self":[{"href":"https:\/\/blogopara.com.br\/index.php\/wp-json\/wp\/v2\/posts\/1898","targetHints":{"allow":["GET"]}}],"collection":[{"href":"https:\/\/blogopara.com.br\/index.php\/wp-json\/wp\/v2\/posts"}],"about":[{"href":"https:\/\/blogopara.com.br\/index.php\/wp-json\/wp\/v2\/types\/post"}],"author":[{"embeddable":true,"href":"https:\/\/blogopara.com.br\/index.php\/wp-json\/wp\/v2\/users\/1"}],"replies":[{"embeddable":true,"href":"https:\/\/blogopara.com.br\/index.php\/wp-json\/wp\/v2\/comments?post=1898"}],"version-history":[{"count":2,"href":"https:\/\/blogopara.com.br\/index.php\/wp-json\/wp\/v2\/posts\/1898\/revisions"}],"predecessor-version":[{"id":1923,"href":"https:\/\/blogopara.com.br\/index.php\/wp-json\/wp\/v2\/posts\/1898\/revisions\/1923"}],"wp:featuredmedia":[{"embeddable":true,"href":"https:\/\/blogopara.com.br\/index.php\/wp-json\/wp\/v2\/media\/1899"}],"wp:attachment":[{"href":"https:\/\/blogopara.com.br\/index.php\/wp-json\/wp\/v2\/media?parent=1898"}],"wp:term":[{"taxonomy":"category","embeddable":true,"href":"https:\/\/blogopara.com.br\/index.php\/wp-json\/wp\/v2\/categories?post=1898"},{"taxonomy":"post_tag","embeddable":true,"href":"https:\/\/blogopara.com.br\/index.php\/wp-json\/wp\/v2\/tags?post=1898"}],"curies":[{"name":"wp","href":"https:\/\/api.w.org\/{rel}","templated":true}]}}