{"id":19000,"date":"2021-02-05T07:15:00","date_gmt":"2021-02-05T10:15:00","guid":{"rendered":"http:\/\/blogopara.com.br\/?p=19000"},"modified":"2021-02-04T20:06:34","modified_gmt":"2021-02-04T23:06:34","slug":"vereador-gildasio-soares-lamenta-morte-de-lideranca-importante-em-manicoba","status":"publish","type":"post","link":"https:\/\/blogopara.com.br\/index.php\/2021\/02\/05\/vereador-gildasio-soares-lamenta-morte-de-lideranca-importante-em-manicoba","title":{"rendered":"Vereador Gildasio Soares lamenta morte de lideran\u00e7a importante em Mani\u00e7oba"},"content":{"rendered":"\n<p>Faleceu nesta quinta (04), o sr. Jo\u00e3o da Cruz, uma grande lideran\u00e7a e pessoa de muita estima do Distrito de Mani\u00e7oba, em Juazeiro. O vereador Gildasio Soares lamenta a perda e se solidariza com a fam\u00edlia, seus filhos e netos que residem na regi\u00e3o.<br>De acordo com o vereador, seu Jo\u00e3o da Cruz, como era carinhosamente chamado, deixou um grande legado de homem de bem, sertanejo raiz e que seu exemplo e honestidade seja seguido por toda sua fam\u00edlia.<\/p>\n\n\n\n<p><\/p>\n","protected":false},"excerpt":{"rendered":"<p>Faleceu nesta quinta (04), o sr. Jo\u00e3o da Cruz, uma grande lideran\u00e7a e pessoa de muita estima do Distrito de Mani\u00e7oba, em Juazeiro. O vereador Gildasio Soares lamenta a perda e se solidariza com a fam\u00edlia, seus filhos e netos que residem na regi\u00e3o.De acordo com o vereador, seu Jo\u00e3o da Cruz, como era carinhosamente [&hellip;]<\/p>\n","protected":false},"author":1,"featured_media":19001,"comment_status":"open","ping_status":"open","sticky":false,"template":"","format":"standard","meta":{"_uag_custom_page_level_css":"","_monsterinsights_skip_tracking":false,"_monsterinsights_sitenote_active":false,"_monsterinsights_sitenote_note":"","_monsterinsights_sitenote_category":0,"jetpack_post_was_ever_published":false,"_jetpack_newsletter_access":"","_jetpack_dont_email_post_to_subs":false,"_jetpack_newsletter_tier_id":0,"_jetpack_memberships_contains_paywalled_content":false,"_jetpack_memberships_contains_paid_content":false,"footnotes":"","jetpack_publicize_message":"","jetpack_publicize_feature_enabled":true,"jetpack_social_post_already_shared":true,"jetpack_social_options":{"image_generator_settings":{"template":"highway","default_image_id":0,"font":"","enabled":false},"version":2}},"categories":[203,214],"tags":[1635],"class_list":["post-19000","post","type-post","status-publish","format-standard","has-post-thumbnail","hentry","category-juazeiro","category-manicoba","tag-falecimento"],"jetpack_publicize_connections":[],"jetpack_featured_media_url":"https:\/\/blogopara.com.br\/wp-content\/uploads\/2021\/02\/seujosemanicoba.jpg","uagb_featured_image_src":{"full":["https:\/\/blogopara.com.br\/wp-content\/uploads\/2021\/02\/seujosemanicoba.jpg",500,822,false],"thumbnail":["https:\/\/blogopara.com.br\/wp-content\/uploads\/2021\/02\/seujosemanicoba-150x150.jpg",150,150,true],"medium":["https:\/\/blogopara.com.br\/wp-content\/uploads\/2021\/02\/seujosemanicoba-182x300.jpg",182,300,true],"medium_large":["https:\/\/blogopara.com.br\/wp-content\/uploads\/2021\/02\/seujosemanicoba.jpg",500,822,false],"large":["https:\/\/blogopara.com.br\/wp-content\/uploads\/2021\/02\/seujosemanicoba.jpg",500,822,false],"1536x1536":["https:\/\/blogopara.com.br\/wp-content\/uploads\/2021\/02\/seujosemanicoba.jpg",500,822,false],"2048x2048":["https:\/\/blogopara.com.br\/wp-content\/uploads\/2021\/02\/seujosemanicoba.jpg",500,822,false],"mantranews-slider-large":["https:\/\/blogopara.com.br\/wp-content\/uploads\/2021\/02\/seujosemanicoba-500x741.jpg",500,741,true],"mantranews-featured-medium":["https:\/\/blogopara.com.br\/wp-content\/uploads\/2021\/02\/seujosemanicoba-420x307.jpg",420,307,true],"mantranews-featured-long":["https:\/\/blogopara.com.br\/wp-content\/uploads\/2021\/02\/seujosemanicoba-300x443.jpg",300,443,true],"mantranews-block-medium":["https:\/\/blogopara.com.br\/wp-content\/uploads\/2021\/02\/seujosemanicoba-464x290.jpg",464,290,true],"mantranews-carousel-image":["https:\/\/blogopara.com.br\/wp-content\/uploads\/2021\/02\/seujosemanicoba-500x500.jpg",500,500,true],"mantranews-block-thumb":["https:\/\/blogopara.com.br\/wp-content\/uploads\/2021\/02\/seujosemanicoba-322x230.jpg",322,230,true],"mantranews-single-large":["https:\/\/blogopara.com.br\/wp-content\/uploads\/2021\/02\/seujosemanicoba-500x642.jpg",500,642,true]},"uagb_author_info":{"display_name":"Reda\u00e7\u00e3o geral","author_link":"https:\/\/blogopara.com.br\/index.php\/author\/blogopara"},"uagb_comment_info":0,"uagb_excerpt":"Faleceu nesta quinta (04), o sr. Jo\u00e3o da Cruz, uma grande lideran\u00e7a e pessoa de muita estima do Distrito de Mani\u00e7oba, em Juazeiro. O vereador Gildasio Soares lamenta a perda e se solidariza com a fam\u00edlia, seus filhos e netos que residem na regi\u00e3o.De acordo com o vereador, seu Jo\u00e3o da Cruz, como era carinhosamente&hellip;","jetpack_sharing_enabled":true,"jetpack_likes_enabled":true,"_links":{"self":[{"href":"https:\/\/blogopara.com.br\/index.php\/wp-json\/wp\/v2\/posts\/19000","targetHints":{"allow":["GET"]}}],"collection":[{"href":"https:\/\/blogopara.com.br\/index.php\/wp-json\/wp\/v2\/posts"}],"about":[{"href":"https:\/\/blogopara.com.br\/index.php\/wp-json\/wp\/v2\/types\/post"}],"author":[{"embeddable":true,"href":"https:\/\/blogopara.com.br\/index.php\/wp-json\/wp\/v2\/users\/1"}],"replies":[{"embeddable":true,"href":"https:\/\/blogopara.com.br\/index.php\/wp-json\/wp\/v2\/comments?post=19000"}],"version-history":[{"count":1,"href":"https:\/\/blogopara.com.br\/index.php\/wp-json\/wp\/v2\/posts\/19000\/revisions"}],"predecessor-version":[{"id":19002,"href":"https:\/\/blogopara.com.br\/index.php\/wp-json\/wp\/v2\/posts\/19000\/revisions\/19002"}],"wp:featuredmedia":[{"embeddable":true,"href":"https:\/\/blogopara.com.br\/index.php\/wp-json\/wp\/v2\/media\/19001"}],"wp:attachment":[{"href":"https:\/\/blogopara.com.br\/index.php\/wp-json\/wp\/v2\/media?parent=19000"}],"wp:term":[{"taxonomy":"category","embeddable":true,"href":"https:\/\/blogopara.com.br\/index.php\/wp-json\/wp\/v2\/categories?post=19000"},{"taxonomy":"post_tag","embeddable":true,"href":"https:\/\/blogopara.com.br\/index.php\/wp-json\/wp\/v2\/tags?post=19000"}],"curies":[{"name":"wp","href":"https:\/\/api.w.org\/{rel}","templated":true}]}}