{"id":1903,"date":"2019-07-29T08:59:42","date_gmt":"2019-07-29T11:59:42","guid":{"rendered":"http:\/\/blogopara.com.br\/?p=1903"},"modified":"2019-07-29T08:59:49","modified_gmt":"2019-07-29T11:59:49","slug":"assassinato-de-lideranca-indigena-expoe-acirramento-da-violencia-na-floresta-sob-bolsonaro","status":"publish","type":"post","link":"https:\/\/blogopara.com.br\/index.php\/2019\/07\/29\/assassinato-de-lideranca-indigena-expoe-acirramento-da-violencia-na-floresta-sob-bolsonaro","title":{"rendered":"Assassinato de lideran\u00e7a ind\u00edgena exp\u00f5e acirramento da viol\u00eancia na floresta sob Bolsonaro"},"content":{"rendered":"<section class=\"article_body | color_gray_dark\">\n<p class=\"\" style=\"text-align: justify;\">Ind\u00edgenas da\u00a0<a href=\"https:\/\/brasil.elpais.com\/brasil\/2017\/09\/09\/album\/1504968030_874786.html#foto_gal_1\" data-link-track-dtm=\"\">etnia Waj\u00e3pi<\/a>\u00a0denunciaram neste s\u00e1bado que um grupo de garimpeiros assassinou o cacique Emyra Waj\u00e3pi, de 68 anos, na \u00faltima quarta-feira. A morte foi o in\u00edcio de um ataque \u00e0 aldeia Mariry, que se concretizou depois entre sexta e s\u00e1bado com a invas\u00e3o de 50 garimpeiros no local, localizado no oeste do Amap\u00e1. A explica\u00e7\u00e3o foi dada ao EL PA\u00cdS por Marina Amapari, ativista da causa ind\u00edgena que est\u00e1 no munic\u00edpio de Pedra Branca, onde fica o territ\u00f3rio Waj\u00e3pi. A Funda\u00e7\u00e3o Nacional do \u00cdndio (FUNAI) confirmou a morte e tamb\u00e9m est\u00e1 no local junto com as pol\u00edcias Federal e Militar para &#8220;garantir a integridade dos ind\u00edgenas e apura\u00e7\u00e3o dos fatos&#8221;,\u00a0<a href=\"http:\/\/www.funai.gov.br\/index.php\/comunicacao\/noticias\/5536-nota-funai-suposta-invasao-a-terra-indigena-wajapi\" target=\"_blank\" rel=\"noopener noreferrer\" data-link-track-dtm=\"\">afirmou em nota<\/a>. O Minist\u00e9rio P\u00fablico Federal (MPF) tamb\u00e9m est\u00e1 apurando a morte do cacique e as den\u00fancias da invas\u00e3o.<\/p>\n<p class=\"\" style=\"text-align: justify;\">Segundo relatos, o cacique Emyra Waj\u00e3pi foi esfaqueado no meio da mata no momento em que se deslocava at\u00e9 sua aldeia, depois de ter ido visitar a filha. Seu corpo foi jogado no rio e encontrado por sua esposa. &#8220;N\u00f3s n\u00e3o queremos mais a morte das nossas lideran\u00e7as ind\u00edgenas. Estamos pedindo socorro para as autoridades competentes do Estado do Amap\u00e1&#8221;, disse um morador da comunidade em v\u00eddeo recebido pelo EL PA\u00cdS. Os ind\u00edgenas relatam que garimpeiros est\u00e3o invadindo aldeias durante a noite e agredindo mulheres crian\u00e7as. Tamb\u00e9m est\u00e3o realizando disparos com armas de fogo para intimidar as comunidades locais.<\/p>\n<p class=\"\" style=\"text-align: justify;\">Um <a href=\"https:\/\/www1.folha.uol.com.br\/poder\/2019\/07\/invasores-tem-armas-e-tomaram-aldeia-no-amapa-dizem-funai-e-indigenas.shtml\" target=\"_blank\" rel=\"noopener noreferrer\" data-link-track-dtm=\"\">documento interno da FUNAI obtido pelo jornal\u00a0<em>Folha de S. Paulo<\/em><\/a>\u00a0aponta que cerca de 15 invasores portando armas de grosso calibre tomaram uma aldeia e t\u00eam feito incurs\u00f5es para intimidar os \u00edndios da regi\u00e3o, de acordo com os relatos dos moradores do Terra Waj\u00e3pi. &#8220;Podemos concluir que a presen\u00e7a de invasores \u00e9 real e que o clima de tens\u00e3o e exalta\u00e7\u00e3o na regi\u00e3o \u00e9 alto&#8221;, afirma o organismo, vinculado ao Minist\u00e9rio da Justi\u00e7a. O documento afirma ainda que os invasores est\u00e3o dormindo na aldeia Aramir\u00e3 e for\u00e7aram os ind\u00edgenas que ali moram a se concentrar na vizinha Marity, a 40 minutos caminhando, segundo o jornal. O \u00f3rg\u00e3o indigenista explica que n\u00e3o esteve no local do crime por causa da dificuldade de acess\u00e1-lo \u2014 \u00e9 preciso se deslocar de carro, de barco e a p\u00e9 \u2014, mas orientou os ind\u00edgenas a n\u00e3o se aproximarem dos homens armados, ainda segundo a\u00a0<em>Folha<\/em>. Tamb\u00e9m recomendou que a presid\u00eancia da FUNAI busque o apoio da Pol\u00edcia Federal e do Ex\u00e9rcito.<\/p>\n<div class=\"raw_html\" style=\"text-align: justify;\">\n<div>\n<p>O assassinato do cacique Emyra Waj\u00e3pi repercutiu no mundo pol\u00edtico e nas redes sociais, evidenciando mais uma vez como a viol\u00eancia contra os povos ind\u00edgenas vem se acirrando. O compositor Caetano Veloso foi um dos manifestou sua solidariedade nas redes e deu repercuss\u00e3o ao caso. J\u00e1 o senador Randolfe Rodrigues (REDE-AP) est\u00e1 no local acompanhando de perto a atua\u00e7\u00e3o das autoridades e comunicou o caso a Organiza\u00e7\u00e3o dos Estados Americanos (OEA). A Comiss\u00e3o Interamericana de Direitos Humanos do \u00f3rg\u00e3o j\u00e1 manifestou\u00a0<span class=\"css-901oao css-16my406 r-1qd0xha r-ad9z0x r-bcqeeo r-qvutc0\">sua preocupa\u00e7\u00e3o e pediu que as autoridades brasileiras protejam e previnam o territ\u00f3rio de poss\u00edveis viola\u00e7\u00f5es. &#8220;Esse tipo de viol\u00eancia n\u00e3o pode ficar impune&#8221;, escreveu, por sua vez, a ex-senadora Marina Silva.<\/span><\/p>\n<\/div>\n<\/div>\n<p class=\"\" style=\"text-align: justify;\"><a href=\"https:\/\/brasil.elpais.com\/brasil\/2017\/09\/08\/politica\/1504900974_634992.html\" data-link-track-dtm=\"\">O territ\u00f3rio Waj\u00e3pi<\/a>\u00a0fica pr\u00f3ximo \u00e0 divisa com o Par\u00e1 e \u00e9 lar 1.300 ind\u00edgenas dessa etnia. Demarcado em 1996 pelo Governo Fernando Henrique Cardoso (PSDB), abrange uma \u00e1rea de 6.000 quil\u00f4metros quadrados ricos em ouro, muito cobi\u00e7ado por garimpeiros e mineradoras. Somente os ind\u00edgenas possuem autoriza\u00e7\u00e3o para, de forma artesanal, explorar o ouro. Metade do territ\u00f3rio est\u00e1 dentro da\u00a0Reserva Nacional de Cobre e Associados (Renca), que o Governo Michel Temer\u00a0<a href=\"https:\/\/brasil.elpais.com\/brasil\/2017\/09\/06\/politica\/1504699531_632226.html\" data-link-track-dtm=\"\">tentou extinguir em setembro de 2017<\/a>\u00a0via decreto presidencial. A reserva abarca 4,6 milh\u00f5es de hectares de floresta amaz\u00f4nica entre os Estados do Par\u00e1 e Amap\u00e1 e representa um empecilho para a atua\u00e7\u00e3o empresas mineradoras na regi\u00e3o.<\/p>\n<p class=\"\" style=\"text-align: justify;\">Bolsonaro\u00a0<a href=\"https:\/\/oglobo.globo.com\/brasil\/bolsonaro-afirma-que-vai-propor-projeto-para-legalizar-garimpos-23822893\" target=\"_blank\" rel=\"noopener noreferrer\" data-link-track-dtm=\"\">tem afirmado que vai apresentar<\/a>\u00a0um projeto para legalizar o garimpo no Par\u00e1. Neste s\u00e1bado, explicou que buscar\u00e1 parcerias com os Estados Unidos para\u00a0<a href=\"https:\/\/oglobo.globo.com\/brasil\/bolsonaro-diz-querer-eduardo-na-embaixada-nos-eua-para-conseguir-parcerias-explorar-minerais-em-terras-indigenas-23837238\" target=\"_blank\" rel=\"noopener noreferrer\" data-link-track-dtm=\"\">explorar min\u00e9rios em terras ind\u00edgena<\/a>s, motivo pelo qual pretende colocar seu filho, Eduardo, na embaixada dos Estados Unidos. Sobre a reserva Yanomami, o presidente argumentou: &#8220;Terra riqu\u00edssima. Se junta com a Raposa Serra do Sol, \u00e9 um absurdo o que temos de minerais ali. Estou procurando o primeiro mundo para explorar essas \u00e1reas em parceria e agregando valor. Por isso, a minha aproxima\u00e7\u00e3o com os Estados Unidos&#8221;. Os conflitos pipocam por todos os lados: no \u00faltimo dia 10, por exemplo, o Ex\u00e9rcito barrou um lideran\u00e7a e cinco estudantes ind\u00edgenas de entrar no pr\u00f3prio territ\u00f3rio, na Terra Ind\u00edgena Alto Rio Negro, no Amazonas,\u00a0<a href=\"https:\/\/www1.folha.uol.com.br\/poder\/2019\/07\/exercito-impede-entrada-de-lider-e-estudantes-indigenas-na-propria-terra-deles.shtml\" target=\"_blank\" rel=\"noopener noreferrer\" data-link-track-dtm=\"\">segundo noticiou a\u00a0<em>Folha de S. Paulo<\/em><\/a>.<\/p>\n<p class=\"\" style=\"text-align: justify;\">Apesar da prote\u00e7\u00e3o do Estado brasileiro, o ass\u00e9dio de garimpeiros, madeireiras e ruralistas s\u00e3o uma constante amea\u00e7a aos ind\u00edgenas que vivem em territ\u00f3rios da Amaz\u00f4nia e da regi\u00e3o centro-oeste do pa\u00eds. Os conflitos nessas \u00e1reas parecem ter ganhado novo f\u00f4lego com a elei\u00e7\u00e3o do ultradireitista Bolsonaro em 2018. Ativistas ligados a quest\u00e3o agr\u00e1ria e ind\u00edgena acreditam que o forte discurso armamentista do presidente, voltado inclusive para setores do campo, tamb\u00e9m vem encorajando os sangrentos conflitos no interior do pa\u00eds. Al\u00e9m disso, as cr\u00edticas do presidente e dos militares \u00e0 demarca\u00e7\u00e3o de terras ind\u00edgenas sempre foram fortes, seja pela riqueza mineral e florestal que deve ser preservada, um obst\u00e1culo para setores econ\u00f4micos, seja por quest\u00f5es relacionadas a soberania nacional.<\/p>\n<\/section>\n<div class=\"trust_project\">\n<div class=\"content | flex container_column_mobile justify_space_between\" style=\"text-align: justify;\">\n<pre class=\"claim | flex align_items_center justify_center\">Fonte: El Pa\u00eds<\/pre>\n<\/div>\n<\/div>\n","protected":false},"excerpt":{"rendered":"<p>Cacique foi morto no Amap\u00e1 na \u00faltima quarta por garimpeiros, que depois invadiram aldeia, denunciam ind\u00edgenas. Funai confirma morte e pol\u00edcia est\u00e1 no local apurando circunst\u00e2ncias.<\/p>\n","protected":false},"author":1,"featured_media":1904,"comment_status":"open","ping_status":"open","sticky":false,"template":"","format":"standard","meta":{"_uag_custom_page_level_css":"","_monsterinsights_skip_tracking":false,"_monsterinsights_sitenote_active":false,"_monsterinsights_sitenote_note":"","_monsterinsights_sitenote_category":0,"jetpack_post_was_ever_published":false,"_jetpack_newsletter_access":"","_jetpack_dont_email_post_to_subs":false,"_jetpack_newsletter_tier_id":0,"_jetpack_memberships_contains_paywalled_content":false,"_jetpack_memberships_contains_paid_content":false,"footnotes":"","jetpack_publicize_message":"","jetpack_publicize_feature_enabled":true,"jetpack_social_post_already_shared":true,"jetpack_social_options":{"image_generator_settings":{"template":"highway","default_image_id":0,"font":"","enabled":false},"version":2}},"categories":[200],"tags":[21,14,332,331,74],"class_list":["post-1903","post","type-post","status-publish","format-standard","has-post-thumbnail","hentry","category-brasil","tag-bolsonaro","tag-brasil","tag-funai","tag-indigenas","tag-violencia"],"jetpack_publicize_connections":[],"jetpack_featured_media_url":"https:\/\/blogopara.com.br\/wp-content\/uploads\/2019\/07\/indios_wajapi.jpg","uagb_featured_image_src":{"full":["https:\/\/blogopara.com.br\/wp-content\/uploads\/2019\/07\/indios_wajapi.jpg",1140,760,false],"thumbnail":["https:\/\/blogopara.com.br\/wp-content\/uploads\/2019\/07\/indios_wajapi-150x150.jpg",150,150,true],"medium":["https:\/\/blogopara.com.br\/wp-content\/uploads\/2019\/07\/indios_wajapi-300x200.jpg",300,200,true],"medium_large":["https:\/\/blogopara.com.br\/wp-content\/uploads\/2019\/07\/indios_wajapi-768x512.jpg",640,427,true],"large":["https:\/\/blogopara.com.br\/wp-content\/uploads\/2019\/07\/indios_wajapi-1024x683.jpg",640,427,true],"1536x1536":["https:\/\/blogopara.com.br\/wp-content\/uploads\/2019\/07\/indios_wajapi.jpg",1140,760,false],"2048x2048":["https:\/\/blogopara.com.br\/wp-content\/uploads\/2019\/07\/indios_wajapi.jpg",1140,760,false],"mantranews-slider-large":["https:\/\/blogopara.com.br\/wp-content\/uploads\/2019\/07\/indios_wajapi.jpg",1020,680,false],"mantranews-featured-medium":["https:\/\/blogopara.com.br\/wp-content\/uploads\/2019\/07\/indios_wajapi.jpg",420,280,false],"mantranews-featured-long":["https:\/\/blogopara.com.br\/wp-content\/uploads\/2019\/07\/indios_wajapi.jpg",300,200,false],"mantranews-block-medium":["https:\/\/blogopara.com.br\/wp-content\/uploads\/2019\/07\/indios_wajapi.jpg",435,290,false],"mantranews-carousel-image":["https:\/\/blogopara.com.br\/wp-content\/uploads\/2019\/07\/indios_wajapi.jpg",600,400,false],"mantranews-block-thumb":["https:\/\/blogopara.com.br\/wp-content\/uploads\/2019\/07\/indios_wajapi.jpg",322,215,false],"mantranews-single-large":["https:\/\/blogopara.com.br\/wp-content\/uploads\/2019\/07\/indios_wajapi.jpg",963,642,false]},"uagb_author_info":{"display_name":"Reda\u00e7\u00e3o geral","author_link":"https:\/\/blogopara.com.br\/index.php\/author\/blogopara"},"uagb_comment_info":0,"uagb_excerpt":"Cacique foi morto no Amap\u00e1 na \u00faltima quarta por garimpeiros, que depois invadiram aldeia, denunciam ind\u00edgenas. Funai confirma morte e pol\u00edcia est\u00e1 no local apurando circunst\u00e2ncias.","jetpack_sharing_enabled":true,"jetpack_likes_enabled":true,"_links":{"self":[{"href":"https:\/\/blogopara.com.br\/index.php\/wp-json\/wp\/v2\/posts\/1903","targetHints":{"allow":["GET"]}}],"collection":[{"href":"https:\/\/blogopara.com.br\/index.php\/wp-json\/wp\/v2\/posts"}],"about":[{"href":"https:\/\/blogopara.com.br\/index.php\/wp-json\/wp\/v2\/types\/post"}],"author":[{"embeddable":true,"href":"https:\/\/blogopara.com.br\/index.php\/wp-json\/wp\/v2\/users\/1"}],"replies":[{"embeddable":true,"href":"https:\/\/blogopara.com.br\/index.php\/wp-json\/wp\/v2\/comments?post=1903"}],"version-history":[{"count":2,"href":"https:\/\/blogopara.com.br\/index.php\/wp-json\/wp\/v2\/posts\/1903\/revisions"}],"predecessor-version":[{"id":1906,"href":"https:\/\/blogopara.com.br\/index.php\/wp-json\/wp\/v2\/posts\/1903\/revisions\/1906"}],"wp:featuredmedia":[{"embeddable":true,"href":"https:\/\/blogopara.com.br\/index.php\/wp-json\/wp\/v2\/media\/1904"}],"wp:attachment":[{"href":"https:\/\/blogopara.com.br\/index.php\/wp-json\/wp\/v2\/media?parent=1903"}],"wp:term":[{"taxonomy":"category","embeddable":true,"href":"https:\/\/blogopara.com.br\/index.php\/wp-json\/wp\/v2\/categories?post=1903"},{"taxonomy":"post_tag","embeddable":true,"href":"https:\/\/blogopara.com.br\/index.php\/wp-json\/wp\/v2\/tags?post=1903"}],"curies":[{"name":"wp","href":"https:\/\/api.w.org\/{rel}","templated":true}]}}