{"id":19081,"date":"2021-02-06T12:00:00","date_gmt":"2021-02-06T15:00:00","guid":{"rendered":"http:\/\/blogopara.com.br\/?p=19081"},"modified":"2021-02-06T07:04:01","modified_gmt":"2021-02-06T10:04:01","slug":"cnbb-inclui-tematica-lgbt-na-nova-campanha-da-fraternidade","status":"publish","type":"post","link":"https:\/\/blogopara.com.br\/index.php\/2021\/02\/06\/cnbb-inclui-tematica-lgbt-na-nova-campanha-da-fraternidade","title":{"rendered":"CNBB inclui tem\u00e1tica LGBT na nova Campanha da Fraternidade"},"content":{"rendered":"\n<p class=\"has-text-align-justify\" style=\"text-align: justify;\">Como parte da 5\u00aa edi\u00e7\u00e3o da Campanha da Fraternidade Ecum\u00eanica que acontece este ano, a Confedera\u00e7\u00e3o Nacional de Bispos do Brasil (CNBB) decidiu incluir um assunto pol\u00eamico e que tem dividido opini\u00f5es dentro da Igreja Cat\u00f3lica: o movimento LGBT e as \u201cquest\u00f5es de g\u00eanero\u201d.<\/p>\n<p style=\"text-align: justify;\"> <\/p>\n<p style=\"text-align: justify;\">No texto-base da campanha deste ano, na p\u00e1gina 33, item 68, a CNBB traz um texto dotado de termos utilizados especialmente pela esquerda em suas discuss\u00f5es, como \u201cdiscurso de \u00f3dio\u201d, \u201cfundamentalismo religioso\u201d, \u201cvozes contra o reconhecimento dos direitos\u201d e o principal, um trecho dedicado exclusivamente ao chamado \u201cmovimento LGBTQI+\u201d.<\/p>\n<p style=\"text-align: justify;\"> <\/p>\n<p style=\"text-align: justify;\">No documento, a CNBB utilizou dados de uma associa\u00e7\u00e3o denominada \u201cGrupo Gay da Bahia\u201d, apresentados no Atlas da Viol\u00eancia 2020, do ano de 2018, para falar sobre homic\u00eddios de homossexuais no pa\u00eds. De acordo com a entidade, os homic\u00eddios \u201cs\u00e3o efeitos do discurso de \u00f3dio, do fundamentalismo religioso, de vozes contra o reconhecimento dos direitos das popula\u00e7\u00f5es LGBTQI+ e de outros grupos perseguidos e vulner\u00e1veis.\u201d\nTrecho do texto-base da Campanha da Fraternidade que fala sobre o grupo LGBTQI+ Foto: Reprodu\u00e7\u00e3o<\/p>\n<p style=\"text-align: justify;\"> <\/p>\n<p style=\"text-align: justify;\">Na internet, personalidades cat\u00f3licas criticaram a decis\u00e3o da CNBB de impor o tema na agenda da Campanha. Tiba Camargos, um dos principais nomes do movimento pr\u00f3-vida no Brasil, afirmou que a entidade t\u00eam usado uma guerra sem\u00e2ntica para \u201cludibriar o povo\u201d.<\/p>\n<p style=\"text-align: justify;\"> <\/p>\n<p style=\"text-align: justify;\">\u2013 Quem elaborou o texto-base e os bispos que aprovaram isso t\u00eam responsabilidade e obriga\u00e7\u00e3o de saber disso. N\u00e3o \u00e9 algo novo, \u00e9 algo b\u00e1sico diante dessa guerra que estamos vivendo. Eles trazem no texto pesquisa da pr\u00f3pria milit\u00e2ncia LGBTQI+, que j\u00e1 foi desacreditada porque n\u00e3o tem base cient\u00edfica \u2013 disse Tiba em seu canal no YouTube.<\/p>\n","protected":false},"excerpt":{"rendered":"<p>Como parte da 5\u00aa edi\u00e7\u00e3o da Campanha da Fraternidade Ecum\u00eanica que acontece este ano, a Confedera\u00e7\u00e3o Nacional de Bispos do Brasil (CNBB) decidiu incluir um assunto pol\u00eamico e que tem dividido opini\u00f5es dentro da Igreja Cat\u00f3lica: o movimento LGBT e as \u201cquest\u00f5es de g\u00eanero\u201d. No texto-base da campanha deste ano, na p\u00e1gina 33, item 68, [&hellip;]<\/p>\n","protected":false},"author":1,"featured_media":19082,"comment_status":"open","ping_status":"open","sticky":false,"template":"","format":"standard","meta":{"_uag_custom_page_level_css":"","_monsterinsights_skip_tracking":false,"_monsterinsights_sitenote_active":false,"_monsterinsights_sitenote_note":"","_monsterinsights_sitenote_category":0,"jetpack_post_was_ever_published":false,"_jetpack_newsletter_access":"","_jetpack_dont_email_post_to_subs":false,"_jetpack_newsletter_tier_id":0,"_jetpack_memberships_contains_paywalled_content":false,"_jetpack_memberships_contains_paid_content":false,"footnotes":"","jetpack_publicize_message":"","jetpack_publicize_feature_enabled":true,"jetpack_social_post_already_shared":true,"jetpack_social_options":{"image_generator_settings":{"template":"highway","default_image_id":0,"font":"","enabled":false},"version":2}},"categories":[1666],"tags":[1668,1667,1669],"class_list":["post-19081","post","type-post","status-publish","format-standard","has-post-thumbnail","hentry","category-religiao","tag-cnbb","tag-lgbt","tag-qquestoes-de-genero"],"jetpack_publicize_connections":[],"jetpack_featured_media_url":"https:\/\/blogopara.com.br\/wp-content\/uploads\/2021\/02\/Campanha-Fraternidade-2021.png","uagb_featured_image_src":{"full":["https:\/\/blogopara.com.br\/wp-content\/uploads\/2021\/02\/Campanha-Fraternidade-2021.png",500,326,false],"thumbnail":["https:\/\/blogopara.com.br\/wp-content\/uploads\/2021\/02\/Campanha-Fraternidade-2021-150x150.png",150,150,true],"medium":["https:\/\/blogopara.com.br\/wp-content\/uploads\/2021\/02\/Campanha-Fraternidade-2021-300x196.png",300,196,true],"medium_large":["https:\/\/blogopara.com.br\/wp-content\/uploads\/2021\/02\/Campanha-Fraternidade-2021.png",500,326,false],"large":["https:\/\/blogopara.com.br\/wp-content\/uploads\/2021\/02\/Campanha-Fraternidade-2021.png",500,326,false],"1536x1536":["https:\/\/blogopara.com.br\/wp-content\/uploads\/2021\/02\/Campanha-Fraternidade-2021.png",500,326,false],"2048x2048":["https:\/\/blogopara.com.br\/wp-content\/uploads\/2021\/02\/Campanha-Fraternidade-2021.png",500,326,false],"mantranews-slider-large":["https:\/\/blogopara.com.br\/wp-content\/uploads\/2021\/02\/Campanha-Fraternidade-2021.png",500,326,false],"mantranews-featured-medium":["https:\/\/blogopara.com.br\/wp-content\/uploads\/2021\/02\/Campanha-Fraternidade-2021-420x307.png",420,307,true],"mantranews-featured-long":["https:\/\/blogopara.com.br\/wp-content\/uploads\/2021\/02\/Campanha-Fraternidade-2021-300x326.png",300,326,true],"mantranews-block-medium":["https:\/\/blogopara.com.br\/wp-content\/uploads\/2021\/02\/Campanha-Fraternidade-2021-464x290.png",464,290,true],"mantranews-carousel-image":["https:\/\/blogopara.com.br\/wp-content\/uploads\/2021\/02\/Campanha-Fraternidade-2021.png",500,326,false],"mantranews-block-thumb":["https:\/\/blogopara.com.br\/wp-content\/uploads\/2021\/02\/Campanha-Fraternidade-2021-322x230.png",322,230,true],"mantranews-single-large":["https:\/\/blogopara.com.br\/wp-content\/uploads\/2021\/02\/Campanha-Fraternidade-2021.png",500,326,false]},"uagb_author_info":{"display_name":"Reda\u00e7\u00e3o geral","author_link":"https:\/\/blogopara.com.br\/index.php\/author\/blogopara"},"uagb_comment_info":0,"uagb_excerpt":"Como parte da 5\u00aa edi\u00e7\u00e3o da Campanha da Fraternidade Ecum\u00eanica que acontece este ano, a Confedera\u00e7\u00e3o Nacional de Bispos do Brasil (CNBB) decidiu incluir um assunto pol\u00eamico e que tem dividido opini\u00f5es dentro da Igreja Cat\u00f3lica: o movimento LGBT e as \u201cquest\u00f5es de g\u00eanero\u201d. No texto-base da campanha deste ano, na p\u00e1gina 33, item 68,&hellip;","jetpack_sharing_enabled":true,"jetpack_likes_enabled":true,"_links":{"self":[{"href":"https:\/\/blogopara.com.br\/index.php\/wp-json\/wp\/v2\/posts\/19081","targetHints":{"allow":["GET"]}}],"collection":[{"href":"https:\/\/blogopara.com.br\/index.php\/wp-json\/wp\/v2\/posts"}],"about":[{"href":"https:\/\/blogopara.com.br\/index.php\/wp-json\/wp\/v2\/types\/post"}],"author":[{"embeddable":true,"href":"https:\/\/blogopara.com.br\/index.php\/wp-json\/wp\/v2\/users\/1"}],"replies":[{"embeddable":true,"href":"https:\/\/blogopara.com.br\/index.php\/wp-json\/wp\/v2\/comments?post=19081"}],"version-history":[{"count":1,"href":"https:\/\/blogopara.com.br\/index.php\/wp-json\/wp\/v2\/posts\/19081\/revisions"}],"predecessor-version":[{"id":19083,"href":"https:\/\/blogopara.com.br\/index.php\/wp-json\/wp\/v2\/posts\/19081\/revisions\/19083"}],"wp:featuredmedia":[{"embeddable":true,"href":"https:\/\/blogopara.com.br\/index.php\/wp-json\/wp\/v2\/media\/19082"}],"wp:attachment":[{"href":"https:\/\/blogopara.com.br\/index.php\/wp-json\/wp\/v2\/media?parent=19081"}],"wp:term":[{"taxonomy":"category","embeddable":true,"href":"https:\/\/blogopara.com.br\/index.php\/wp-json\/wp\/v2\/categories?post=19081"},{"taxonomy":"post_tag","embeddable":true,"href":"https:\/\/blogopara.com.br\/index.php\/wp-json\/wp\/v2\/tags?post=19081"}],"curies":[{"name":"wp","href":"https:\/\/api.w.org\/{rel}","templated":true}]}}