{"id":19099,"date":"2021-02-06T12:52:45","date_gmt":"2021-02-06T15:52:45","guid":{"rendered":"http:\/\/blogopara.com.br\/?p=19099"},"modified":"2021-02-06T12:52:48","modified_gmt":"2021-02-06T15:52:48","slug":"sobradinho-policia-civil-faz-operacao-na-prefeitura-as-contas-do-prefeito-cleivynho-foram-rejeitadas","status":"publish","type":"post","link":"https:\/\/blogopara.com.br\/index.php\/2021\/02\/06\/sobradinho-policia-civil-faz-operacao-na-prefeitura-as-contas-do-prefeito-cleivynho-foram-rejeitadas","title":{"rendered":"Sobradinho: Pol\u00edcia Civil faz opera\u00e7\u00e3o na prefeitura. As contas do prefeito Cleivynho foram rejeitadas"},"content":{"rendered":"<p style=\"text-align: justify;\">A cidade de Sobradinho amanheceu agitada nesta sexta-feira, 05 de fevereiro. A alta temperatura do sol ajudou a esquentar mais ainda o ju\u00edzo do prefeito Regis Cleivys Sampaio Beto, o popular Cleivynho (PSD) com uma viatura da Pol\u00edcia Civil estacionada logo cedo na porta da prefeitura, o que ocasionou a curiosidade de populares.<\/p>\n<p style=\"text-align: justify;\">Nas redes sociais, os internautas fizeram alguns questionamentos: \u201cSer\u00e1 que os meninos da lei est\u00e3o cumprindo algum mandato de busca e apreens\u00e3o? Ou ser\u00e1 que algu\u00e9m cometeu algum delito e est\u00e1 fazendo parte da administra\u00e7\u00e3o municipal?\u201d<\/p>\n<p style=\"text-align: justify;\">Outro fato que chamou a aten\u00e7\u00e3o na terra da Barragem e regi\u00e3o, foi com rela\u00e7\u00e3o a decis\u00e3o do Cart\u00f3rio Eleitoral da cidade de Casa Nova, que opinou pela rejei\u00e7\u00e3o das contas de campanha, referente ao ano de 2020 do prefeito Cleivynho.<\/p>\n<p style=\"text-align: justify;\">De acordo o parecer da Analista Judici\u00e1ria, Tathiany Queiroz Santos Nascimento, afirma que:\u00a0\u201cAp\u00f3s detida an\u00e1lise dos documentos apresentados e informa\u00e7\u00f5es constantes dos autos, realizadas as dilig\u00eancias necess\u00e1rias \u00e0 complementa\u00e7\u00e3o das informa\u00e7\u00f5es, \u00e0 obten\u00e7\u00e3o de esclarecimentos e\/ou saneamento de falhas, restaram caracterizadas as inconsist\u00eancias, as quais sugerem a\u00a0desaprova\u00e7\u00e3o das contas, por se tratar de inconsist\u00eancia de natureza grave\u201d.<\/p>\n<p style=\"text-align: justify;\">Mais bronca<\/p>\n<p style=\"text-align: justify;\">No in\u00edcio desta semana, precisamente na \u00faltima segunda-feira (01), o ex-prefeito Luiz Vicente foi localizado e intimado por oficial de justi\u00e7a \u00e0 prestar esclarecimento sobre os problemas causados durante a campanha, dentre eles sobre a den\u00fancia de poss\u00edvel crime eleitoral envolvendo seu candidato Cleivynho. O processo se encontra em andamento na justi\u00e7a eleitoral para ser despachados nos pr\u00f3ximos dias.<\/p>\n<p style=\"text-align: justify;\">Fonte: BLOG RADAR DE NOT\u00cdCIAS<\/p>\n","protected":false},"excerpt":{"rendered":"<p>A cidade de Sobradinho amanheceu agitada nesta sexta-feira, 05 de fevereiro. A alta temperatura do sol ajudou a esquentar mais ainda o ju\u00edzo do prefeito Regis Cleivys Sampaio Beto, o popular Cleivynho (PSD) com uma viatura da Pol\u00edcia Civil estacionada logo cedo na porta da prefeitura, o que ocasionou a curiosidade de populares. Nas redes [&hellip;]<\/p>\n","protected":false},"author":1,"featured_media":19100,"comment_status":"open","ping_status":"open","sticky":false,"template":"","format":"standard","meta":{"_uag_custom_page_level_css":"","_monsterinsights_skip_tracking":false,"_monsterinsights_sitenote_active":false,"_monsterinsights_sitenote_note":"","_monsterinsights_sitenote_category":0,"jetpack_post_was_ever_published":false,"_jetpack_newsletter_access":"","_jetpack_dont_email_post_to_subs":false,"_jetpack_newsletter_tier_id":0,"_jetpack_memberships_contains_paywalled_content":false,"_jetpack_memberships_contains_paid_content":false,"footnotes":"","jetpack_publicize_message":"","jetpack_publicize_feature_enabled":true,"jetpack_social_post_already_shared":true,"jetpack_social_options":{"image_generator_settings":{"template":"highway","default_image_id":0,"font":"","enabled":false},"version":2}},"categories":[199,202,197],"tags":[1673,810,1334],"class_list":["post-19099","post","type-post","status-publish","format-standard","has-post-thumbnail","hentry","category-bahia","category-policia","category-politica","tag-contas-rejeitadas","tag-operacao","tag-pc"],"jetpack_publicize_connections":[],"jetpack_featured_media_url":"https:\/\/blogopara.com.br\/wp-content\/uploads\/2021\/02\/WhatsApp-Image-2021-02-06-at-09.58.46.jpeg","uagb_featured_image_src":{"full":["https:\/\/blogopara.com.br\/wp-content\/uploads\/2021\/02\/WhatsApp-Image-2021-02-06-at-09.58.46.jpeg",500,304,false],"thumbnail":["https:\/\/blogopara.com.br\/wp-content\/uploads\/2021\/02\/WhatsApp-Image-2021-02-06-at-09.58.46-150x150.jpeg",150,150,true],"medium":["https:\/\/blogopara.com.br\/wp-content\/uploads\/2021\/02\/WhatsApp-Image-2021-02-06-at-09.58.46-300x182.jpeg",300,182,true],"medium_large":["https:\/\/blogopara.com.br\/wp-content\/uploads\/2021\/02\/WhatsApp-Image-2021-02-06-at-09.58.46.jpeg",500,304,false],"large":["https:\/\/blogopara.com.br\/wp-content\/uploads\/2021\/02\/WhatsApp-Image-2021-02-06-at-09.58.46.jpeg",500,304,false],"1536x1536":["https:\/\/blogopara.com.br\/wp-content\/uploads\/2021\/02\/WhatsApp-Image-2021-02-06-at-09.58.46.jpeg",500,304,false],"2048x2048":["https:\/\/blogopara.com.br\/wp-content\/uploads\/2021\/02\/WhatsApp-Image-2021-02-06-at-09.58.46.jpeg",500,304,false],"mantranews-slider-large":["https:\/\/blogopara.com.br\/wp-content\/uploads\/2021\/02\/WhatsApp-Image-2021-02-06-at-09.58.46.jpeg",500,304,false],"mantranews-featured-medium":["https:\/\/blogopara.com.br\/wp-content\/uploads\/2021\/02\/WhatsApp-Image-2021-02-06-at-09.58.46-420x304.jpeg",420,304,true],"mantranews-featured-long":["https:\/\/blogopara.com.br\/wp-content\/uploads\/2021\/02\/WhatsApp-Image-2021-02-06-at-09.58.46-300x304.jpeg",300,304,true],"mantranews-block-medium":["https:\/\/blogopara.com.br\/wp-content\/uploads\/2021\/02\/WhatsApp-Image-2021-02-06-at-09.58.46-464x290.jpeg",464,290,true],"mantranews-carousel-image":["https:\/\/blogopara.com.br\/wp-content\/uploads\/2021\/02\/WhatsApp-Image-2021-02-06-at-09.58.46.jpeg",500,304,false],"mantranews-block-thumb":["https:\/\/blogopara.com.br\/wp-content\/uploads\/2021\/02\/WhatsApp-Image-2021-02-06-at-09.58.46-322x230.jpeg",322,230,true],"mantranews-single-large":["https:\/\/blogopara.com.br\/wp-content\/uploads\/2021\/02\/WhatsApp-Image-2021-02-06-at-09.58.46.jpeg",500,304,false]},"uagb_author_info":{"display_name":"Reda\u00e7\u00e3o geral","author_link":"https:\/\/blogopara.com.br\/index.php\/author\/blogopara"},"uagb_comment_info":0,"uagb_excerpt":"A cidade de Sobradinho amanheceu agitada nesta sexta-feira, 05 de fevereiro. A alta temperatura do sol ajudou a esquentar mais ainda o ju\u00edzo do prefeito Regis Cleivys Sampaio Beto, o popular Cleivynho (PSD) com uma viatura da Pol\u00edcia Civil estacionada logo cedo na porta da prefeitura, o que ocasionou a curiosidade de populares. Nas redes&hellip;","jetpack_sharing_enabled":true,"jetpack_likes_enabled":true,"_links":{"self":[{"href":"https:\/\/blogopara.com.br\/index.php\/wp-json\/wp\/v2\/posts\/19099","targetHints":{"allow":["GET"]}}],"collection":[{"href":"https:\/\/blogopara.com.br\/index.php\/wp-json\/wp\/v2\/posts"}],"about":[{"href":"https:\/\/blogopara.com.br\/index.php\/wp-json\/wp\/v2\/types\/post"}],"author":[{"embeddable":true,"href":"https:\/\/blogopara.com.br\/index.php\/wp-json\/wp\/v2\/users\/1"}],"replies":[{"embeddable":true,"href":"https:\/\/blogopara.com.br\/index.php\/wp-json\/wp\/v2\/comments?post=19099"}],"version-history":[{"count":1,"href":"https:\/\/blogopara.com.br\/index.php\/wp-json\/wp\/v2\/posts\/19099\/revisions"}],"predecessor-version":[{"id":19101,"href":"https:\/\/blogopara.com.br\/index.php\/wp-json\/wp\/v2\/posts\/19099\/revisions\/19101"}],"wp:featuredmedia":[{"embeddable":true,"href":"https:\/\/blogopara.com.br\/index.php\/wp-json\/wp\/v2\/media\/19100"}],"wp:attachment":[{"href":"https:\/\/blogopara.com.br\/index.php\/wp-json\/wp\/v2\/media?parent=19099"}],"wp:term":[{"taxonomy":"category","embeddable":true,"href":"https:\/\/blogopara.com.br\/index.php\/wp-json\/wp\/v2\/categories?post=19099"},{"taxonomy":"post_tag","embeddable":true,"href":"https:\/\/blogopara.com.br\/index.php\/wp-json\/wp\/v2\/tags?post=19099"}],"curies":[{"name":"wp","href":"https:\/\/api.w.org\/{rel}","templated":true}]}}