{"id":19469,"date":"2021-02-12T13:00:00","date_gmt":"2021-02-12T16:00:00","guid":{"rendered":"http:\/\/blogopara.com.br\/?p=19469"},"modified":"2021-02-12T13:39:38","modified_gmt":"2021-02-12T16:39:38","slug":"19469","status":"publish","type":"post","link":"https:\/\/blogopara.com.br\/index.php\/2021\/02\/12\/19469","title":{"rendered":"Vigilante acusado de matar porteiro \u00e9 condenado a 17 anos de pris\u00e3o"},"content":{"rendered":"<p style=\"text-align: justify;\">O vigilante Wallas Gomes de Lima, de 29 anos, acusado de matar o porteiro Guilherme Alves Pereira, de 23 anos, no condom\u00ednio em que trabalhavam em Itumbiara, regi\u00e3o sul de Goi\u00e1s, foi condenado a 17 anos de pris\u00e3o por homic\u00eddio duplamente qualificado. Segundo a investiga\u00e7\u00e3o, o r\u00e9u atirou contra a v\u00edtima depois de uma discuss\u00e3o por uma bolinha de papel, em 2018. Um v\u00eddeo registra o crime.<\/p>\n<p style=\"text-align: justify;\">O julgamento foi presidido pela ju\u00edza Tha\u00eds Lopes Lanza Monteiro e aconteceu no f\u00f3rum da cidade. O j\u00fari popular come\u00e7ou por volta de 8h30 desta quinta-feira (11) e teve 9h de dura\u00e7\u00e3o. Os jurados entenderam que o crime foi por motivo f\u00fatil.<\/p>\n<p style=\"text-align: justify;\">A advogada do acusado, Val\u00e9ria Cristina disse na noite desta quinta-feira, que &#8220;a defesa vai recorrer da pena aplicada&#8221;.<\/p>\n<p style=\"text-align: justify;\">Wallas j\u00e1 estava preso desde 29 de maio de 2019 e, conforme senten\u00e7a, vai cumprir sua pena em regime fechado. Durante o andamento do processo, a advogada que o defende alegou que o crime n\u00e3o se deu por causa de &#8220;uma bolinha de papel&#8221;, conforme consta na den\u00fancia.<\/p>\n<p style=\"text-align: justify;\">Segundo a defesa, Wallas estava sendo amea\u00e7ado pela v\u00edtima, ap\u00f3s ter reportado ao chefe deles que o porteiro fumava maconha no hor\u00e1rio de trabalho. A advogada tamb\u00e9m afirmou que Wallas j\u00e1 havia perdido um colega seguran\u00e7a, morto a tiros ap\u00f3s ser amea\u00e7ado, o que deixou o acusado &#8220;traumatizado&#8221; e que, diante disso, matou Guilherme para se proteger das amea\u00e7as de morte.<\/p>\n<p style=\"text-align: justify;\"><em>Crime<\/em><\/p>\n<p style=\"text-align: justify;\">O porteiro foi morto a tiros no dia 13 de outubro de 2018, no condom\u00ednio em que trabalhava, em Itumbiara. Na data, c\u00e2meras na portaria do condom\u00ednio onde v\u00edtima e r\u00e9u trabalhavam registraram quando o porteiro foi assassinado a tiros.<\/p>\n<p style=\"text-align: justify;\">A grava\u00e7\u00e3o mostra que Guilherme vai ao pr\u00f3prio carro e, quando est\u00e1 voltando, \u00e9 rendido pelo seguran\u00e7a. O porteiro levanta as m\u00e3os para o alto, vira-se de costas e \u00e9 baleado. J\u00e1 ca\u00eddo ao ch\u00e3o, mais tiros s\u00e3o disparados contra a cabe\u00e7a da v\u00edtima. Outros seguran\u00e7as chegam depois e ficam desesperados.<\/p>\n<p style=\"text-align: justify;\">Na \u00e9poca da investiga\u00e7\u00e3o policial, o delegado Ricardo Chueire contou que, horas antes de ser morto, o porteiro chegou a mandar uma mensagem a um amigo dizendo que havia sido amea\u00e7ado.<\/p>\n<p style=\"text-align: justify;\">\u00c0 \u00e9poca, as investiga\u00e7\u00f5es apontaram que a discuss\u00e3o entre os dois come\u00e7ou por conta de um papel jogado no ch\u00e3o.<\/p>\n\n\n<p><\/p>\n","protected":false},"excerpt":{"rendered":"<p>O vigilante Wallas Gomes de Lima, de 29 anos, acusado de matar o porteiro Guilherme Alves Pereira, de 23 anos, no condom\u00ednio em que trabalhavam em Itumbiara, regi\u00e3o sul de Goi\u00e1s, foi condenado a 17 anos de pris\u00e3o por homic\u00eddio duplamente qualificado. Segundo a investiga\u00e7\u00e3o, o r\u00e9u atirou contra a v\u00edtima depois de uma discuss\u00e3o [&hellip;]<\/p>\n","protected":false},"author":1,"featured_media":19474,"comment_status":"open","ping_status":"open","sticky":false,"template":"","format":"standard","meta":{"_uag_custom_page_level_css":"","_monsterinsights_skip_tracking":false,"_monsterinsights_sitenote_active":false,"_monsterinsights_sitenote_note":"","_monsterinsights_sitenote_category":0,"jetpack_post_was_ever_published":false,"_jetpack_newsletter_access":"","_jetpack_dont_email_post_to_subs":false,"_jetpack_newsletter_tier_id":0,"_jetpack_memberships_contains_paywalled_content":false,"_jetpack_memberships_contains_paid_content":false,"footnotes":"","jetpack_publicize_message":"","jetpack_publicize_feature_enabled":true,"jetpack_social_post_already_shared":true,"jetpack_social_options":{"image_generator_settings":{"template":"highway","default_image_id":0,"font":"","enabled":false},"version":2}},"categories":[202],"tags":[90,1792],"class_list":["post-19469","post","type-post","status-publish","format-standard","has-post-thumbnail","hentry","category-policia","tag-crime","tag-guarda-municipal-condenado"],"jetpack_publicize_connections":[],"jetpack_featured_media_url":"https:\/\/blogopara.com.br\/wp-content\/uploads\/2021\/02\/crimeguardacondenado.jpg","uagb_featured_image_src":{"full":["https:\/\/blogopara.com.br\/wp-content\/uploads\/2021\/02\/crimeguardacondenado.jpg",500,500,false],"thumbnail":["https:\/\/blogopara.com.br\/wp-content\/uploads\/2021\/02\/crimeguardacondenado-150x150.jpg",150,150,true],"medium":["https:\/\/blogopara.com.br\/wp-content\/uploads\/2021\/02\/crimeguardacondenado-300x300.jpg",300,300,true],"medium_large":["https:\/\/blogopara.com.br\/wp-content\/uploads\/2021\/02\/crimeguardacondenado.jpg",500,500,false],"large":["https:\/\/blogopara.com.br\/wp-content\/uploads\/2021\/02\/crimeguardacondenado.jpg",500,500,false],"1536x1536":["https:\/\/blogopara.com.br\/wp-content\/uploads\/2021\/02\/crimeguardacondenado.jpg",500,500,false],"2048x2048":["https:\/\/blogopara.com.br\/wp-content\/uploads\/2021\/02\/crimeguardacondenado.jpg",500,500,false],"mantranews-slider-large":["https:\/\/blogopara.com.br\/wp-content\/uploads\/2021\/02\/crimeguardacondenado.jpg",500,500,false],"mantranews-featured-medium":["https:\/\/blogopara.com.br\/wp-content\/uploads\/2021\/02\/crimeguardacondenado-420x307.jpg",420,307,true],"mantranews-featured-long":["https:\/\/blogopara.com.br\/wp-content\/uploads\/2021\/02\/crimeguardacondenado-300x443.jpg",300,443,true],"mantranews-block-medium":["https:\/\/blogopara.com.br\/wp-content\/uploads\/2021\/02\/crimeguardacondenado-464x290.jpg",464,290,true],"mantranews-carousel-image":["https:\/\/blogopara.com.br\/wp-content\/uploads\/2021\/02\/crimeguardacondenado.jpg",500,500,false],"mantranews-block-thumb":["https:\/\/blogopara.com.br\/wp-content\/uploads\/2021\/02\/crimeguardacondenado-322x230.jpg",322,230,true],"mantranews-single-large":["https:\/\/blogopara.com.br\/wp-content\/uploads\/2021\/02\/crimeguardacondenado.jpg",500,500,false]},"uagb_author_info":{"display_name":"Reda\u00e7\u00e3o geral","author_link":"https:\/\/blogopara.com.br\/index.php\/author\/blogopara"},"uagb_comment_info":0,"uagb_excerpt":"O vigilante Wallas Gomes de Lima, de 29 anos, acusado de matar o porteiro Guilherme Alves Pereira, de 23 anos, no condom\u00ednio em que trabalhavam em Itumbiara, regi\u00e3o sul de Goi\u00e1s, foi condenado a 17 anos de pris\u00e3o por homic\u00eddio duplamente qualificado. Segundo a investiga\u00e7\u00e3o, o r\u00e9u atirou contra a v\u00edtima depois de uma discuss\u00e3o&hellip;","jetpack_sharing_enabled":true,"jetpack_likes_enabled":true,"_links":{"self":[{"href":"https:\/\/blogopara.com.br\/index.php\/wp-json\/wp\/v2\/posts\/19469","targetHints":{"allow":["GET"]}}],"collection":[{"href":"https:\/\/blogopara.com.br\/index.php\/wp-json\/wp\/v2\/posts"}],"about":[{"href":"https:\/\/blogopara.com.br\/index.php\/wp-json\/wp\/v2\/types\/post"}],"author":[{"embeddable":true,"href":"https:\/\/blogopara.com.br\/index.php\/wp-json\/wp\/v2\/users\/1"}],"replies":[{"embeddable":true,"href":"https:\/\/blogopara.com.br\/index.php\/wp-json\/wp\/v2\/comments?post=19469"}],"version-history":[{"count":3,"href":"https:\/\/blogopara.com.br\/index.php\/wp-json\/wp\/v2\/posts\/19469\/revisions"}],"predecessor-version":[{"id":19483,"href":"https:\/\/blogopara.com.br\/index.php\/wp-json\/wp\/v2\/posts\/19469\/revisions\/19483"}],"wp:featuredmedia":[{"embeddable":true,"href":"https:\/\/blogopara.com.br\/index.php\/wp-json\/wp\/v2\/media\/19474"}],"wp:attachment":[{"href":"https:\/\/blogopara.com.br\/index.php\/wp-json\/wp\/v2\/media?parent=19469"}],"wp:term":[{"taxonomy":"category","embeddable":true,"href":"https:\/\/blogopara.com.br\/index.php\/wp-json\/wp\/v2\/categories?post=19469"},{"taxonomy":"post_tag","embeddable":true,"href":"https:\/\/blogopara.com.br\/index.php\/wp-json\/wp\/v2\/tags?post=19469"}],"curies":[{"name":"wp","href":"https:\/\/api.w.org\/{rel}","templated":true}]}}