{"id":19495,"date":"2021-02-12T18:20:00","date_gmt":"2021-02-12T21:20:00","guid":{"rendered":"http:\/\/blogopara.com.br\/?p=19495"},"modified":"2021-02-12T14:27:48","modified_gmt":"2021-02-12T17:27:48","slug":"bahia-municipios-comecam-a-receber-a-segunda-dose-da-coronavac-e-a-vacinacao-da-fase-1-e-suspensa-na-capital","status":"publish","type":"post","link":"https:\/\/blogopara.com.br\/index.php\/2021\/02\/12\/bahia-municipios-comecam-a-receber-a-segunda-dose-da-coronavac-e-a-vacinacao-da-fase-1-e-suspensa-na-capital","title":{"rendered":"Bahia: munic\u00edpios come\u00e7am a receber a segunda dose da CoronaVac e a vacina\u00e7\u00e3o da Fase 1 \u00e9 suspensa na capital"},"content":{"rendered":"<p style=\"text-align: justify\">A segunda dose da CoronaVac, vacina contra a Covid-19 come\u00e7ou a ser distribu\u00edda para os munic\u00edpios baianos nesta sexta-feira (12).<\/p>\n<p style=\"text-align: justify\">De acordo com a Secretaria de Sa\u00fade da Bahia &#8211; SESAB, o esquema da segunda dose vai come\u00e7ar pelos profissionais da sa\u00fade da linha de frente, idosos acima de 60 anos que vivem em asilos e ind\u00edgenas aldeados, que s\u00e3o os grupos imunizados na primeira etapa da vacina\u00e7\u00e3o. A recomenda\u00e7\u00e3o do \u00f3rg\u00e3o \u00e9 que as pessoas busquem os mesmos locais onde tomaram a primeira dose, levando a carteira de vacina\u00e7\u00e3o.<\/p>\n<p style=\"text-align: justify\"><strong>Salvador<\/strong><\/p>\n<p style=\"text-align: justify\">Na capital o n\u00famero de doses da vacina da Fase 1 foram insuficientes para vacinar o p\u00fablico alvo. De acordo com a secretaria municipal de sa\u00fade, n\u00e3o chegou a 30% da vacina\u00e7\u00e3o do publico identificado. &nbsp;A SESAB afirma que o Minist\u00e9rio da Sa\u00fade n\u00e3o enviou as doses de vacinas suficientes para a Bahia imunizar na Fase 1.<\/p>\n<p style=\"text-align: justify\"><strong>Juazeiro<\/strong><\/p>\n<p style=\"text-align: justify\">Juazeiro recebeu cerca de 5 mil doses da vacinas contra a Covid-19 desde o dia 19 de janeiro, e est\u00e1 executando a Fase 1 do Plano Nacional de Imuniza\u00e7\u00e3o. Para o munic\u00edpio s\u00e3o necess\u00e1rias quase 15 mil doses para o cumprimento dessa fase, vacinando profissionais de sa\u00fade e idosos com mais de 75 anos. At\u00e9 esta sexta-feira, foram vacinados idosos acima de 87 anos na Fase 1.<\/p>\n\n\n<p>Da Reda\u00e7\u00e3o.<\/p>\n","protected":false},"excerpt":{"rendered":"<p>A segunda dose da CoronaVac, vacina contra a Covid-19 come\u00e7ou a ser distribu\u00edda para os munic\u00edpios baianos nesta sexta-feira (12). De acordo com a Secretaria de Sa\u00fade da Bahia &#8211; SESAB, o esquema da segunda dose vai come\u00e7ar pelos profissionais da sa\u00fade da linha de frente, idosos acima de 60 anos que vivem em asilos [&hellip;]<\/p>\n","protected":false},"author":1,"featured_media":19499,"comment_status":"open","ping_status":"open","sticky":false,"template":"","format":"standard","meta":{"_uag_custom_page_level_css":"","_monsterinsights_skip_tracking":false,"_monsterinsights_sitenote_active":false,"_monsterinsights_sitenote_note":"","_monsterinsights_sitenote_category":0,"jetpack_post_was_ever_published":false,"_jetpack_newsletter_access":"","_jetpack_dont_email_post_to_subs":false,"_jetpack_newsletter_tier_id":0,"_jetpack_memberships_contains_paywalled_content":false,"_jetpack_memberships_contains_paid_content":false,"footnotes":"","jetpack_publicize_message":"","jetpack_publicize_feature_enabled":true,"jetpack_social_post_already_shared":true,"jetpack_social_options":{"image_generator_settings":{"template":"highway","default_image_id":0,"font":"","enabled":false},"version":2}},"categories":[205],"tags":[11,1051],"class_list":["post-19495","post","type-post","status-publish","format-standard","has-post-thumbnail","hentry","category-saude","tag-bahia","tag-vacina"],"jetpack_publicize_connections":[],"jetpack_featured_media_url":"https:\/\/blogopara.com.br\/wp-content\/uploads\/2021\/02\/Vacinacao12.02.jpg","uagb_featured_image_src":{"full":["https:\/\/blogopara.com.br\/wp-content\/uploads\/2021\/02\/Vacinacao12.02.jpg",474,433,false],"thumbnail":["https:\/\/blogopara.com.br\/wp-content\/uploads\/2021\/02\/Vacinacao12.02-150x150.jpg",150,150,true],"medium":["https:\/\/blogopara.com.br\/wp-content\/uploads\/2021\/02\/Vacinacao12.02-300x274.jpg",300,274,true],"medium_large":["https:\/\/blogopara.com.br\/wp-content\/uploads\/2021\/02\/Vacinacao12.02.jpg",474,433,false],"large":["https:\/\/blogopara.com.br\/wp-content\/uploads\/2021\/02\/Vacinacao12.02.jpg",474,433,false],"1536x1536":["https:\/\/blogopara.com.br\/wp-content\/uploads\/2021\/02\/Vacinacao12.02.jpg",474,433,false],"2048x2048":["https:\/\/blogopara.com.br\/wp-content\/uploads\/2021\/02\/Vacinacao12.02.jpg",474,433,false],"mantranews-slider-large":["https:\/\/blogopara.com.br\/wp-content\/uploads\/2021\/02\/Vacinacao12.02.jpg",474,433,false],"mantranews-featured-medium":["https:\/\/blogopara.com.br\/wp-content\/uploads\/2021\/02\/Vacinacao12.02-420x307.jpg",420,307,true],"mantranews-featured-long":["https:\/\/blogopara.com.br\/wp-content\/uploads\/2021\/02\/Vacinacao12.02-300x433.jpg",300,433,true],"mantranews-block-medium":["https:\/\/blogopara.com.br\/wp-content\/uploads\/2021\/02\/Vacinacao12.02-464x290.jpg",464,290,true],"mantranews-carousel-image":["https:\/\/blogopara.com.br\/wp-content\/uploads\/2021\/02\/Vacinacao12.02.jpg",474,433,false],"mantranews-block-thumb":["https:\/\/blogopara.com.br\/wp-content\/uploads\/2021\/02\/Vacinacao12.02-322x230.jpg",322,230,true],"mantranews-single-large":["https:\/\/blogopara.com.br\/wp-content\/uploads\/2021\/02\/Vacinacao12.02.jpg",474,433,false]},"uagb_author_info":{"display_name":"Reda\u00e7\u00e3o geral","author_link":"https:\/\/blogopara.com.br\/index.php\/author\/blogopara"},"uagb_comment_info":0,"uagb_excerpt":"A segunda dose da CoronaVac, vacina contra a Covid-19 come\u00e7ou a ser distribu\u00edda para os munic\u00edpios baianos nesta sexta-feira (12). De acordo com a Secretaria de Sa\u00fade da Bahia &#8211; SESAB, o esquema da segunda dose vai come\u00e7ar pelos profissionais da sa\u00fade da linha de frente, idosos acima de 60 anos que vivem em asilos&hellip;","jetpack_sharing_enabled":true,"jetpack_likes_enabled":true,"_links":{"self":[{"href":"https:\/\/blogopara.com.br\/index.php\/wp-json\/wp\/v2\/posts\/19495","targetHints":{"allow":["GET"]}}],"collection":[{"href":"https:\/\/blogopara.com.br\/index.php\/wp-json\/wp\/v2\/posts"}],"about":[{"href":"https:\/\/blogopara.com.br\/index.php\/wp-json\/wp\/v2\/types\/post"}],"author":[{"embeddable":true,"href":"https:\/\/blogopara.com.br\/index.php\/wp-json\/wp\/v2\/users\/1"}],"replies":[{"embeddable":true,"href":"https:\/\/blogopara.com.br\/index.php\/wp-json\/wp\/v2\/comments?post=19495"}],"version-history":[{"count":2,"href":"https:\/\/blogopara.com.br\/index.php\/wp-json\/wp\/v2\/posts\/19495\/revisions"}],"predecessor-version":[{"id":19511,"href":"https:\/\/blogopara.com.br\/index.php\/wp-json\/wp\/v2\/posts\/19495\/revisions\/19511"}],"wp:featuredmedia":[{"embeddable":true,"href":"https:\/\/blogopara.com.br\/index.php\/wp-json\/wp\/v2\/media\/19499"}],"wp:attachment":[{"href":"https:\/\/blogopara.com.br\/index.php\/wp-json\/wp\/v2\/media?parent=19495"}],"wp:term":[{"taxonomy":"category","embeddable":true,"href":"https:\/\/blogopara.com.br\/index.php\/wp-json\/wp\/v2\/categories?post=19495"},{"taxonomy":"post_tag","embeddable":true,"href":"https:\/\/blogopara.com.br\/index.php\/wp-json\/wp\/v2\/tags?post=19495"}],"curies":[{"name":"wp","href":"https:\/\/api.w.org\/{rel}","templated":true}]}}