{"id":19508,"date":"2021-02-13T09:00:00","date_gmt":"2021-02-13T12:00:00","guid":{"rendered":"http:\/\/blogopara.com.br\/?p=19508"},"modified":"2021-02-12T14:29:57","modified_gmt":"2021-02-12T17:29:57","slug":"alerta-prefeitura-de-juazeiro-alerta-para-o-risco-de-jogar-lixo-em-canais","status":"publish","type":"post","link":"https:\/\/blogopara.com.br\/index.php\/2021\/02\/13\/alerta-prefeitura-de-juazeiro-alerta-para-o-risco-de-jogar-lixo-em-canais","title":{"rendered":"Alerta: Prefeitura de Juazeiro alerta para o risco de jogar lixo em canais"},"content":{"rendered":"<p style=\"text-align: justify;\">A Prefeitura de Juazeiro, atrav\u00e9s da Secretaria de Servi\u00e7os P\u00fablicos (SESP), chama a aten\u00e7\u00e3o da popula\u00e7\u00e3o para os riscos dos descartes incorretos do lixo, principalmente nos dias em que n\u00e3o h\u00e1 coleta.<\/p>\n<p style=\"text-align: justify;\">A SESP alerta aos mun\u00edcipes que se conscientizem dos riscos e da import\u00e2ncia de jogar o lixo em locais adequados, e n\u00e3o em canais ou bueiros, contribuindo para diversos problemas. Desde o in\u00edcio dos trabalhos, j\u00e1 foram encontrados pneus, sof\u00e1s, materiais de constru\u00e7\u00e3o, geladeiras, carca\u00e7a de m\u00f3veis, etc.<\/p>\n<p style=\"text-align: justify;\"><strong>A\u00e7\u00f5es preventivas<\/strong><\/p>\n<p style=\"text-align: justify;\">As equipes t\u00eam realizado, preventivamente, limpezas di\u00e1rias de galerias e canais \u2013 esses, muitas vezes, demoram cerca de um m\u00eas para ficarem limpos devido \u00e0 quantidade de lixo encontrada.<\/p>\n<p style=\"text-align: justify;\">Um servi\u00e7o essencial da prefeitura para controle de alagamentos, mas que requer a colabora\u00e7\u00e3o da popula\u00e7\u00e3o para evitar outros transtornos.<\/p>\n<p style=\"text-align: justify;\"><strong>Cuidados<\/strong><\/p>\n<p style=\"text-align: justify;\">Vale salientar que o cuidado com o lixo n\u00e3o \u00e9 apenas uma quest\u00e3o de est\u00e9tica, mas de sa\u00fade p\u00fablica. Evita a contamina\u00e7\u00e3o do solo, a prolifera\u00e7\u00e3o de insetos, al\u00e9m de gerar limpeza e economia para os cofres p\u00fablicos.<\/p>\n<p style=\"text-align: justify;\">A prefeitura refor\u00e7a que a popula\u00e7\u00e3o deve ficar atenta aos dias e hor\u00e1rios das coletas e pede que os moradores n\u00e3o fa\u00e7am descartes em vias p\u00fablicas ou terrenos privados.<\/p>\n<p style=\"text-align: justify;\"><em>Assessoria da PMJ<\/em><\/p>\n","protected":false},"excerpt":{"rendered":"<p>A Prefeitura de Juazeiro, atrav\u00e9s da Secretaria de Servi\u00e7os P\u00fablicos (SESP), chama a aten\u00e7\u00e3o da popula\u00e7\u00e3o para os riscos dos descartes incorretos do lixo, principalmente nos dias em que n\u00e3o h\u00e1 coleta. A SESP alerta aos mun\u00edcipes que se conscientizem dos riscos e da import\u00e2ncia de jogar o lixo em locais adequados, e n\u00e3o em [&hellip;]<\/p>\n","protected":false},"author":1,"featured_media":19509,"comment_status":"open","ping_status":"open","sticky":false,"template":"","format":"standard","meta":{"_uag_custom_page_level_css":"","_monsterinsights_skip_tracking":false,"_monsterinsights_sitenote_active":false,"_monsterinsights_sitenote_note":"","_monsterinsights_sitenote_category":0,"jetpack_post_was_ever_published":false,"_jetpack_newsletter_access":"","_jetpack_dont_email_post_to_subs":false,"_jetpack_newsletter_tier_id":0,"_jetpack_memberships_contains_paywalled_content":false,"_jetpack_memberships_contains_paid_content":false,"footnotes":"","jetpack_publicize_message":"","jetpack_publicize_feature_enabled":true,"jetpack_social_post_already_shared":true,"jetpack_social_options":{"image_generator_settings":{"template":"highway","default_image_id":0,"font":"","enabled":false},"version":2}},"categories":[203],"tags":[1801,9,1756],"class_list":["post-19508","post","type-post","status-publish","format-standard","has-post-thumbnail","hentry","category-juazeiro","tag-canal-de-lixo","tag-juazeiro","tag-limpeza-publica"],"jetpack_publicize_connections":[],"jetpack_featured_media_url":"https:\/\/blogopara.com.br\/wp-content\/uploads\/2021\/02\/Limpeza-de-canais-3.jpeg","uagb_featured_image_src":{"full":["https:\/\/blogopara.com.br\/wp-content\/uploads\/2021\/02\/Limpeza-de-canais-3.jpeg",500,375,false],"thumbnail":["https:\/\/blogopara.com.br\/wp-content\/uploads\/2021\/02\/Limpeza-de-canais-3-150x150.jpeg",150,150,true],"medium":["https:\/\/blogopara.com.br\/wp-content\/uploads\/2021\/02\/Limpeza-de-canais-3-300x225.jpeg",300,225,true],"medium_large":["https:\/\/blogopara.com.br\/wp-content\/uploads\/2021\/02\/Limpeza-de-canais-3.jpeg",500,375,false],"large":["https:\/\/blogopara.com.br\/wp-content\/uploads\/2021\/02\/Limpeza-de-canais-3.jpeg",500,375,false],"1536x1536":["https:\/\/blogopara.com.br\/wp-content\/uploads\/2021\/02\/Limpeza-de-canais-3.jpeg",500,375,false],"2048x2048":["https:\/\/blogopara.com.br\/wp-content\/uploads\/2021\/02\/Limpeza-de-canais-3.jpeg",500,375,false],"mantranews-slider-large":["https:\/\/blogopara.com.br\/wp-content\/uploads\/2021\/02\/Limpeza-de-canais-3.jpeg",500,375,false],"mantranews-featured-medium":["https:\/\/blogopara.com.br\/wp-content\/uploads\/2021\/02\/Limpeza-de-canais-3-420x307.jpeg",420,307,true],"mantranews-featured-long":["https:\/\/blogopara.com.br\/wp-content\/uploads\/2021\/02\/Limpeza-de-canais-3-300x375.jpeg",300,375,true],"mantranews-block-medium":["https:\/\/blogopara.com.br\/wp-content\/uploads\/2021\/02\/Limpeza-de-canais-3-464x290.jpeg",464,290,true],"mantranews-carousel-image":["https:\/\/blogopara.com.br\/wp-content\/uploads\/2021\/02\/Limpeza-de-canais-3.jpeg",500,375,false],"mantranews-block-thumb":["https:\/\/blogopara.com.br\/wp-content\/uploads\/2021\/02\/Limpeza-de-canais-3-322x230.jpeg",322,230,true],"mantranews-single-large":["https:\/\/blogopara.com.br\/wp-content\/uploads\/2021\/02\/Limpeza-de-canais-3.jpeg",500,375,false]},"uagb_author_info":{"display_name":"Reda\u00e7\u00e3o geral","author_link":"https:\/\/blogopara.com.br\/index.php\/author\/blogopara"},"uagb_comment_info":0,"uagb_excerpt":"A Prefeitura de Juazeiro, atrav\u00e9s da Secretaria de Servi\u00e7os P\u00fablicos (SESP), chama a aten\u00e7\u00e3o da popula\u00e7\u00e3o para os riscos dos descartes incorretos do lixo, principalmente nos dias em que n\u00e3o h\u00e1 coleta. A SESP alerta aos mun\u00edcipes que se conscientizem dos riscos e da import\u00e2ncia de jogar o lixo em locais adequados, e n\u00e3o em&hellip;","jetpack_sharing_enabled":true,"jetpack_likes_enabled":true,"_links":{"self":[{"href":"https:\/\/blogopara.com.br\/index.php\/wp-json\/wp\/v2\/posts\/19508","targetHints":{"allow":["GET"]}}],"collection":[{"href":"https:\/\/blogopara.com.br\/index.php\/wp-json\/wp\/v2\/posts"}],"about":[{"href":"https:\/\/blogopara.com.br\/index.php\/wp-json\/wp\/v2\/types\/post"}],"author":[{"embeddable":true,"href":"https:\/\/blogopara.com.br\/index.php\/wp-json\/wp\/v2\/users\/1"}],"replies":[{"embeddable":true,"href":"https:\/\/blogopara.com.br\/index.php\/wp-json\/wp\/v2\/comments?post=19508"}],"version-history":[{"count":1,"href":"https:\/\/blogopara.com.br\/index.php\/wp-json\/wp\/v2\/posts\/19508\/revisions"}],"predecessor-version":[{"id":19510,"href":"https:\/\/blogopara.com.br\/index.php\/wp-json\/wp\/v2\/posts\/19508\/revisions\/19510"}],"wp:featuredmedia":[{"embeddable":true,"href":"https:\/\/blogopara.com.br\/index.php\/wp-json\/wp\/v2\/media\/19509"}],"wp:attachment":[{"href":"https:\/\/blogopara.com.br\/index.php\/wp-json\/wp\/v2\/media?parent=19508"}],"wp:term":[{"taxonomy":"category","embeddable":true,"href":"https:\/\/blogopara.com.br\/index.php\/wp-json\/wp\/v2\/categories?post=19508"},{"taxonomy":"post_tag","embeddable":true,"href":"https:\/\/blogopara.com.br\/index.php\/wp-json\/wp\/v2\/tags?post=19508"}],"curies":[{"name":"wp","href":"https:\/\/api.w.org\/{rel}","templated":true}]}}