{"id":19523,"date":"2021-02-12T19:50:00","date_gmt":"2021-02-12T22:50:00","guid":{"rendered":"http:\/\/blogopara.com.br\/?p=19523"},"modified":"2021-02-12T16:59:19","modified_gmt":"2021-02-12T19:59:19","slug":"garis-vao-para-a-porta-da-prefeitura-de-juazeiro-reivindicar-emprego","status":"publish","type":"post","link":"https:\/\/blogopara.com.br\/index.php\/2021\/02\/12\/garis-vao-para-a-porta-da-prefeitura-de-juazeiro-reivindicar-emprego","title":{"rendered":"Garis v\u00e3o para a porta da prefeitura de Juazeiro reivindicar emprego"},"content":{"rendered":"<p style=\"text-align: justify;\">A porta da Prefeitura Municipal de Juazeiro recebeu dezenas de garis nesta quinta-feira (11) reivindicando a volta de seus empregos ap\u00f3s mudan\u00e7a de gest\u00e3o.<\/p>\n<p style=\"text-align: justify;\">Uma servidora, que atendia a categoria na porta do Pa\u00e7o Municipal explicou que a princ\u00edpio o contrato com todos era emergencial e a prefeitura est\u00e1 fazendo todos os esfor\u00e7os para contornar a situa\u00e7\u00e3o: \u201cEstamos tentando resolver da melhor forma, queremos a compreens\u00e3o de todos voc\u00eas, meu telefone n\u00e3o para um segundo\u201d disse ela.<\/p>\n<p style=\"text-align: justify;\">De acordo com uma das pessoas que reivindicavam uma posi\u00e7\u00e3o da prefeitura, quando foram \u00e0 secret\u00e1ria de servi\u00e7os p\u00fablicos, mandaram todos procurar os vereadores para resolver a quest\u00e3o: \u201cUm absurdo\u201d disse um deles. Um outro profissional disse que \u201calguns novatos j\u00e1 est\u00e3o com farda trabalhando e os antigos n\u00e3o\u201d. A servidora que n\u00e3o foi identificada pela reportagem disse que a prefeitura ser\u00e1 justa e que precisar ter o controle da situa\u00e7\u00e3o.<\/p>\n<p style=\"text-align: justify;\">Encaminhamos o pedido de identifica\u00e7\u00e3o da servidora ao setor de comunica\u00e7\u00e3o da Prefeitura que ainda n\u00e3o respondeu.<\/p>\n<p style=\"text-align: justify;\">Fonte: RedeGN<\/p>\n","protected":false},"excerpt":{"rendered":"<p>A porta da Prefeitura Municipal de Juazeiro recebeu dezenas de garis nesta quinta-feira (11) reivindicando a volta de seus empregos ap\u00f3s mudan\u00e7a de gest\u00e3o. Uma servidora, que atendia a categoria na porta do Pa\u00e7o Municipal explicou que a princ\u00edpio o contrato com todos era emergencial e a prefeitura est\u00e1 fazendo todos os esfor\u00e7os para contornar [&hellip;]<\/p>\n","protected":false},"author":1,"featured_media":19525,"comment_status":"open","ping_status":"open","sticky":false,"template":"","format":"standard","meta":{"_uag_custom_page_level_css":"","_monsterinsights_skip_tracking":false,"_monsterinsights_sitenote_active":false,"_monsterinsights_sitenote_note":"","_monsterinsights_sitenote_category":0,"jetpack_post_was_ever_published":false,"_jetpack_newsletter_access":"","_jetpack_dont_email_post_to_subs":false,"_jetpack_newsletter_tier_id":0,"_jetpack_memberships_contains_paywalled_content":false,"_jetpack_memberships_contains_paid_content":false,"footnotes":"","jetpack_publicize_message":"","jetpack_publicize_feature_enabled":true,"jetpack_social_post_already_shared":true,"jetpack_social_options":{"image_generator_settings":{"template":"highway","default_image_id":0,"font":"","enabled":false},"version":2}},"categories":[203,197],"tags":[856,1805],"class_list":["post-19523","post","type-post","status-publish","format-standard","has-post-thumbnail","hentry","category-juazeiro","category-politica","tag-emprego","tag-gari"],"jetpack_publicize_connections":[],"jetpack_featured_media_url":"https:\/\/blogopara.com.br\/wp-content\/uploads\/2021\/02\/GarisnoPacoMunicipal.jpeg","uagb_featured_image_src":{"full":["https:\/\/blogopara.com.br\/wp-content\/uploads\/2021\/02\/GarisnoPacoMunicipal.jpeg",500,376,false],"thumbnail":["https:\/\/blogopara.com.br\/wp-content\/uploads\/2021\/02\/GarisnoPacoMunicipal-150x150.jpeg",150,150,true],"medium":["https:\/\/blogopara.com.br\/wp-content\/uploads\/2021\/02\/GarisnoPacoMunicipal-300x226.jpeg",300,226,true],"medium_large":["https:\/\/blogopara.com.br\/wp-content\/uploads\/2021\/02\/GarisnoPacoMunicipal.jpeg",500,376,false],"large":["https:\/\/blogopara.com.br\/wp-content\/uploads\/2021\/02\/GarisnoPacoMunicipal.jpeg",500,376,false],"1536x1536":["https:\/\/blogopara.com.br\/wp-content\/uploads\/2021\/02\/GarisnoPacoMunicipal.jpeg",500,376,false],"2048x2048":["https:\/\/blogopara.com.br\/wp-content\/uploads\/2021\/02\/GarisnoPacoMunicipal.jpeg",500,376,false],"mantranews-slider-large":["https:\/\/blogopara.com.br\/wp-content\/uploads\/2021\/02\/GarisnoPacoMunicipal.jpeg",500,376,false],"mantranews-featured-medium":["https:\/\/blogopara.com.br\/wp-content\/uploads\/2021\/02\/GarisnoPacoMunicipal-420x307.jpeg",420,307,true],"mantranews-featured-long":["https:\/\/blogopara.com.br\/wp-content\/uploads\/2021\/02\/GarisnoPacoMunicipal-300x376.jpeg",300,376,true],"mantranews-block-medium":["https:\/\/blogopara.com.br\/wp-content\/uploads\/2021\/02\/GarisnoPacoMunicipal-464x290.jpeg",464,290,true],"mantranews-carousel-image":["https:\/\/blogopara.com.br\/wp-content\/uploads\/2021\/02\/GarisnoPacoMunicipal.jpeg",500,376,false],"mantranews-block-thumb":["https:\/\/blogopara.com.br\/wp-content\/uploads\/2021\/02\/GarisnoPacoMunicipal-322x230.jpeg",322,230,true],"mantranews-single-large":["https:\/\/blogopara.com.br\/wp-content\/uploads\/2021\/02\/GarisnoPacoMunicipal.jpeg",500,376,false]},"uagb_author_info":{"display_name":"Reda\u00e7\u00e3o geral","author_link":"https:\/\/blogopara.com.br\/index.php\/author\/blogopara"},"uagb_comment_info":0,"uagb_excerpt":"A porta da Prefeitura Municipal de Juazeiro recebeu dezenas de garis nesta quinta-feira (11) reivindicando a volta de seus empregos ap\u00f3s mudan\u00e7a de gest\u00e3o. Uma servidora, que atendia a categoria na porta do Pa\u00e7o Municipal explicou que a princ\u00edpio o contrato com todos era emergencial e a prefeitura est\u00e1 fazendo todos os esfor\u00e7os para contornar&hellip;","jetpack_sharing_enabled":true,"jetpack_likes_enabled":true,"_links":{"self":[{"href":"https:\/\/blogopara.com.br\/index.php\/wp-json\/wp\/v2\/posts\/19523","targetHints":{"allow":["GET"]}}],"collection":[{"href":"https:\/\/blogopara.com.br\/index.php\/wp-json\/wp\/v2\/posts"}],"about":[{"href":"https:\/\/blogopara.com.br\/index.php\/wp-json\/wp\/v2\/types\/post"}],"author":[{"embeddable":true,"href":"https:\/\/blogopara.com.br\/index.php\/wp-json\/wp\/v2\/users\/1"}],"replies":[{"embeddable":true,"href":"https:\/\/blogopara.com.br\/index.php\/wp-json\/wp\/v2\/comments?post=19523"}],"version-history":[{"count":2,"href":"https:\/\/blogopara.com.br\/index.php\/wp-json\/wp\/v2\/posts\/19523\/revisions"}],"predecessor-version":[{"id":19527,"href":"https:\/\/blogopara.com.br\/index.php\/wp-json\/wp\/v2\/posts\/19523\/revisions\/19527"}],"wp:featuredmedia":[{"embeddable":true,"href":"https:\/\/blogopara.com.br\/index.php\/wp-json\/wp\/v2\/media\/19525"}],"wp:attachment":[{"href":"https:\/\/blogopara.com.br\/index.php\/wp-json\/wp\/v2\/media?parent=19523"}],"wp:term":[{"taxonomy":"category","embeddable":true,"href":"https:\/\/blogopara.com.br\/index.php\/wp-json\/wp\/v2\/categories?post=19523"},{"taxonomy":"post_tag","embeddable":true,"href":"https:\/\/blogopara.com.br\/index.php\/wp-json\/wp\/v2\/tags?post=19523"}],"curies":[{"name":"wp","href":"https:\/\/api.w.org\/{rel}","templated":true}]}}