{"id":19562,"date":"2021-02-15T13:55:00","date_gmt":"2021-02-15T16:55:00","guid":{"rendered":"http:\/\/blogopara.com.br\/?p=19562"},"modified":"2021-02-15T09:08:40","modified_gmt":"2021-02-15T12:08:40","slug":"neto-diz-que-trabalhara-para-que-maioria-do-dem-faca-oposicao-a-bolsonaro","status":"publish","type":"post","link":"https:\/\/blogopara.com.br\/index.php\/2021\/02\/15\/neto-diz-que-trabalhara-para-que-maioria-do-dem-faca-oposicao-a-bolsonaro","title":{"rendered":"Neto diz que trabalhar\u00e1 para que maioria do DEM fa\u00e7a oposi\u00e7\u00e3o a Bolsonaro"},"content":{"rendered":"<p style=\"text-align: justify;\">Ap\u00f3s a nomea\u00e7\u00e3o confirmar a ida do deputado Jo\u00e3o Roma (Republicanos-BA) como ministro da Cidadania, o presidente nacional do DEM, ACM Neto (BA), afirmou a aliados que o presidente Jair Bolsonaro (sem partido) ganhou um inimigo. De acordo com a coluna Painel, da Folha, Neto garantiu que ir\u00e1 atuar para levar a maioria do partido para a oposi\u00e7\u00e3o ao mandat\u00e1rio.<\/p>\n<div id=\"div-gpt-ad-bn_principal_conteudo\" data-google-query-id=\"CKKszLfk6-4CFe0wuQYdVSgEcg\">\n<p style=\"text-align: justify;\">Neto havia pedido tanto ao Planalto como ao deputado que ele n\u00e3o virasse ministro. Depois da opera\u00e7\u00e3o fracassada, a ira do dirigente do DEM \u00e9 tanta que ele disse a pessoas pr\u00f3ximas que trabalhar\u00e1 para demitir indicados por Roma a cargos em Salvador. Logo ap\u00f3s a nomea\u00e7\u00e3o, o democrata classificou o fato como \u201clament\u00e1vel\u201d (<a href=\"https:\/\/www.bahianoticias.com.br\/noticia\/256612-neto-ataca-nomeacao-de-roma-para-ministerio-e-critica-governo-federal-lamentavel.html\" target=\"_blank\" rel=\"noopener\"><strong>reveja<\/strong><\/a>).<\/p>\n<p style=\"text-align: justify;\">De acordo com a coluna, Neto ainda prometeu fazer quest\u00e3o de minar o capital pol\u00edtico que seu ex-chefe de gabinete tem na Bahia.<\/p>\n<p style=\"text-align: justify;\">Aliados do ex-prefeito reclamam de Onyx Lorenzoni (DEM-RS), agora na Secretaria-Geral da Presid\u00eancia. Dizem que ele pressionou Bolsonaro pela nomea\u00e7\u00e3o de Roma. Luiz Eduardo Ramos (Secretaria de Governo), por sua vez, foi poupado. Parlamentares dizem que ele de fato atuou pelo presidente do DEM.<\/p>\n<\/div>\n","protected":false},"excerpt":{"rendered":"<p>Ap\u00f3s a nomea\u00e7\u00e3o confirmar a ida do deputado Jo\u00e3o Roma (Republicanos-BA) como ministro da Cidadania, o presidente nacional do DEM, ACM Neto (BA), afirmou a aliados que o presidente Jair Bolsonaro (sem partido) ganhou um inimigo. De acordo com a coluna Painel, da Folha, Neto garantiu que ir\u00e1 atuar para levar a maioria do partido [&hellip;]<\/p>\n","protected":false},"author":1,"featured_media":19564,"comment_status":"open","ping_status":"open","sticky":false,"template":"","format":"standard","meta":{"_uag_custom_page_level_css":"","_monsterinsights_skip_tracking":false,"_monsterinsights_sitenote_active":false,"_monsterinsights_sitenote_note":"","_monsterinsights_sitenote_category":0,"jetpack_post_was_ever_published":false,"_jetpack_newsletter_access":"","_jetpack_dont_email_post_to_subs":false,"_jetpack_newsletter_tier_id":0,"_jetpack_memberships_contains_paywalled_content":false,"_jetpack_memberships_contains_paid_content":false,"footnotes":"","jetpack_publicize_message":"","jetpack_publicize_feature_enabled":true,"jetpack_social_post_already_shared":true,"jetpack_social_options":{"image_generator_settings":{"template":"highway","default_image_id":0,"font":"","enabled":false},"version":2}},"categories":[199,197],"tags":[1705,21,1327],"class_list":["post-19562","post","type-post","status-publish","format-standard","has-post-thumbnail","hentry","category-bahia","category-politica","tag-acm-neto","tag-bolsonaro","tag-eleicoes-2022"],"jetpack_publicize_connections":[],"jetpack_featured_media_url":"https:\/\/blogopara.com.br\/wp-content\/uploads\/2021\/02\/30a8dc95-acm-neto-coletiva-e1595626094237-868x644-1-868x580-1.jpg","uagb_featured_image_src":{"full":["https:\/\/blogopara.com.br\/wp-content\/uploads\/2021\/02\/30a8dc95-acm-neto-coletiva-e1595626094237-868x644-1-868x580-1.jpg",500,334,false],"thumbnail":["https:\/\/blogopara.com.br\/wp-content\/uploads\/2021\/02\/30a8dc95-acm-neto-coletiva-e1595626094237-868x644-1-868x580-1-150x150.jpg",150,150,true],"medium":["https:\/\/blogopara.com.br\/wp-content\/uploads\/2021\/02\/30a8dc95-acm-neto-coletiva-e1595626094237-868x644-1-868x580-1-300x200.jpg",300,200,true],"medium_large":["https:\/\/blogopara.com.br\/wp-content\/uploads\/2021\/02\/30a8dc95-acm-neto-coletiva-e1595626094237-868x644-1-868x580-1.jpg",500,334,false],"large":["https:\/\/blogopara.com.br\/wp-content\/uploads\/2021\/02\/30a8dc95-acm-neto-coletiva-e1595626094237-868x644-1-868x580-1.jpg",500,334,false],"1536x1536":["https:\/\/blogopara.com.br\/wp-content\/uploads\/2021\/02\/30a8dc95-acm-neto-coletiva-e1595626094237-868x644-1-868x580-1.jpg",500,334,false],"2048x2048":["https:\/\/blogopara.com.br\/wp-content\/uploads\/2021\/02\/30a8dc95-acm-neto-coletiva-e1595626094237-868x644-1-868x580-1.jpg",500,334,false],"mantranews-slider-large":["https:\/\/blogopara.com.br\/wp-content\/uploads\/2021\/02\/30a8dc95-acm-neto-coletiva-e1595626094237-868x644-1-868x580-1.jpg",500,334,false],"mantranews-featured-medium":["https:\/\/blogopara.com.br\/wp-content\/uploads\/2021\/02\/30a8dc95-acm-neto-coletiva-e1595626094237-868x644-1-868x580-1-420x307.jpg",420,307,true],"mantranews-featured-long":["https:\/\/blogopara.com.br\/wp-content\/uploads\/2021\/02\/30a8dc95-acm-neto-coletiva-e1595626094237-868x644-1-868x580-1-300x334.jpg",300,334,true],"mantranews-block-medium":["https:\/\/blogopara.com.br\/wp-content\/uploads\/2021\/02\/30a8dc95-acm-neto-coletiva-e1595626094237-868x644-1-868x580-1-464x290.jpg",464,290,true],"mantranews-carousel-image":["https:\/\/blogopara.com.br\/wp-content\/uploads\/2021\/02\/30a8dc95-acm-neto-coletiva-e1595626094237-868x644-1-868x580-1.jpg",500,334,false],"mantranews-block-thumb":["https:\/\/blogopara.com.br\/wp-content\/uploads\/2021\/02\/30a8dc95-acm-neto-coletiva-e1595626094237-868x644-1-868x580-1-322x230.jpg",322,230,true],"mantranews-single-large":["https:\/\/blogopara.com.br\/wp-content\/uploads\/2021\/02\/30a8dc95-acm-neto-coletiva-e1595626094237-868x644-1-868x580-1.jpg",500,334,false]},"uagb_author_info":{"display_name":"Reda\u00e7\u00e3o geral","author_link":"https:\/\/blogopara.com.br\/index.php\/author\/blogopara"},"uagb_comment_info":0,"uagb_excerpt":"Ap\u00f3s a nomea\u00e7\u00e3o confirmar a ida do deputado Jo\u00e3o Roma (Republicanos-BA) como ministro da Cidadania, o presidente nacional do DEM, ACM Neto (BA), afirmou a aliados que o presidente Jair Bolsonaro (sem partido) ganhou um inimigo. De acordo com a coluna Painel, da Folha, Neto garantiu que ir\u00e1 atuar para levar a maioria do partido&hellip;","jetpack_sharing_enabled":true,"jetpack_likes_enabled":true,"_links":{"self":[{"href":"https:\/\/blogopara.com.br\/index.php\/wp-json\/wp\/v2\/posts\/19562","targetHints":{"allow":["GET"]}}],"collection":[{"href":"https:\/\/blogopara.com.br\/index.php\/wp-json\/wp\/v2\/posts"}],"about":[{"href":"https:\/\/blogopara.com.br\/index.php\/wp-json\/wp\/v2\/types\/post"}],"author":[{"embeddable":true,"href":"https:\/\/blogopara.com.br\/index.php\/wp-json\/wp\/v2\/users\/1"}],"replies":[{"embeddable":true,"href":"https:\/\/blogopara.com.br\/index.php\/wp-json\/wp\/v2\/comments?post=19562"}],"version-history":[{"count":1,"href":"https:\/\/blogopara.com.br\/index.php\/wp-json\/wp\/v2\/posts\/19562\/revisions"}],"predecessor-version":[{"id":19565,"href":"https:\/\/blogopara.com.br\/index.php\/wp-json\/wp\/v2\/posts\/19562\/revisions\/19565"}],"wp:featuredmedia":[{"embeddable":true,"href":"https:\/\/blogopara.com.br\/index.php\/wp-json\/wp\/v2\/media\/19564"}],"wp:attachment":[{"href":"https:\/\/blogopara.com.br\/index.php\/wp-json\/wp\/v2\/media?parent=19562"}],"wp:term":[{"taxonomy":"category","embeddable":true,"href":"https:\/\/blogopara.com.br\/index.php\/wp-json\/wp\/v2\/categories?post=19562"},{"taxonomy":"post_tag","embeddable":true,"href":"https:\/\/blogopara.com.br\/index.php\/wp-json\/wp\/v2\/tags?post=19562"}],"curies":[{"name":"wp","href":"https:\/\/api.w.org\/{rel}","templated":true}]}}