{"id":19563,"date":"2021-02-15T09:10:00","date_gmt":"2021-02-15T12:10:00","guid":{"rendered":"http:\/\/blogopara.com.br\/?p=19563"},"modified":"2021-02-15T08:47:54","modified_gmt":"2021-02-15T11:47:54","slug":"fake-news-secretario-reforca-que-ainda-nao-existe-agendamento-de-vacina-contra-a-covid-19-para-grupo-prioritario-acima-de-65-anos","status":"publish","type":"post","link":"https:\/\/blogopara.com.br\/index.php\/2021\/02\/15\/fake-news-secretario-reforca-que-ainda-nao-existe-agendamento-de-vacina-contra-a-covid-19-para-grupo-prioritario-acima-de-65-anos","title":{"rendered":"Fake News: Secret\u00e1rio refor\u00e7a que ainda n\u00e3o existe agendamento de vacina contra a Covid-19 para grupo priorit\u00e1rio acima de 65 anos"},"content":{"rendered":"<p style=\"text-align: justify\">Circulou nas redes sociais um cronograma de vacina\u00e7\u00e3o que contemplava o grupo priorit\u00e1rio de idosos acima de 65 anos com datas indicando o dia de vacina\u00e7\u00e3o desses idosos. O secret\u00e1rio de sa\u00fade de Juazeiro, Fernando Costa em entrevista no Programa Nossa Voz da R\u00e1dio Grande Rio FM, afirma que a informa\u00e7\u00e3o \u00e9 falsa e que a vacina\u00e7\u00e3o depende da programa\u00e7\u00e3o do Minist\u00e9rio da Sa\u00fade e Governo do Estado no envio do imunizante.<\/p>\n<p style=\"text-align: justify\">Juazeiro atingiu a marca de 5 mil doses de vacinas recebidas da Fase 1 e aguarda a chegada de vacinas da Fase 2 para os profissionais de sa\u00fade e grupo de idosos institucionalizados como os que residem em casa de repouso. Segundo Costa, desse n\u00famero de doses cerca de 80% j\u00e1 foram aplicadas.<\/p>\n<p style=\"text-align: justify\">\u201cPor tr\u00e1s dessa quantidade de vacinas aplicadas, n\u00f3s temos o Minist\u00e9rio P\u00fablico que pede uma rigidez na fiscaliza\u00e7\u00e3o, existe a fiscaliza\u00e7\u00e3o da pr\u00f3pria secretaria para que ocorra da forma mais licita poss\u00edvel para evitar fura filas. Encontramos uma vigil\u00e2ncia sanit\u00e1ria desestruturada, tivemos que puxar mais pessoas para vacina\u00e7\u00e3o, estruturar a parte de informa\u00e7\u00e3o e dai come\u00e7ar a realizar a vacina\u00e7\u00e3o de maneira respons\u00e1vel\u201d, afirmou.<\/p>\n<p style=\"text-align: justify\">O secret\u00e1rio afirmou que mesmo sofrendo press\u00e3o, a vacina\u00e7\u00e3o tem ocorrido atendendo todos os crit\u00e9rios. \u201cA gente nunca cedeu a essa press\u00e3o, sabemos que tem pedidos, que pode ser resultado de ansiedade por esta vacina, mas nunca cedemos\u201d, enfatizou.<\/p>\n<p style=\"text-align: justify\">Essa semana foi iniciada a campanha de vacina\u00e7\u00e3o contra Covid-19 para os idosos acima de 85 anos.<\/p>\n<p>Confira nota de esclarecimento enviada pela Secretaria Municipal de Sa\u00fade:<\/p>\n<p>Nota de Esclarecimento:<\/p>\n<p style=\"text-align: justify\"><em>A Prefeitura de Juazeiro esclarece que um calend\u00e1rio de vacina\u00e7\u00e3o contra a Covid-19 para idosos acima de 75 anos de idade, que est\u00e1 circulando em grupos de whatsApp \u00e9 falso.<\/em><\/p>\n<p style=\"text-align: justify\"><em>A Secretaria de Sa\u00fade est\u00e1 seguindo rigorosamente o Plano Municipal de Imuniza\u00e7\u00e3o, a partir do quantitativo de doses que chegam, vacinando por etapas os grupos priorit\u00e1rios, definidos atrav\u00e9s das diretrizes do Minist\u00e9rio da Sa\u00fade e Governo Estadual.<\/em><\/p>\n<p style=\"text-align: justify\"><em>Neste momento, est\u00e3o sendo vacinados idosos acima de 85 anos, e aplicando segunda dose em idosos que residem em institui\u00e7\u00f5es de longa perman\u00eancia e trabalhadores de sa\u00fade, com risco de exposi\u00e7\u00e3o ao v\u00edrus.<\/em><\/p>\n<p style=\"text-align: justify\"><em>Algumas pessoas, usando a ansiedade da popula\u00e7\u00e3o em receber a vacina, \u00a0est\u00e3o publicando not\u00edcias falsas. As informa\u00e7\u00f5es oficiais sobre a pandemia podem ser conferidas nas redes sociais e no site da prefeitura. \u00c9 lament\u00e1vel esse evento irrespons\u00e1vel, que em nada contribui com o trabalho feito de combate \u00e0 Covid-19.<\/em><\/p>\n<p><em>Assessoria de Imprensa da Sesau\/PMJ<\/em><\/p>\n<p style=\"text-align: justify\"><strong>Testagem<\/strong><br \/>\nCom rela\u00e7\u00e3o \u00e0 testagem o secret\u00e1rio informa que acontece normalmente, \u201cencontramos uma pequena quantidade de testes dispon\u00edveis e como todos sabem a compra desse material ela tem que ser cuidadosa principalmente nessa fase de inicio de governo que tem que passar por licita\u00e7\u00e3o, e agente tem todo cuidado na realiza\u00e7\u00e3o desses testes\u201d, finalizou.<\/p>\n<p style=\"text-align: justify\">Iana Lima Jornalista.<\/p>\n","protected":false},"excerpt":{"rendered":"<p>Circulou nas redes sociais um cronograma de vacina\u00e7\u00e3o que contemplava o grupo priorit\u00e1rio de idosos acima de 65 anos com datas indicando o dia de vacina\u00e7\u00e3o desses idosos. O secret\u00e1rio de sa\u00fade de Juazeiro, Fernando Costa em entrevista no Programa Nossa Voz da R\u00e1dio Grande Rio FM, afirma que a informa\u00e7\u00e3o \u00e9 falsa e que [&hellip;]<\/p>\n","protected":false},"author":1,"featured_media":19568,"comment_status":"open","ping_status":"open","sticky":false,"template":"","format":"standard","meta":{"_uag_custom_page_level_css":"","_monsterinsights_skip_tracking":false,"_monsterinsights_sitenote_active":false,"_monsterinsights_sitenote_note":"","_monsterinsights_sitenote_category":0,"jetpack_post_was_ever_published":false,"_jetpack_newsletter_access":"","_jetpack_dont_email_post_to_subs":false,"_jetpack_newsletter_tier_id":0,"_jetpack_memberships_contains_paywalled_content":false,"_jetpack_memberships_contains_paid_content":false,"footnotes":"","jetpack_publicize_message":"","jetpack_publicize_feature_enabled":true,"jetpack_social_post_already_shared":true,"jetpack_social_options":{"image_generator_settings":{"template":"highway","default_image_id":0,"font":"","enabled":false},"version":2}},"categories":[203],"tags":[28,1809,1051],"class_list":["post-19563","post","type-post","status-publish","format-standard","has-post-thumbnail","hentry","category-juazeiro","tag-fake-news","tag-grupo-prioritario","tag-vacina"],"jetpack_publicize_connections":[],"jetpack_featured_media_url":"https:\/\/blogopara.com.br\/wp-content\/uploads\/2021\/02\/Fernando.jpeg","uagb_featured_image_src":{"full":["https:\/\/blogopara.com.br\/wp-content\/uploads\/2021\/02\/Fernando.jpeg",500,346,false],"thumbnail":["https:\/\/blogopara.com.br\/wp-content\/uploads\/2021\/02\/Fernando-150x150.jpeg",150,150,true],"medium":["https:\/\/blogopara.com.br\/wp-content\/uploads\/2021\/02\/Fernando-300x208.jpeg",300,208,true],"medium_large":["https:\/\/blogopara.com.br\/wp-content\/uploads\/2021\/02\/Fernando.jpeg",500,346,false],"large":["https:\/\/blogopara.com.br\/wp-content\/uploads\/2021\/02\/Fernando.jpeg",500,346,false],"1536x1536":["https:\/\/blogopara.com.br\/wp-content\/uploads\/2021\/02\/Fernando.jpeg",500,346,false],"2048x2048":["https:\/\/blogopara.com.br\/wp-content\/uploads\/2021\/02\/Fernando.jpeg",500,346,false],"mantranews-slider-large":["https:\/\/blogopara.com.br\/wp-content\/uploads\/2021\/02\/Fernando.jpeg",500,346,false],"mantranews-featured-medium":["https:\/\/blogopara.com.br\/wp-content\/uploads\/2021\/02\/Fernando-420x307.jpeg",420,307,true],"mantranews-featured-long":["https:\/\/blogopara.com.br\/wp-content\/uploads\/2021\/02\/Fernando-300x346.jpeg",300,346,true],"mantranews-block-medium":["https:\/\/blogopara.com.br\/wp-content\/uploads\/2021\/02\/Fernando-464x290.jpeg",464,290,true],"mantranews-carousel-image":["https:\/\/blogopara.com.br\/wp-content\/uploads\/2021\/02\/Fernando.jpeg",500,346,false],"mantranews-block-thumb":["https:\/\/blogopara.com.br\/wp-content\/uploads\/2021\/02\/Fernando-322x230.jpeg",322,230,true],"mantranews-single-large":["https:\/\/blogopara.com.br\/wp-content\/uploads\/2021\/02\/Fernando.jpeg",500,346,false]},"uagb_author_info":{"display_name":"Reda\u00e7\u00e3o geral","author_link":"https:\/\/blogopara.com.br\/index.php\/author\/blogopara"},"uagb_comment_info":0,"uagb_excerpt":"Circulou nas redes sociais um cronograma de vacina\u00e7\u00e3o que contemplava o grupo priorit\u00e1rio de idosos acima de 65 anos com datas indicando o dia de vacina\u00e7\u00e3o desses idosos. O secret\u00e1rio de sa\u00fade de Juazeiro, Fernando Costa em entrevista no Programa Nossa Voz da R\u00e1dio Grande Rio FM, afirma que a informa\u00e7\u00e3o \u00e9 falsa e que&hellip;","jetpack_sharing_enabled":true,"jetpack_likes_enabled":true,"_links":{"self":[{"href":"https:\/\/blogopara.com.br\/index.php\/wp-json\/wp\/v2\/posts\/19563","targetHints":{"allow":["GET"]}}],"collection":[{"href":"https:\/\/blogopara.com.br\/index.php\/wp-json\/wp\/v2\/posts"}],"about":[{"href":"https:\/\/blogopara.com.br\/index.php\/wp-json\/wp\/v2\/types\/post"}],"author":[{"embeddable":true,"href":"https:\/\/blogopara.com.br\/index.php\/wp-json\/wp\/v2\/users\/1"}],"replies":[{"embeddable":true,"href":"https:\/\/blogopara.com.br\/index.php\/wp-json\/wp\/v2\/comments?post=19563"}],"version-history":[{"count":2,"href":"https:\/\/blogopara.com.br\/index.php\/wp-json\/wp\/v2\/posts\/19563\/revisions"}],"predecessor-version":[{"id":19572,"href":"https:\/\/blogopara.com.br\/index.php\/wp-json\/wp\/v2\/posts\/19563\/revisions\/19572"}],"wp:featuredmedia":[{"embeddable":true,"href":"https:\/\/blogopara.com.br\/index.php\/wp-json\/wp\/v2\/media\/19568"}],"wp:attachment":[{"href":"https:\/\/blogopara.com.br\/index.php\/wp-json\/wp\/v2\/media?parent=19563"}],"wp:term":[{"taxonomy":"category","embeddable":true,"href":"https:\/\/blogopara.com.br\/index.php\/wp-json\/wp\/v2\/categories?post=19563"},{"taxonomy":"post_tag","embeddable":true,"href":"https:\/\/blogopara.com.br\/index.php\/wp-json\/wp\/v2\/tags?post=19563"}],"curies":[{"name":"wp","href":"https:\/\/api.w.org\/{rel}","templated":true}]}}