{"id":19606,"date":"2021-02-15T16:52:00","date_gmt":"2021-02-15T19:52:00","guid":{"rendered":"http:\/\/blogopara.com.br\/?p=19606"},"modified":"2021-02-15T16:35:27","modified_gmt":"2021-02-15T19:35:27","slug":"representantes-da-alepe-e-vereadores-de-petrolina-reunem-se-com-gestores-do-hdm-sobre-o-atendimento-materno-infantil","status":"publish","type":"post","link":"https:\/\/blogopara.com.br\/index.php\/2021\/02\/15\/representantes-da-alepe-e-vereadores-de-petrolina-reunem-se-com-gestores-do-hdm-sobre-o-atendimento-materno-infantil","title":{"rendered":"Representantes da ALEPE e vereadores de Petrolina re\u00fanem-se com gestores do HDM sobre o atendimento materno-infantil"},"content":{"rendered":"<p style=\"text-align: justify\">Ap\u00f3s den\u00fancia e manifesta\u00e7\u00e3o do pai da beb\u00ea que morreu no inicio do m\u00eas cuja foto viralizou nas redes sociais, Joseano Rodrigues, representantes da Assembleia Legislativa de Pernambuco e da C\u00e2mara de Vereadores de Petrolina reuniram-se nos dias 10, 11 e 12\/12 com o diretor geral do Hospital Dom Malan, Etiel Lins, e a diretora de Ensino e Pesquisa, Ang\u00e9lica Guimar\u00e3es.<\/p>\n<p style=\"text-align: justify\">Durante o encontro, os gestores esclareceram algumas quest\u00f5es sobre o atendimento materno-infantil de alta complexidade realizado na unidade, que segundo a nota enviada \u00e0 imprensa pela assessoria do Hospital, \u00e9 refer\u00eancia para mais de 50 munic\u00edpios da Rede de Sa\u00fade Pernambuco Bahia (Rede PEBA).<\/p>\n<p style=\"text-align: justify\">De acordo com o diretor geral, nos \u00faltimos meses, a demanda na unidade tem sido crescente, mesmo assim, o HDM tem mantido seu papel de atender a popula\u00e7\u00e3o. \u201cN\u00f3s temos um total 255 leitos, entre maternos e infantis. S\u00e3o realizados entre 600 e 650 partos por m\u00eas, mais de 7 mil por ano, dos quais metade s\u00e3o partos de baixo risco\u201d, relatou.<\/p>\n<p style=\"text-align: justify\">Sobre a quest\u00e3o da indica\u00e7\u00e3o de parto normal ou ces\u00e1reo quando as pacientes chegam na unidade, o diretor explicou: \u201cToda gestante que d\u00e1 entrada em nossa unidade passa por uma avalia\u00e7\u00e3o da equipe m\u00e9dica, que faz a avalia\u00e7\u00e3o cl\u00ednica e pede exames, quando necess\u00e1rio, para defini\u00e7\u00e3o da conduta do parto. Seguimos protocolos cient\u00edficos. O nosso compromisso \u00e9 com o que a ci\u00eancia preconiza. O que n\u00f3s n\u00e3o temos como fazer \u00e9 impedir ou prever as vari\u00e1veis do parto. A nossa taxa de cesariana, por exemplo, \u00e9 de 46%, pelo pr\u00f3prio perfil de atendimento. Como podem perceber, a realidade \u00e9 bem diferente do que \u00e9 disseminado. Naturalizou-se tanto o parto ces\u00e1reo para a mulher que as pessoas esqueceram o risco que um procedimento cir\u00fargico como esse envolve\u201d, finalizou.<\/p>\n<p style=\"text-align: justify\">Com informa\u00e7\u00f5es da ASCOM HDM.<\/p>\n","protected":false},"excerpt":{"rendered":"<p>Ap\u00f3s den\u00fancia e manifesta\u00e7\u00e3o do pai da beb\u00ea que morreu no inicio do m\u00eas cuja foto viralizou nas redes sociais, Joseano Rodrigues, representantes da Assembleia Legislativa de Pernambuco e da C\u00e2mara de Vereadores de Petrolina reuniram-se nos dias 10, 11 e 12\/12 com o diretor geral do Hospital Dom Malan, Etiel Lins, e a diretora [&hellip;]<\/p>\n","protected":false},"author":1,"featured_media":19608,"comment_status":"open","ping_status":"open","sticky":false,"template":"","format":"standard","meta":{"_uag_custom_page_level_css":"","_monsterinsights_skip_tracking":false,"_monsterinsights_sitenote_active":false,"_monsterinsights_sitenote_note":"","_monsterinsights_sitenote_category":0,"jetpack_post_was_ever_published":false,"_jetpack_newsletter_access":"","_jetpack_dont_email_post_to_subs":false,"_jetpack_newsletter_tier_id":0,"_jetpack_memberships_contains_paywalled_content":false,"_jetpack_memberships_contains_paid_content":false,"footnotes":"","jetpack_publicize_message":"","jetpack_publicize_feature_enabled":true,"jetpack_social_post_already_shared":false,"jetpack_social_options":{"image_generator_settings":{"template":"highway","default_image_id":0,"font":"","enabled":false},"version":2}},"categories":[203],"tags":[1820],"class_list":["post-19606","post","type-post","status-publish","format-standard","has-post-thumbnail","hentry","category-juazeiro","tag-alepe"],"jetpack_publicize_connections":[],"jetpack_featured_media_url":"https:\/\/blogopara.com.br\/wp-content\/uploads\/2021\/02\/HDM15.02.jpg","uagb_featured_image_src":{"full":["https:\/\/blogopara.com.br\/wp-content\/uploads\/2021\/02\/HDM15.02.jpg",428,199,false],"thumbnail":["https:\/\/blogopara.com.br\/wp-content\/uploads\/2021\/02\/HDM15.02-150x150.jpg",150,150,true],"medium":["https:\/\/blogopara.com.br\/wp-content\/uploads\/2021\/02\/HDM15.02-300x139.jpg",300,139,true],"medium_large":["https:\/\/blogopara.com.br\/wp-content\/uploads\/2021\/02\/HDM15.02.jpg",428,199,false],"large":["https:\/\/blogopara.com.br\/wp-content\/uploads\/2021\/02\/HDM15.02.jpg",428,199,false],"1536x1536":["https:\/\/blogopara.com.br\/wp-content\/uploads\/2021\/02\/HDM15.02.jpg",428,199,false],"2048x2048":["https:\/\/blogopara.com.br\/wp-content\/uploads\/2021\/02\/HDM15.02.jpg",428,199,false],"mantranews-slider-large":["https:\/\/blogopara.com.br\/wp-content\/uploads\/2021\/02\/HDM15.02.jpg",428,199,false],"mantranews-featured-medium":["https:\/\/blogopara.com.br\/wp-content\/uploads\/2021\/02\/HDM15.02-420x199.jpg",420,199,true],"mantranews-featured-long":["https:\/\/blogopara.com.br\/wp-content\/uploads\/2021\/02\/HDM15.02-300x199.jpg",300,199,true],"mantranews-block-medium":["https:\/\/blogopara.com.br\/wp-content\/uploads\/2021\/02\/HDM15.02.jpg",428,199,false],"mantranews-carousel-image":["https:\/\/blogopara.com.br\/wp-content\/uploads\/2021\/02\/HDM15.02.jpg",428,199,false],"mantranews-block-thumb":["https:\/\/blogopara.com.br\/wp-content\/uploads\/2021\/02\/HDM15.02-322x199.jpg",322,199,true],"mantranews-single-large":["https:\/\/blogopara.com.br\/wp-content\/uploads\/2021\/02\/HDM15.02.jpg",428,199,false]},"uagb_author_info":{"display_name":"Reda\u00e7\u00e3o geral","author_link":"https:\/\/blogopara.com.br\/index.php\/author\/blogopara"},"uagb_comment_info":0,"uagb_excerpt":"Ap\u00f3s den\u00fancia e manifesta\u00e7\u00e3o do pai da beb\u00ea que morreu no inicio do m\u00eas cuja foto viralizou nas redes sociais, Joseano Rodrigues, representantes da Assembleia Legislativa de Pernambuco e da C\u00e2mara de Vereadores de Petrolina reuniram-se nos dias 10, 11 e 12\/12 com o diretor geral do Hospital Dom Malan, Etiel Lins, e a diretora&hellip;","jetpack_sharing_enabled":true,"jetpack_likes_enabled":true,"_links":{"self":[{"href":"https:\/\/blogopara.com.br\/index.php\/wp-json\/wp\/v2\/posts\/19606","targetHints":{"allow":["GET"]}}],"collection":[{"href":"https:\/\/blogopara.com.br\/index.php\/wp-json\/wp\/v2\/posts"}],"about":[{"href":"https:\/\/blogopara.com.br\/index.php\/wp-json\/wp\/v2\/types\/post"}],"author":[{"embeddable":true,"href":"https:\/\/blogopara.com.br\/index.php\/wp-json\/wp\/v2\/users\/1"}],"replies":[{"embeddable":true,"href":"https:\/\/blogopara.com.br\/index.php\/wp-json\/wp\/v2\/comments?post=19606"}],"version-history":[{"count":1,"href":"https:\/\/blogopara.com.br\/index.php\/wp-json\/wp\/v2\/posts\/19606\/revisions"}],"predecessor-version":[{"id":19609,"href":"https:\/\/blogopara.com.br\/index.php\/wp-json\/wp\/v2\/posts\/19606\/revisions\/19609"}],"wp:featuredmedia":[{"embeddable":true,"href":"https:\/\/blogopara.com.br\/index.php\/wp-json\/wp\/v2\/media\/19608"}],"wp:attachment":[{"href":"https:\/\/blogopara.com.br\/index.php\/wp-json\/wp\/v2\/media?parent=19606"}],"wp:term":[{"taxonomy":"category","embeddable":true,"href":"https:\/\/blogopara.com.br\/index.php\/wp-json\/wp\/v2\/categories?post=19606"},{"taxonomy":"post_tag","embeddable":true,"href":"https:\/\/blogopara.com.br\/index.php\/wp-json\/wp\/v2\/tags?post=19606"}],"curies":[{"name":"wp","href":"https:\/\/api.w.org\/{rel}","templated":true}]}}