{"id":19715,"date":"2021-02-17T10:33:00","date_gmt":"2021-02-17T13:33:00","guid":{"rendered":"http:\/\/blogopara.com.br\/?p=19715"},"modified":"2021-02-17T11:00:38","modified_gmt":"2021-02-17T14:00:38","slug":"projeto-de-lei-do-executivo-solicita-normatizacao-sobre-cobranca-de-multa-e-mora-na-taxa-de-iluminacao-publica","status":"publish","type":"post","link":"https:\/\/blogopara.com.br\/index.php\/2021\/02\/17\/projeto-de-lei-do-executivo-solicita-normatizacao-sobre-cobranca-de-multa-e-mora-na-taxa-de-iluminacao-publica","title":{"rendered":"Projeto de Lei do Executivo solicita normatiza\u00e7\u00e3o sobre cobran\u00e7a de multa e mora na taxa de ilumina\u00e7\u00e3o p\u00fablica"},"content":{"rendered":"<p style=\"text-align: justify;\">O Projeto de Lei n\u00ba 003 de autoria do Executivo Municipal que disp\u00f5e sobre normatiza\u00e7\u00e3o&nbsp; da cobran\u00e7a de multa de 2% e mora dos contribuintes que n\u00e3o realizam o pagamento em dia agitou um pouco a Casa Plinio Amorim na sess\u00e3o ordin\u00e1ria dessa ter\u00e7a-feira, 16.<\/p>\n<p style=\"text-align: justify;\">O Capit\u00e3o Alencar (PATRIOTA) destacou que \u00e9 preciso analisar se essa cobran\u00e7a n\u00e3o est\u00e1 sendo realizada e que os contribuintes podem ingressar na justi\u00e7a contra o munic\u00edpio. \u201cCom essa regulamenta\u00e7\u00e3o na cobran\u00e7a desses valores cabe a popula\u00e7\u00e3o e moradores que se acharem prejudicados e atrav\u00e9s de advogados constitu\u00eddos, ingressar contra o munic\u00edpio. Porque a regulamenta\u00e7\u00e3o est\u00e1 sendo feita hoje?, Ent\u00e3o cabe \u00e0 popula\u00e7\u00e3o, \u00e0queles que se acharem prejudicados. Se houve cinco anos, porque passando disso, n\u00f3s temos a prescri\u00e7\u00e3o.\u201d, afirmou. &nbsp;Alencar votou a favor do projeto.<\/p>\n<p style=\"text-align: justify;\">O vereador Ronaldo Silva (DEM) lembrou que a cobran\u00e7a ser\u00e1 para os valores n\u00e3o pagos pelo contribuinte no vencimento \u00e9 que ser\u00e3o acrescidos no vencimento os juros e a mora. \u201cPetrolina foi quem mais investiu em ilumina\u00e7\u00e3o p\u00fablica. Em 4 anos (2016 a 2020) mais de R$ 38 milh\u00f5es. Nunca na hist\u00f3ria dessa cidade um gestor investiu tanto em ilumina\u00e7\u00e3o p\u00fablica\u201d, informou.<\/p>\n<p style=\"text-align: justify;\">No total foram 15 votos favor\u00e1veis e 4 votos contra dos vereadores: Samara da Vis\u00e3o (PSD), Elismar Gon\u00e7alves (PODEMOS), Gilmar Santos (PT) e Marquinhos do N4 (PODEMOS).<\/p>\n<p style=\"text-align: justify;\">Da Reda\u00e7\u00e3o.<\/p>\n","protected":false},"excerpt":{"rendered":"<p>O Projeto de Lei n\u00ba 003 de autoria do Executivo Municipal que disp\u00f5e sobre normatiza\u00e7\u00e3o&nbsp; da cobran\u00e7a de multa de 2% e mora dos contribuintes que n\u00e3o realizam o pagamento em dia agitou um pouco a Casa Plinio Amorim na sess\u00e3o ordin\u00e1ria dessa ter\u00e7a-feira, 16. O Capit\u00e3o Alencar (PATRIOTA) destacou que \u00e9 preciso analisar se [&hellip;]<\/p>\n","protected":false},"author":1,"featured_media":19716,"comment_status":"closed","ping_status":"open","sticky":false,"template":"","format":"standard","meta":{"_uag_custom_page_level_css":"","_monsterinsights_skip_tracking":false,"_monsterinsights_sitenote_active":false,"_monsterinsights_sitenote_note":"","_monsterinsights_sitenote_category":0,"jetpack_post_was_ever_published":false,"_jetpack_newsletter_access":"","_jetpack_dont_email_post_to_subs":false,"_jetpack_newsletter_tier_id":0,"_jetpack_memberships_contains_paywalled_content":false,"_jetpack_memberships_contains_paid_content":false,"footnotes":"","jetpack_publicize_message":"","jetpack_publicize_feature_enabled":true,"jetpack_social_post_already_shared":false,"jetpack_social_options":{"image_generator_settings":{"template":"highway","default_image_id":0,"font":"","enabled":false},"version":2}},"categories":[197],"tags":[1863,1724,58,1782],"class_list":["post-19715","post","type-post","status-publish","format-standard","has-post-thumbnail","hentry","category-politica","tag-executivo","tag-iluminacao-publica","tag-petrolina","tag-projeto-de-lei"],"jetpack_publicize_connections":[],"jetpack_featured_media_url":"https:\/\/blogopara.com.br\/wp-content\/uploads\/2021\/02\/Camara16.02.jpg","uagb_featured_image_src":{"full":["https:\/\/blogopara.com.br\/wp-content\/uploads\/2021\/02\/Camara16.02.jpg",500,281,false],"thumbnail":["https:\/\/blogopara.com.br\/wp-content\/uploads\/2021\/02\/Camara16.02-150x150.jpg",150,150,true],"medium":["https:\/\/blogopara.com.br\/wp-content\/uploads\/2021\/02\/Camara16.02-300x169.jpg",300,169,true],"medium_large":["https:\/\/blogopara.com.br\/wp-content\/uploads\/2021\/02\/Camara16.02.jpg",500,281,false],"large":["https:\/\/blogopara.com.br\/wp-content\/uploads\/2021\/02\/Camara16.02.jpg",500,281,false],"1536x1536":["https:\/\/blogopara.com.br\/wp-content\/uploads\/2021\/02\/Camara16.02.jpg",500,281,false],"2048x2048":["https:\/\/blogopara.com.br\/wp-content\/uploads\/2021\/02\/Camara16.02.jpg",500,281,false],"mantranews-slider-large":["https:\/\/blogopara.com.br\/wp-content\/uploads\/2021\/02\/Camara16.02.jpg",500,281,false],"mantranews-featured-medium":["https:\/\/blogopara.com.br\/wp-content\/uploads\/2021\/02\/Camara16.02-420x281.jpg",420,281,true],"mantranews-featured-long":["https:\/\/blogopara.com.br\/wp-content\/uploads\/2021\/02\/Camara16.02-300x281.jpg",300,281,true],"mantranews-block-medium":["https:\/\/blogopara.com.br\/wp-content\/uploads\/2021\/02\/Camara16.02-464x281.jpg",464,281,true],"mantranews-carousel-image":["https:\/\/blogopara.com.br\/wp-content\/uploads\/2021\/02\/Camara16.02.jpg",500,281,false],"mantranews-block-thumb":["https:\/\/blogopara.com.br\/wp-content\/uploads\/2021\/02\/Camara16.02-322x230.jpg",322,230,true],"mantranews-single-large":["https:\/\/blogopara.com.br\/wp-content\/uploads\/2021\/02\/Camara16.02.jpg",500,281,false]},"uagb_author_info":{"display_name":"Reda\u00e7\u00e3o geral","author_link":"https:\/\/blogopara.com.br\/index.php\/author\/blogopara"},"uagb_comment_info":0,"uagb_excerpt":"O Projeto de Lei n\u00ba 003 de autoria do Executivo Municipal que disp\u00f5e sobre normatiza\u00e7\u00e3o&nbsp; da cobran\u00e7a de multa de 2% e mora dos contribuintes que n\u00e3o realizam o pagamento em dia agitou um pouco a Casa Plinio Amorim na sess\u00e3o ordin\u00e1ria dessa ter\u00e7a-feira, 16. O Capit\u00e3o Alencar (PATRIOTA) destacou que \u00e9 preciso analisar se&hellip;","jetpack_sharing_enabled":true,"jetpack_likes_enabled":true,"_links":{"self":[{"href":"https:\/\/blogopara.com.br\/index.php\/wp-json\/wp\/v2\/posts\/19715","targetHints":{"allow":["GET"]}}],"collection":[{"href":"https:\/\/blogopara.com.br\/index.php\/wp-json\/wp\/v2\/posts"}],"about":[{"href":"https:\/\/blogopara.com.br\/index.php\/wp-json\/wp\/v2\/types\/post"}],"author":[{"embeddable":true,"href":"https:\/\/blogopara.com.br\/index.php\/wp-json\/wp\/v2\/users\/1"}],"replies":[{"embeddable":true,"href":"https:\/\/blogopara.com.br\/index.php\/wp-json\/wp\/v2\/comments?post=19715"}],"version-history":[{"count":2,"href":"https:\/\/blogopara.com.br\/index.php\/wp-json\/wp\/v2\/posts\/19715\/revisions"}],"predecessor-version":[{"id":19720,"href":"https:\/\/blogopara.com.br\/index.php\/wp-json\/wp\/v2\/posts\/19715\/revisions\/19720"}],"wp:featuredmedia":[{"embeddable":true,"href":"https:\/\/blogopara.com.br\/index.php\/wp-json\/wp\/v2\/media\/19716"}],"wp:attachment":[{"href":"https:\/\/blogopara.com.br\/index.php\/wp-json\/wp\/v2\/media?parent=19715"}],"wp:term":[{"taxonomy":"category","embeddable":true,"href":"https:\/\/blogopara.com.br\/index.php\/wp-json\/wp\/v2\/categories?post=19715"},{"taxonomy":"post_tag","embeddable":true,"href":"https:\/\/blogopara.com.br\/index.php\/wp-json\/wp\/v2\/tags?post=19715"}],"curies":[{"name":"wp","href":"https:\/\/api.w.org\/{rel}","templated":true}]}}