{"id":19762,"date":"2021-02-18T08:43:00","date_gmt":"2021-02-18T11:43:00","guid":{"rendered":"http:\/\/blogopara.com.br\/?p=19762"},"modified":"2021-02-18T08:00:25","modified_gmt":"2021-02-18T11:00:25","slug":"social-criancas-assistidas-pelas-casas-de-passagens-messe-de-amor-e-rosa-menina-recebem-prefeita-suzana-ramos","status":"publish","type":"post","link":"https:\/\/blogopara.com.br\/index.php\/2021\/02\/18\/social-criancas-assistidas-pelas-casas-de-passagens-messe-de-amor-e-rosa-menina-recebem-prefeita-suzana-ramos","title":{"rendered":"Social: Crian\u00e7as assistidas pelas Casas de Passagens Messe de Amor e Rosa Menina recebem prefeita Suzana Ramos"},"content":{"rendered":"<p style=\"text-align: justify;\">Acompanhada da equipe da Secretaria de Desenvolvimento Social, Mulher e Diversidade de Juazeiro (SEDES), a prefeita Suzana Ramos visitou, nesta ter\u00e7a-feira (16), as crian\u00e7as acolhidas nas Casas de Passagem Messe de Amor e Rosa Menina. Fantasiadas, as crian\u00e7as brincaram, dan\u00e7aram, apresentaram a casa e conversaram com a gestora.<\/p>\n<p style=\"text-align: justify;\">Atualmente com 12 crian\u00e7as, com idades entre 4 meses de vida e 15 anos, as Casas de Passagem recebem menores que, por algum motivo, tiveram que ser afastados de suas fam\u00edlias. \u201cEsse \u00e9 um espa\u00e7o para acolher crian\u00e7as que foram de alguma maneira negligencias por seus pais ou respons\u00e1veis. Elas chegam aqui fragilizadas, mas, encontram na nossa equipe, coordenada por Neusa da Concei\u00e7\u00e3o Silva, profissionais qualificados para atend\u00ea-las com cuidado e afeto\u201d, contou o secret\u00e1rio Teobaldo Pedro, respons\u00e1vel pela SEDES.<\/p>\n<p style=\"text-align: justify;\">Emocionada com o carinho recebido das crian\u00e7as, a prefeita Suzana Ramos ressaltou a import\u00e2ncia de pensar alternativas para devolver um lar seguro para os meninos e meninas acolhidos nas Casas de Passagem. \u201cN\u00f3s precisamos buscar pol\u00edticas que nos possibilitem cuidar das crian\u00e7as, ao mesmo tempo em que cuidamos dos seus pais ou respons\u00e1veis legais, para que, posteriormente, elas possam voltar para casa e encontrar uma fam\u00edlia e um lar saud\u00e1veis, uma casa segura e cheia de amor\u201d, declarou a gestora.<\/p>\n<p style=\"text-align: justify;\">A visita ainda contou com a participa\u00e7\u00e3o da superintendente de Gest\u00e3o SUAS, La\u00edse Mac\u00eado, e da Diretora de Prote\u00e7\u00e3o Social, Sandra Faustino.<\/p>\n<p>ASCOM PMJ<\/p>\n","protected":false},"excerpt":{"rendered":"<p>Acompanhada da equipe da Secretaria de Desenvolvimento Social, Mulher e Diversidade de Juazeiro (SEDES), a prefeita Suzana Ramos visitou, nesta ter\u00e7a-feira (16), as crian\u00e7as acolhidas nas Casas de Passagem Messe de Amor e Rosa Menina. Fantasiadas, as crian\u00e7as brincaram, dan\u00e7aram, apresentaram a casa e conversaram com a gestora. Atualmente com 12 crian\u00e7as, com idades entre [&hellip;]<\/p>\n","protected":false},"author":1,"featured_media":19763,"comment_status":"closed","ping_status":"open","sticky":false,"template":"","format":"standard","meta":{"_uag_custom_page_level_css":"","_monsterinsights_skip_tracking":false,"_monsterinsights_sitenote_active":false,"_monsterinsights_sitenote_note":"","_monsterinsights_sitenote_category":0,"jetpack_post_was_ever_published":false,"_jetpack_newsletter_access":"","_jetpack_dont_email_post_to_subs":false,"_jetpack_newsletter_tier_id":0,"_jetpack_memberships_contains_paywalled_content":false,"_jetpack_memberships_contains_paid_content":false,"footnotes":"","jetpack_publicize_message":"","jetpack_publicize_feature_enabled":true,"jetpack_social_post_already_shared":false,"jetpack_social_options":{"image_generator_settings":{"template":"highway","default_image_id":0,"font":"","enabled":false},"version":2}},"categories":[204],"tags":[1876,1877,1878,9],"class_list":["post-19762","post","type-post","status-publish","format-standard","has-post-thumbnail","hentry","category-social","tag-acolhimento","tag-casa-messe-de-amor","tag-casa-rosa-menina","tag-juazeiro"],"jetpack_publicize_connections":[],"jetpack_featured_media_url":"https:\/\/blogopara.com.br\/wp-content\/uploads\/2021\/02\/Suzana18.02.jpeg","uagb_featured_image_src":{"full":["https:\/\/blogopara.com.br\/wp-content\/uploads\/2021\/02\/Suzana18.02.jpeg",500,357,false],"thumbnail":["https:\/\/blogopara.com.br\/wp-content\/uploads\/2021\/02\/Suzana18.02-150x150.jpeg",150,150,true],"medium":["https:\/\/blogopara.com.br\/wp-content\/uploads\/2021\/02\/Suzana18.02-300x214.jpeg",300,214,true],"medium_large":["https:\/\/blogopara.com.br\/wp-content\/uploads\/2021\/02\/Suzana18.02.jpeg",500,357,false],"large":["https:\/\/blogopara.com.br\/wp-content\/uploads\/2021\/02\/Suzana18.02.jpeg",500,357,false],"1536x1536":["https:\/\/blogopara.com.br\/wp-content\/uploads\/2021\/02\/Suzana18.02.jpeg",500,357,false],"2048x2048":["https:\/\/blogopara.com.br\/wp-content\/uploads\/2021\/02\/Suzana18.02.jpeg",500,357,false],"mantranews-slider-large":["https:\/\/blogopara.com.br\/wp-content\/uploads\/2021\/02\/Suzana18.02.jpeg",500,357,false],"mantranews-featured-medium":["https:\/\/blogopara.com.br\/wp-content\/uploads\/2021\/02\/Suzana18.02-420x307.jpeg",420,307,true],"mantranews-featured-long":["https:\/\/blogopara.com.br\/wp-content\/uploads\/2021\/02\/Suzana18.02-300x357.jpeg",300,357,true],"mantranews-block-medium":["https:\/\/blogopara.com.br\/wp-content\/uploads\/2021\/02\/Suzana18.02-464x290.jpeg",464,290,true],"mantranews-carousel-image":["https:\/\/blogopara.com.br\/wp-content\/uploads\/2021\/02\/Suzana18.02.jpeg",500,357,false],"mantranews-block-thumb":["https:\/\/blogopara.com.br\/wp-content\/uploads\/2021\/02\/Suzana18.02-322x230.jpeg",322,230,true],"mantranews-single-large":["https:\/\/blogopara.com.br\/wp-content\/uploads\/2021\/02\/Suzana18.02.jpeg",500,357,false]},"uagb_author_info":{"display_name":"Reda\u00e7\u00e3o geral","author_link":"https:\/\/blogopara.com.br\/index.php\/author\/blogopara"},"uagb_comment_info":0,"uagb_excerpt":"Acompanhada da equipe da Secretaria de Desenvolvimento Social, Mulher e Diversidade de Juazeiro (SEDES), a prefeita Suzana Ramos visitou, nesta ter\u00e7a-feira (16), as crian\u00e7as acolhidas nas Casas de Passagem Messe de Amor e Rosa Menina. Fantasiadas, as crian\u00e7as brincaram, dan\u00e7aram, apresentaram a casa e conversaram com a gestora. Atualmente com 12 crian\u00e7as, com idades entre&hellip;","jetpack_sharing_enabled":true,"jetpack_likes_enabled":true,"_links":{"self":[{"href":"https:\/\/blogopara.com.br\/index.php\/wp-json\/wp\/v2\/posts\/19762","targetHints":{"allow":["GET"]}}],"collection":[{"href":"https:\/\/blogopara.com.br\/index.php\/wp-json\/wp\/v2\/posts"}],"about":[{"href":"https:\/\/blogopara.com.br\/index.php\/wp-json\/wp\/v2\/types\/post"}],"author":[{"embeddable":true,"href":"https:\/\/blogopara.com.br\/index.php\/wp-json\/wp\/v2\/users\/1"}],"replies":[{"embeddable":true,"href":"https:\/\/blogopara.com.br\/index.php\/wp-json\/wp\/v2\/comments?post=19762"}],"version-history":[{"count":1,"href":"https:\/\/blogopara.com.br\/index.php\/wp-json\/wp\/v2\/posts\/19762\/revisions"}],"predecessor-version":[{"id":19764,"href":"https:\/\/blogopara.com.br\/index.php\/wp-json\/wp\/v2\/posts\/19762\/revisions\/19764"}],"wp:featuredmedia":[{"embeddable":true,"href":"https:\/\/blogopara.com.br\/index.php\/wp-json\/wp\/v2\/media\/19763"}],"wp:attachment":[{"href":"https:\/\/blogopara.com.br\/index.php\/wp-json\/wp\/v2\/media?parent=19762"}],"wp:term":[{"taxonomy":"category","embeddable":true,"href":"https:\/\/blogopara.com.br\/index.php\/wp-json\/wp\/v2\/categories?post=19762"},{"taxonomy":"post_tag","embeddable":true,"href":"https:\/\/blogopara.com.br\/index.php\/wp-json\/wp\/v2\/tags?post=19762"}],"curies":[{"name":"wp","href":"https:\/\/api.w.org\/{rel}","templated":true}]}}