{"id":19847,"date":"2021-02-19T10:02:00","date_gmt":"2021-02-19T13:02:00","guid":{"rendered":"http:\/\/blogopara.com.br\/?p=19847"},"modified":"2021-02-18T23:43:53","modified_gmt":"2021-02-19T02:43:53","slug":"em-juazeiro-toque-de-recolher-do-governo-do-estado-foi-ampliado-em-duas-horas-medida-sera-aplicada-entre-21h-e-06h","status":"publish","type":"post","link":"https:\/\/blogopara.com.br\/index.php\/2021\/02\/19\/em-juazeiro-toque-de-recolher-do-governo-do-estado-foi-ampliado-em-duas-horas-medida-sera-aplicada-entre-21h-e-06h","title":{"rendered":"Em Juazeiro toque de recolher do Governo do Estado foi ampliado em duas horas; Medida ser\u00e1 aplicada entre 21h e 06h"},"content":{"rendered":"<p style=\"text-align: justify;\">A Prefeitura de Juazeiro vai ampliar o toque de recolher decretado pelo Governo do Estado da Bahia, que come\u00e7a nesta sexta-feira (19). O decreto estabelece o toque de recolher das 22h \u00e0s 5h, durante sete dias. No munic\u00edpio, a medida ser\u00e1 aplicada das 21h \u00e0s 6h.<\/p>\n<p style=\"text-align: justify;\">\u00a0\u201cN\u00f3s estamos vivendo uma situa\u00e7\u00e3o de emerg\u00eancia, com a ocupa\u00e7\u00e3o de leitos em torno de 90%. Portanto, para evitarmos o colapso da sa\u00fade, n\u00f3s vamos n\u00e3o s\u00f3 acatar o decreto do Governo da Bahia, como ampliar em duas horas aqui em Juazeiro por 7 dias. Ao final deste per\u00edodo, o Comit\u00ea de Enfrentamento \u00e0 Covid-19 ir\u00e1 se reunir novamente. Caso seja conveniente, flexibilizamos, sen\u00e3o, proibimos a prorroga\u00e7\u00e3o\u201d, explica o secret\u00e1rio de Sa\u00fade de Juazeiro, Fernando Costa.<\/p>\n<p style=\"text-align: justify;\">De acordo com o decreto estadual, os estabelecimentos comerciais e as pessoas que descumprirem o toque de recolher ser\u00e3o indiciadas pela pol\u00edcia por crime contra a sa\u00fade p\u00fablica. S\u00f3 ser\u00e1 permitido o funcionamento de servi\u00e7os essenciais, a exemplo de farm\u00e1cias e hospitais.<\/p>\n<p>Da Reda\u00e7\u00e3o com informa\u00e7\u00f5es da Prefeitura de Juazeiro<\/p>\n","protected":false},"excerpt":{"rendered":"<p>A Prefeitura de Juazeiro vai ampliar o toque de recolher decretado pelo Governo do Estado da Bahia, que come\u00e7a nesta sexta-feira (19). O decreto estabelece o toque de recolher das 22h \u00e0s 5h, durante sete dias. No munic\u00edpio, a medida ser\u00e1 aplicada das 21h \u00e0s 6h. \u00a0\u201cN\u00f3s estamos vivendo uma situa\u00e7\u00e3o de emerg\u00eancia, com a [&hellip;]<\/p>\n","protected":false},"author":1,"featured_media":19848,"comment_status":"closed","ping_status":"open","sticky":false,"template":"","format":"standard","meta":{"_uag_custom_page_level_css":"","_monsterinsights_skip_tracking":false,"_monsterinsights_sitenote_active":false,"_monsterinsights_sitenote_note":"","_monsterinsights_sitenote_category":0,"jetpack_post_was_ever_published":false,"_jetpack_newsletter_access":"","_jetpack_dont_email_post_to_subs":false,"_jetpack_newsletter_tier_id":0,"_jetpack_memberships_contains_paywalled_content":false,"_jetpack_memberships_contains_paid_content":false,"footnotes":"","jetpack_publicize_message":"","jetpack_publicize_feature_enabled":true,"jetpack_social_post_already_shared":true,"jetpack_social_options":{"image_generator_settings":{"template":"highway","default_image_id":0,"font":"","enabled":false},"version":2}},"categories":[205],"tags":[1909,11,9,1853],"class_list":["post-19847","post","type-post","status-publish","format-standard","has-post-thumbnail","hentry","category-saude","tag-ampliado","tag-bahia","tag-juazeiro","tag-toque-de-recolher"],"jetpack_publicize_connections":[],"jetpack_featured_media_url":"https:\/\/blogopara.com.br\/wp-content\/uploads\/2021\/02\/Paco19.02.jpeg","uagb_featured_image_src":{"full":["https:\/\/blogopara.com.br\/wp-content\/uploads\/2021\/02\/Paco19.02.jpeg",500,332,false],"thumbnail":["https:\/\/blogopara.com.br\/wp-content\/uploads\/2021\/02\/Paco19.02-150x150.jpeg",150,150,true],"medium":["https:\/\/blogopara.com.br\/wp-content\/uploads\/2021\/02\/Paco19.02-300x199.jpeg",300,199,true],"medium_large":["https:\/\/blogopara.com.br\/wp-content\/uploads\/2021\/02\/Paco19.02.jpeg",500,332,false],"large":["https:\/\/blogopara.com.br\/wp-content\/uploads\/2021\/02\/Paco19.02.jpeg",500,332,false],"1536x1536":["https:\/\/blogopara.com.br\/wp-content\/uploads\/2021\/02\/Paco19.02.jpeg",500,332,false],"2048x2048":["https:\/\/blogopara.com.br\/wp-content\/uploads\/2021\/02\/Paco19.02.jpeg",500,332,false],"mantranews-slider-large":["https:\/\/blogopara.com.br\/wp-content\/uploads\/2021\/02\/Paco19.02.jpeg",500,332,false],"mantranews-featured-medium":["https:\/\/blogopara.com.br\/wp-content\/uploads\/2021\/02\/Paco19.02-420x307.jpeg",420,307,true],"mantranews-featured-long":["https:\/\/blogopara.com.br\/wp-content\/uploads\/2021\/02\/Paco19.02-300x332.jpeg",300,332,true],"mantranews-block-medium":["https:\/\/blogopara.com.br\/wp-content\/uploads\/2021\/02\/Paco19.02-464x290.jpeg",464,290,true],"mantranews-carousel-image":["https:\/\/blogopara.com.br\/wp-content\/uploads\/2021\/02\/Paco19.02.jpeg",500,332,false],"mantranews-block-thumb":["https:\/\/blogopara.com.br\/wp-content\/uploads\/2021\/02\/Paco19.02-322x230.jpeg",322,230,true],"mantranews-single-large":["https:\/\/blogopara.com.br\/wp-content\/uploads\/2021\/02\/Paco19.02.jpeg",500,332,false]},"uagb_author_info":{"display_name":"Reda\u00e7\u00e3o geral","author_link":"https:\/\/blogopara.com.br\/index.php\/author\/blogopara"},"uagb_comment_info":0,"uagb_excerpt":"A Prefeitura de Juazeiro vai ampliar o toque de recolher decretado pelo Governo do Estado da Bahia, que come\u00e7a nesta sexta-feira (19). O decreto estabelece o toque de recolher das 22h \u00e0s 5h, durante sete dias. No munic\u00edpio, a medida ser\u00e1 aplicada das 21h \u00e0s 6h. \u00a0\u201cN\u00f3s estamos vivendo uma situa\u00e7\u00e3o de emerg\u00eancia, com a&hellip;","jetpack_sharing_enabled":true,"jetpack_likes_enabled":true,"_links":{"self":[{"href":"https:\/\/blogopara.com.br\/index.php\/wp-json\/wp\/v2\/posts\/19847","targetHints":{"allow":["GET"]}}],"collection":[{"href":"https:\/\/blogopara.com.br\/index.php\/wp-json\/wp\/v2\/posts"}],"about":[{"href":"https:\/\/blogopara.com.br\/index.php\/wp-json\/wp\/v2\/types\/post"}],"author":[{"embeddable":true,"href":"https:\/\/blogopara.com.br\/index.php\/wp-json\/wp\/v2\/users\/1"}],"replies":[{"embeddable":true,"href":"https:\/\/blogopara.com.br\/index.php\/wp-json\/wp\/v2\/comments?post=19847"}],"version-history":[{"count":1,"href":"https:\/\/blogopara.com.br\/index.php\/wp-json\/wp\/v2\/posts\/19847\/revisions"}],"predecessor-version":[{"id":19849,"href":"https:\/\/blogopara.com.br\/index.php\/wp-json\/wp\/v2\/posts\/19847\/revisions\/19849"}],"wp:featuredmedia":[{"embeddable":true,"href":"https:\/\/blogopara.com.br\/index.php\/wp-json\/wp\/v2\/media\/19848"}],"wp:attachment":[{"href":"https:\/\/blogopara.com.br\/index.php\/wp-json\/wp\/v2\/media?parent=19847"}],"wp:term":[{"taxonomy":"category","embeddable":true,"href":"https:\/\/blogopara.com.br\/index.php\/wp-json\/wp\/v2\/categories?post=19847"},{"taxonomy":"post_tag","embeddable":true,"href":"https:\/\/blogopara.com.br\/index.php\/wp-json\/wp\/v2\/tags?post=19847"}],"curies":[{"name":"wp","href":"https:\/\/api.w.org\/{rel}","templated":true}]}}