{"id":19862,"date":"2021-02-19T10:26:38","date_gmt":"2021-02-19T13:26:38","guid":{"rendered":"http:\/\/blogopara.com.br\/?p=19862"},"modified":"2021-02-19T10:26:43","modified_gmt":"2021-02-19T13:26:43","slug":"berg-da-carnaiba-ouve-apelo-de-moradores-e-solicita-reabertura-da-ubs-de-carnaiba-de-dentro","status":"publish","type":"post","link":"https:\/\/blogopara.com.br\/index.php\/2021\/02\/19\/berg-da-carnaiba-ouve-apelo-de-moradores-e-solicita-reabertura-da-ubs-de-carnaiba-de-dentro","title":{"rendered":"Berg da Carna\u00edba ouve apelo de moradores e solicita reabertura da UBS de Carna\u00edba de Dentro"},"content":{"rendered":"<p style=\"text-align: justify;\">Em visita ao gabinete do secret\u00e1rio de Sa\u00fade de Juazeiro, Fernando Costa, na manh\u00e3 da \u00faltima quinta (18), o presidente da C\u00e2mara de Vereadores de Juazeiro, Berg da Carna\u00edba, fez uma solicita\u00e7\u00e3o que \u00e9 um anseio da comunidade, a reabertura da Unidade B\u00e1sica de Sa\u00fade (UBS) de Carna\u00edba de Dentro.<\/p>\n<p style=\"text-align: justify;\">A unidade de Sa\u00fade est\u00e1 fechada e aguarda a contrata\u00e7\u00e3o de uma assistente para a retomada do funcionamento do equipamento p\u00fablico. O presidente da C\u00e2mara pediu, pessoalmente, ao secret\u00e1rio, agilidade na contrata\u00e7\u00e3o do profissional para reativar os atendimentos cl\u00ednicos para os pacientes das localidades, assistidos pelos profissionais de sa\u00fade da unidade.<\/p>\n<p style=\"text-align: justify;\">De acordo com Berg, o secret\u00e1rio foi \u2018super-receptivo\u2019 e sens\u00edvel \u00e0 necessidade urgente da reabertura da UBS de Carna\u00edba de Dentro e assegurou viabilizar o mais breve poss\u00edvel a reativa\u00e7\u00e3o do posto, que atende cerca de 3 mil pessoas das comunidades circunvizinhas, Uni\u00e3o, Boa Sorte, Gangorra, Olho D\u00b4\u00b4agua, Altaneira, Carneiros, Olaria, Lajes, Adutora, Lajinha, Santa Elena, Boa Esperan\u00e7a, Serra Grande, Pedra Lisa e Sossego. \u201cSabemos da responsabilidade e cuidado que nossa prefeita tem com nosso povo e t\u00e3o logo vamos comemorar a reabertura da unidade\u201d, diz o presidente.<\/p>\n<p style=\"text-align: justify;\">A agente de sa\u00fade da comunidade, Maria das Grotas Duarte, est\u00e1 feliz com a iniciativa do vereador. \u201c\u00c9 preciso que mantenhamos os atendimentos di\u00e1rios dos profissionais daqui, \u00e0s ter\u00e7as-feiras m\u00e9dico e \u00e0s quintas-feiras, a enfermeira que acompanha as gestantes com o pr\u00e9-natal. Al\u00e9m disso, uma t\u00e9cnica de enfermagem para as visitas domiciliares aos idosos com doen\u00e7as cr\u00f4nicas, como diabetes, hipertens\u00e3o e \u00e0s crian\u00e7as que s\u00e3o beneficiadas com o Programa Federal Bolsa Fam\u00edlia\u201d, explica Grotinha acrescentando \u201cacredito na sensibilidade da prefeita Suzana Ramos e agradecemos a conquista dela e de Berg que representam como ningu\u00e9m o povo e Juazeiro\u201d.<\/p>\n<p style=\"text-align: justify;\">M\u00f4nia Ramos Jornalista<\/p>\n<p style=\"text-align: justify;\">Assessora da presid\u00eancia da CMJ<\/p>\n","protected":false},"excerpt":{"rendered":"<p>Em visita ao gabinete do secret\u00e1rio de Sa\u00fade de Juazeiro, Fernando Costa, na manh\u00e3 da \u00faltima quinta (18), o presidente da C\u00e2mara de Vereadores de Juazeiro, Berg da Carna\u00edba, fez uma solicita\u00e7\u00e3o que \u00e9 um anseio da comunidade, a reabertura da Unidade B\u00e1sica de Sa\u00fade (UBS) de Carna\u00edba de Dentro. A unidade de Sa\u00fade est\u00e1 [&hellip;]<\/p>\n","protected":false},"author":1,"featured_media":19863,"comment_status":"closed","ping_status":"open","sticky":false,"template":"","format":"standard","meta":{"_uag_custom_page_level_css":"","_monsterinsights_skip_tracking":false,"_monsterinsights_sitenote_active":false,"_monsterinsights_sitenote_note":"","_monsterinsights_sitenote_category":0,"jetpack_post_was_ever_published":false,"_jetpack_newsletter_access":"","_jetpack_dont_email_post_to_subs":false,"_jetpack_newsletter_tier_id":0,"_jetpack_memberships_contains_paywalled_content":false,"_jetpack_memberships_contains_paid_content":false,"footnotes":"","jetpack_publicize_message":"","jetpack_publicize_feature_enabled":true,"jetpack_social_post_already_shared":true,"jetpack_social_options":{"image_generator_settings":{"template":"highway","default_image_id":0,"font":"","enabled":false},"version":2}},"categories":[218],"tags":[1373,669],"class_list":["post-19862","post","type-post","status-publish","format-standard","has-post-thumbnail","hentry","category-carnaiba","tag-carnaiba-do-sertao","tag-ubs"],"jetpack_publicize_connections":[],"jetpack_featured_media_url":"https:\/\/blogopara.com.br\/wp-content\/uploads\/2021\/02\/UBS19.02.jpeg","uagb_featured_image_src":{"full":["https:\/\/blogopara.com.br\/wp-content\/uploads\/2021\/02\/UBS19.02.jpeg",500,375,false],"thumbnail":["https:\/\/blogopara.com.br\/wp-content\/uploads\/2021\/02\/UBS19.02-150x150.jpeg",150,150,true],"medium":["https:\/\/blogopara.com.br\/wp-content\/uploads\/2021\/02\/UBS19.02-300x225.jpeg",300,225,true],"medium_large":["https:\/\/blogopara.com.br\/wp-content\/uploads\/2021\/02\/UBS19.02.jpeg",500,375,false],"large":["https:\/\/blogopara.com.br\/wp-content\/uploads\/2021\/02\/UBS19.02.jpeg",500,375,false],"1536x1536":["https:\/\/blogopara.com.br\/wp-content\/uploads\/2021\/02\/UBS19.02.jpeg",500,375,false],"2048x2048":["https:\/\/blogopara.com.br\/wp-content\/uploads\/2021\/02\/UBS19.02.jpeg",500,375,false],"mantranews-slider-large":["https:\/\/blogopara.com.br\/wp-content\/uploads\/2021\/02\/UBS19.02.jpeg",500,375,false],"mantranews-featured-medium":["https:\/\/blogopara.com.br\/wp-content\/uploads\/2021\/02\/UBS19.02-420x307.jpeg",420,307,true],"mantranews-featured-long":["https:\/\/blogopara.com.br\/wp-content\/uploads\/2021\/02\/UBS19.02-300x375.jpeg",300,375,true],"mantranews-block-medium":["https:\/\/blogopara.com.br\/wp-content\/uploads\/2021\/02\/UBS19.02-464x290.jpeg",464,290,true],"mantranews-carousel-image":["https:\/\/blogopara.com.br\/wp-content\/uploads\/2021\/02\/UBS19.02.jpeg",500,375,false],"mantranews-block-thumb":["https:\/\/blogopara.com.br\/wp-content\/uploads\/2021\/02\/UBS19.02-322x230.jpeg",322,230,true],"mantranews-single-large":["https:\/\/blogopara.com.br\/wp-content\/uploads\/2021\/02\/UBS19.02.jpeg",500,375,false]},"uagb_author_info":{"display_name":"Reda\u00e7\u00e3o geral","author_link":"https:\/\/blogopara.com.br\/index.php\/author\/blogopara"},"uagb_comment_info":0,"uagb_excerpt":"Em visita ao gabinete do secret\u00e1rio de Sa\u00fade de Juazeiro, Fernando Costa, na manh\u00e3 da \u00faltima quinta (18), o presidente da C\u00e2mara de Vereadores de Juazeiro, Berg da Carna\u00edba, fez uma solicita\u00e7\u00e3o que \u00e9 um anseio da comunidade, a reabertura da Unidade B\u00e1sica de Sa\u00fade (UBS) de Carna\u00edba de Dentro. A unidade de Sa\u00fade est\u00e1&hellip;","jetpack_sharing_enabled":true,"jetpack_likes_enabled":true,"_links":{"self":[{"href":"https:\/\/blogopara.com.br\/index.php\/wp-json\/wp\/v2\/posts\/19862","targetHints":{"allow":["GET"]}}],"collection":[{"href":"https:\/\/blogopara.com.br\/index.php\/wp-json\/wp\/v2\/posts"}],"about":[{"href":"https:\/\/blogopara.com.br\/index.php\/wp-json\/wp\/v2\/types\/post"}],"author":[{"embeddable":true,"href":"https:\/\/blogopara.com.br\/index.php\/wp-json\/wp\/v2\/users\/1"}],"replies":[{"embeddable":true,"href":"https:\/\/blogopara.com.br\/index.php\/wp-json\/wp\/v2\/comments?post=19862"}],"version-history":[{"count":1,"href":"https:\/\/blogopara.com.br\/index.php\/wp-json\/wp\/v2\/posts\/19862\/revisions"}],"predecessor-version":[{"id":19864,"href":"https:\/\/blogopara.com.br\/index.php\/wp-json\/wp\/v2\/posts\/19862\/revisions\/19864"}],"wp:featuredmedia":[{"embeddable":true,"href":"https:\/\/blogopara.com.br\/index.php\/wp-json\/wp\/v2\/media\/19863"}],"wp:attachment":[{"href":"https:\/\/blogopara.com.br\/index.php\/wp-json\/wp\/v2\/media?parent=19862"}],"wp:term":[{"taxonomy":"category","embeddable":true,"href":"https:\/\/blogopara.com.br\/index.php\/wp-json\/wp\/v2\/categories?post=19862"},{"taxonomy":"post_tag","embeddable":true,"href":"https:\/\/blogopara.com.br\/index.php\/wp-json\/wp\/v2\/tags?post=19862"}],"curies":[{"name":"wp","href":"https:\/\/api.w.org\/{rel}","templated":true}]}}