{"id":19870,"date":"2021-02-19T15:18:00","date_gmt":"2021-02-19T18:18:00","guid":{"rendered":"http:\/\/blogopara.com.br\/?p=19870"},"modified":"2021-02-19T11:28:26","modified_gmt":"2021-02-19T14:28:26","slug":"oportunidade-concurso-do-creci-pe-abre-227-vagas-para-nivel-medio-e-superior","status":"publish","type":"post","link":"https:\/\/blogopara.com.br\/index.php\/2021\/02\/19\/oportunidade-concurso-do-creci-pe-abre-227-vagas-para-nivel-medio-e-superior","title":{"rendered":"Oportunidade: concurso do Creci-PE abre 227 vagas para n\u00edvel m\u00e9dio e superior"},"content":{"rendered":"<p style=\"text-align: justify;\">A realiza\u00e7\u00e3o da inscri\u00e7\u00e3o para os interessados dever\u00e1 ser feita no site do Instituto de Desenvolvimento Brasileiro (Idib) at\u00e9 a pr\u00f3xima segunda-feira, dia 22 de fevereiro.<\/p>\n<p style=\"text-align: justify;\">As incri\u00e7\u00f5es para concurso do Conselho Regional de Corretores de Im\u00f3veis de Pernambuco (Creci-PE) foram abertos na quinta-feira, 18 de fevereiro. S\u00e3o oferecidas 227 vagas, apenas 7 sendo imediatas e 220 de reserva. Os valores de remunera\u00e7\u00e3o variam de R$ 1.576 \u00e0 R$ 3.441, com cargos para profissional de suporte t\u00e9cnico, agente fiscal, analista de TI e advogado.<\/p>\n<p style=\"text-align: justify;\">A realiza\u00e7\u00e3o da inscri\u00e7\u00e3o para os interessados dever\u00e1 ser feita no site do Instituto de Desenvolvimento Brasileiro (Idib) at\u00e9 a pr\u00f3xima segunda-feira, dia 22 de fevereiro. As taxas de inscri\u00e7\u00e3o variam entre R$ 80 e R$ 100, dependendo do cargo pretendido.<\/p>\n<p style=\"text-align: justify;\">O pagamento da taxa deve ser feita at\u00e9 24h ap\u00f3s a emiss\u00e3o do boleto. O candidato poder\u00e1 escolher entre Recife, Caruaru, Petrolina e Serra Talhada para realizar as provas do concurso que ser\u00e3o aplicadas no dia 9 de maio. A dura\u00e7\u00e3o das vagas \u00e9 de dois anos, podendo ser estendido por mais dois.<\/p>\n<p style=\"text-align: justify;\">Da Reda\u00e7\u00e3o<\/p>\n","protected":false},"excerpt":{"rendered":"<p>A realiza\u00e7\u00e3o da inscri\u00e7\u00e3o para os interessados dever\u00e1 ser feita no site do Instituto de Desenvolvimento Brasileiro (Idib) at\u00e9 a pr\u00f3xima segunda-feira, dia 22 de fevereiro. As incri\u00e7\u00f5es para concurso do Conselho Regional de Corretores de Im\u00f3veis de Pernambuco (Creci-PE) foram abertos na quinta-feira, 18 de fevereiro. S\u00e3o oferecidas 227 vagas, apenas 7 sendo imediatas [&hellip;]<\/p>\n","protected":false},"author":1,"featured_media":0,"comment_status":"closed","ping_status":"open","sticky":false,"template":"","format":"standard","meta":{"_uag_custom_page_level_css":"","_monsterinsights_skip_tracking":false,"_monsterinsights_sitenote_active":false,"_monsterinsights_sitenote_note":"","_monsterinsights_sitenote_category":0,"jetpack_post_was_ever_published":false,"_jetpack_newsletter_access":"","_jetpack_dont_email_post_to_subs":false,"_jetpack_newsletter_tier_id":0,"_jetpack_memberships_contains_paywalled_content":false,"_jetpack_memberships_contains_paid_content":false,"footnotes":"","jetpack_publicize_message":"","jetpack_publicize_feature_enabled":true,"jetpack_social_post_already_shared":true,"jetpack_social_options":{"image_generator_settings":{"template":"highway","default_image_id":0,"font":"","enabled":false},"version":2}},"categories":[211],"tags":[73,1915,1916],"class_list":["post-19870","post","type-post","status-publish","format-standard","hentry","category-concurso","tag-concurso","tag-creci-pe","tag-vagas"],"jetpack_publicize_connections":[],"jetpack_featured_media_url":"","uagb_featured_image_src":{"full":false,"thumbnail":false,"medium":false,"medium_large":false,"large":false,"1536x1536":false,"2048x2048":false,"mantranews-slider-large":false,"mantranews-featured-medium":false,"mantranews-featured-long":false,"mantranews-block-medium":false,"mantranews-carousel-image":false,"mantranews-block-thumb":false,"mantranews-single-large":false},"uagb_author_info":{"display_name":"Reda\u00e7\u00e3o geral","author_link":"https:\/\/blogopara.com.br\/index.php\/author\/blogopara"},"uagb_comment_info":0,"uagb_excerpt":"A realiza\u00e7\u00e3o da inscri\u00e7\u00e3o para os interessados dever\u00e1 ser feita no site do Instituto de Desenvolvimento Brasileiro (Idib) at\u00e9 a pr\u00f3xima segunda-feira, dia 22 de fevereiro. As incri\u00e7\u00f5es para concurso do Conselho Regional de Corretores de Im\u00f3veis de Pernambuco (Creci-PE) foram abertos na quinta-feira, 18 de fevereiro. S\u00e3o oferecidas 227 vagas, apenas 7 sendo imediatas&hellip;","jetpack_sharing_enabled":true,"jetpack_likes_enabled":true,"_links":{"self":[{"href":"https:\/\/blogopara.com.br\/index.php\/wp-json\/wp\/v2\/posts\/19870","targetHints":{"allow":["GET"]}}],"collection":[{"href":"https:\/\/blogopara.com.br\/index.php\/wp-json\/wp\/v2\/posts"}],"about":[{"href":"https:\/\/blogopara.com.br\/index.php\/wp-json\/wp\/v2\/types\/post"}],"author":[{"embeddable":true,"href":"https:\/\/blogopara.com.br\/index.php\/wp-json\/wp\/v2\/users\/1"}],"replies":[{"embeddable":true,"href":"https:\/\/blogopara.com.br\/index.php\/wp-json\/wp\/v2\/comments?post=19870"}],"version-history":[{"count":1,"href":"https:\/\/blogopara.com.br\/index.php\/wp-json\/wp\/v2\/posts\/19870\/revisions"}],"predecessor-version":[{"id":19871,"href":"https:\/\/blogopara.com.br\/index.php\/wp-json\/wp\/v2\/posts\/19870\/revisions\/19871"}],"wp:attachment":[{"href":"https:\/\/blogopara.com.br\/index.php\/wp-json\/wp\/v2\/media?parent=19870"}],"wp:term":[{"taxonomy":"category","embeddable":true,"href":"https:\/\/blogopara.com.br\/index.php\/wp-json\/wp\/v2\/categories?post=19870"},{"taxonomy":"post_tag","embeddable":true,"href":"https:\/\/blogopara.com.br\/index.php\/wp-json\/wp\/v2\/tags?post=19870"}],"curies":[{"name":"wp","href":"https:\/\/api.w.org\/{rel}","templated":true}]}}