{"id":20008,"date":"2021-02-23T07:45:17","date_gmt":"2021-02-23T10:45:17","guid":{"rendered":"http:\/\/blogopara.com.br\/?p=20008"},"modified":"2021-02-23T07:45:23","modified_gmt":"2021-02-23T10:45:23","slug":"representantes-da-atepaaj-vao-a-camara-solicitar-apoio-da-atual-legislatura-para-revogacao-da-lei-que-retira-direitos-adquiridos-dos-professores-inativos-de-juazeiro-veja-video","status":"publish","type":"post","link":"https:\/\/blogopara.com.br\/index.php\/2021\/02\/23\/representantes-da-atepaaj-vao-a-camara-solicitar-apoio-da-atual-legislatura-para-revogacao-da-lei-que-retira-direitos-adquiridos-dos-professores-inativos-de-juazeiro-veja-video","title":{"rendered":"Representantes da ATEPAAJ v\u00e3o \u00e0 C\u00e2mara solicitar apoio da atual legislatura para revoga\u00e7\u00e3o da Lei que retira direitos adquiridos dos professores inativos de Juazeiro; Veja v\u00eddeo."},"content":{"rendered":"<div style=\"width: 304px;\" class=\"wp-video\"><!--[if lt IE 9]><script>document.createElement('video');<\/script><![endif]-->\n<video class=\"wp-video-shortcode\" id=\"video-20008-1\" width=\"304\" height=\"300\" preload=\"metadata\" controls=\"controls\"><source type=\"video\/mp4\" src=\"https:\/\/blogopara.com.br\/wp-content\/uploads\/2021\/02\/ATEPAAJ.mp4?_=1\" \/><a href=\"https:\/\/blogopara.com.br\/wp-content\/uploads\/2021\/02\/ATEPAAJ.mp4\">https:\/\/blogopara.com.br\/wp-content\/uploads\/2021\/02\/ATEPAAJ.mp4<\/a><\/video><\/div>\n<h6><em>Maeth Soares, Associa\u00e7\u00e3o dos Trabalhadores em Educa\u00e7\u00e3o dos Pensionistas, Aposentados (ATEPAAJ)<\/em><\/h6>\n<p style=\"text-align: justify;\">O grupo de professores integrantes da Associa\u00e7\u00e3o dos Trabalhadores em Educa\u00e7\u00e3o dos Pensionistas Aposentados (ATEPAAJ) estiveram na C\u00e2mara de Vereadores de Juazeiro na manh\u00e3 desta segunda-feira (22), para pressionar os vereadores a revogar a lei aprovada na legislatura passada, do Executivo municipal, do ent\u00e3o Prefeito Paulo Bomfim, que desconta 14% da Previd\u00eancia municipal dos trabalhadores aposentados do munic\u00edpio.<\/p>\n<p style=\"text-align: justify;\">O apelo do grupo \u00e9 que a prefeita Suzana Ramos apresente um Projeto de Lei substitutivo restituindo os preju\u00edzos retirados do prefeito anterior. Eles lutam pela retomada dos direitos adquiridos para retirar os preju\u00edzos da lei que desconta dos sal\u00e1rio dos professores que por anos se dedicaram \u00e0 educa\u00e7\u00e3o do munic\u00edpio, e que a partir dessa Lei foram surpreendidos negativamente com a retirada desses direitos, entre outras medidas nocivas \u00e0 categoria.<\/p>\n<p style=\"text-align: justify;\">Para a categoria, um preju\u00edzo aprovado pela legislatura passada e o grupo desses profissionais se organizaram pra lutar pela repara\u00e7\u00e3o desse projeto danoso a categoria.<\/p>\n<p style=\"text-align: justify;\">A professora Maeth Soares, da associa\u00e7\u00e3o que encabe\u00e7a esse movimento, diz que desde o m\u00eas de outubro do ano passado tenta chama a aten\u00e7\u00e3o do Executivo e Legislativo municipal para esse equ\u00edvoco que prejudica a categoria.<\/p>\n<p style=\"text-align: justify;\">Em outubro, do ano passado, no dia do professor, eles foram \u00e0s ruas da cidade para chamar aten\u00e7\u00e3o do executivo municipal para o preju\u00edzo causado a categoria de educadores do munic\u00edpio de Juazeiro, na oportunidade tentaram ser ouvidos pela atual da \u00e9poca que n\u00e3o recebeu a comiss\u00e3o de professores para uma conversa pac\u00edfica e administrativa, tamb\u00e9m n\u00e3o receberem o apoio da APLB, entidade que os representa legalmente.<\/p>\n<p style=\"text-align: justify;\">Neste momento, pede mais uma vez a sensibiliza\u00e7\u00e3o da prefeita Suzana Ramos e dos vereadores atuais para rever esse projeto de lei e restituir a categoria com seus adquiridos, conquistados durante anos de dedica\u00e7\u00e3o \u00e0 Educa\u00e7\u00e3o de Juazeiro e se mostram abertos ao di\u00e1logo. \u201cConversamos com um grupo de professores para sensibilizarmos para a reformula\u00e7\u00e3o de um projeto que est\u00e1 onerando os sal\u00e1rios de professores, aposentados, pensionistas e ativos, contamos com a sensibilidade da nova gest\u00e3o do Executivo e Legislativo municipais\u2019, salientou.<\/p>\n<p style=\"text-align: justify;\">A categoria solicita tamb\u00e9m uma audi\u00eancia p\u00fablica para que seja discutido o tema com mais amplitude e torne de conhecimento p\u00fablico a luta dos professores prejudicados.<\/p>\n<p style=\"text-align: justify;\">O Projeto de Lei foi proposto pelo Executivo Municipal do ent\u00e3o prefeito Paulo Bonfim e \u00e0 \u00e9poca aprovado pela maioria dos vereadores da Casa Apr\u00edgio Duarte. O PL desconta encargos para a Previd\u00eancia municipal (IPJ) dos servidores inativos.<\/p>\n<p style=\"text-align: justify;\">Texto M\u00f4nia Ramos Jornalista<\/p>\n<p style=\"text-align: justify;\">Fotos F\u00e1bio Martins<\/p>\n","protected":false},"excerpt":{"rendered":"<p>Maeth Soares, Associa\u00e7\u00e3o dos Trabalhadores em Educa\u00e7\u00e3o dos Pensionistas, Aposentados (ATEPAAJ) O grupo de professores integrantes da Associa\u00e7\u00e3o dos Trabalhadores em Educa\u00e7\u00e3o dos Pensionistas Aposentados (ATEPAAJ) estiveram na C\u00e2mara de Vereadores de Juazeiro na manh\u00e3 desta segunda-feira (22), para pressionar os vereadores a revogar a lei aprovada na legislatura passada, do Executivo municipal, do ent\u00e3o [&hellip;]<\/p>\n","protected":false},"author":1,"featured_media":20009,"comment_status":"closed","ping_status":"open","sticky":false,"template":"","format":"standard","meta":{"_uag_custom_page_level_css":"","_monsterinsights_skip_tracking":false,"_monsterinsights_sitenote_active":false,"_monsterinsights_sitenote_note":"","_monsterinsights_sitenote_category":0,"jetpack_post_was_ever_published":false,"_jetpack_newsletter_access":"","_jetpack_dont_email_post_to_subs":false,"_jetpack_newsletter_tier_id":0,"_jetpack_memberships_contains_paywalled_content":false,"_jetpack_memberships_contains_paid_content":false,"footnotes":"","jetpack_publicize_message":"","jetpack_publicize_feature_enabled":true,"jetpack_social_post_already_shared":true,"jetpack_social_options":{"image_generator_settings":{"template":"highway","default_image_id":0,"font":"","enabled":false},"version":2}},"categories":[203],"tags":[1906,81,966,1956],"class_list":["post-20008","post","type-post","status-publish","format-standard","has-post-thumbnail","hentry","category-juazeiro","tag-atepaaj","tag-camara","tag-lei","tag-professores-inativos"],"jetpack_publicize_connections":[],"jetpack_featured_media_url":"https:\/\/blogopara.com.br\/wp-content\/uploads\/2021\/02\/Associacao23.02.jpeg","uagb_featured_image_src":{"full":["https:\/\/blogopara.com.br\/wp-content\/uploads\/2021\/02\/Associacao23.02.jpeg",500,333,false],"thumbnail":["https:\/\/blogopara.com.br\/wp-content\/uploads\/2021\/02\/Associacao23.02-150x150.jpeg",150,150,true],"medium":["https:\/\/blogopara.com.br\/wp-content\/uploads\/2021\/02\/Associacao23.02-300x200.jpeg",300,200,true],"medium_large":["https:\/\/blogopara.com.br\/wp-content\/uploads\/2021\/02\/Associacao23.02.jpeg",500,333,false],"large":["https:\/\/blogopara.com.br\/wp-content\/uploads\/2021\/02\/Associacao23.02.jpeg",500,333,false],"1536x1536":["https:\/\/blogopara.com.br\/wp-content\/uploads\/2021\/02\/Associacao23.02.jpeg",500,333,false],"2048x2048":["https:\/\/blogopara.com.br\/wp-content\/uploads\/2021\/02\/Associacao23.02.jpeg",500,333,false],"mantranews-slider-large":["https:\/\/blogopara.com.br\/wp-content\/uploads\/2021\/02\/Associacao23.02.jpeg",500,333,false],"mantranews-featured-medium":["https:\/\/blogopara.com.br\/wp-content\/uploads\/2021\/02\/Associacao23.02-420x307.jpeg",420,307,true],"mantranews-featured-long":["https:\/\/blogopara.com.br\/wp-content\/uploads\/2021\/02\/Associacao23.02-300x333.jpeg",300,333,true],"mantranews-block-medium":["https:\/\/blogopara.com.br\/wp-content\/uploads\/2021\/02\/Associacao23.02-464x290.jpeg",464,290,true],"mantranews-carousel-image":["https:\/\/blogopara.com.br\/wp-content\/uploads\/2021\/02\/Associacao23.02.jpeg",500,333,false],"mantranews-block-thumb":["https:\/\/blogopara.com.br\/wp-content\/uploads\/2021\/02\/Associacao23.02-322x230.jpeg",322,230,true],"mantranews-single-large":["https:\/\/blogopara.com.br\/wp-content\/uploads\/2021\/02\/Associacao23.02.jpeg",500,333,false]},"uagb_author_info":{"display_name":"Reda\u00e7\u00e3o geral","author_link":"https:\/\/blogopara.com.br\/index.php\/author\/blogopara"},"uagb_comment_info":0,"uagb_excerpt":"Maeth Soares, Associa\u00e7\u00e3o dos Trabalhadores em Educa\u00e7\u00e3o dos Pensionistas, Aposentados (ATEPAAJ) O grupo de professores integrantes da Associa\u00e7\u00e3o dos Trabalhadores em Educa\u00e7\u00e3o dos Pensionistas Aposentados (ATEPAAJ) estiveram na C\u00e2mara de Vereadores de Juazeiro na manh\u00e3 desta segunda-feira (22), para pressionar os vereadores a revogar a lei aprovada na legislatura passada, do Executivo municipal, do ent\u00e3o&hellip;","jetpack_sharing_enabled":true,"jetpack_likes_enabled":true,"_links":{"self":[{"href":"https:\/\/blogopara.com.br\/index.php\/wp-json\/wp\/v2\/posts\/20008","targetHints":{"allow":["GET"]}}],"collection":[{"href":"https:\/\/blogopara.com.br\/index.php\/wp-json\/wp\/v2\/posts"}],"about":[{"href":"https:\/\/blogopara.com.br\/index.php\/wp-json\/wp\/v2\/types\/post"}],"author":[{"embeddable":true,"href":"https:\/\/blogopara.com.br\/index.php\/wp-json\/wp\/v2\/users\/1"}],"replies":[{"embeddable":true,"href":"https:\/\/blogopara.com.br\/index.php\/wp-json\/wp\/v2\/comments?post=20008"}],"version-history":[{"count":1,"href":"https:\/\/blogopara.com.br\/index.php\/wp-json\/wp\/v2\/posts\/20008\/revisions"}],"predecessor-version":[{"id":20011,"href":"https:\/\/blogopara.com.br\/index.php\/wp-json\/wp\/v2\/posts\/20008\/revisions\/20011"}],"wp:featuredmedia":[{"embeddable":true,"href":"https:\/\/blogopara.com.br\/index.php\/wp-json\/wp\/v2\/media\/20009"}],"wp:attachment":[{"href":"https:\/\/blogopara.com.br\/index.php\/wp-json\/wp\/v2\/media?parent=20008"}],"wp:term":[{"taxonomy":"category","embeddable":true,"href":"https:\/\/blogopara.com.br\/index.php\/wp-json\/wp\/v2\/categories?post=20008"},{"taxonomy":"post_tag","embeddable":true,"href":"https:\/\/blogopara.com.br\/index.php\/wp-json\/wp\/v2\/tags?post=20008"}],"curies":[{"name":"wp","href":"https:\/\/api.w.org\/{rel}","templated":true}]}}