{"id":20021,"date":"2021-02-23T16:10:00","date_gmt":"2021-02-23T19:10:00","guid":{"rendered":"http:\/\/blogopara.com.br\/?p=20021"},"modified":"2021-02-23T12:01:00","modified_gmt":"2021-02-23T15:01:00","slug":"governo-federal-quer-pagar-quatro-parcelas-do-auxilio-emergencial-de-ate-r-250","status":"publish","type":"post","link":"https:\/\/blogopara.com.br\/index.php\/2021\/02\/23\/governo-federal-quer-pagar-quatro-parcelas-do-auxilio-emergencial-de-ate-r-250","title":{"rendered":"Governo Federal quer pagar quatro parcelas do aux\u00edlio emergencial de at\u00e9 R$ 250"},"content":{"rendered":"<p style=\"text-align: justify;\">A meta \u00e9 pagar quatro parcelas de R$ 200 entre mar\u00e7o e junho, valor que poder\u00e1 subir para R$ 250 numa negocia\u00e7\u00e3o com o Legislativo. Esse \u00e9 o m\u00e1ximo que a equipe econ\u00f4mica considera vi\u00e1vel sem agravar ainda mais as contas p\u00fablicas. Pelos c\u00e1lculos do governo, poder\u00e3o ser beneficiadas at\u00e9 40 milh\u00f5es de pessoas, parte delas j\u00e1 inscritas no Bolsa Fam\u00edlia. As contas de t\u00e9cnicos da Esplanada s\u00e3o de que, para bancar o benef\u00edcio, o Tesouro Nacional ter\u00e1 de se endividar em pelo menos R$ 30 bilh\u00f5es. O complemento necess\u00e1rio vir\u00e1 do or\u00e7amento do Bolsa Fam\u00edlia, previsto em R$ 34,8 bilh\u00f5es para todo o ano de 2021.<\/p>\n<p style=\"text-align: justify;\">Para que o pagamento do aux\u00edlio emergencial seja iniciado ainda em mar\u00e7o, o governo precisa, por\u00e9m, que o Congresso aprove a PEC Emergencial o mais rapidamente poss\u00edvel. A minuta do documento j\u00e1 foi distribu\u00edda pelo relator da PEC, senador M\u00e1rcio Bittar, aos l\u00edderes partid\u00e1rios. Pelo cronograma tra\u00e7ado pela equipe econ\u00f4mica, a PEC dever\u00e1 ser aprovada ainda na quinta-feira (25) no Senado e, no m\u00e1ximo, em duas semanas, na C\u00e2mara. A partir da\u00ed, o governo editar\u00e1 uma Medida Provis\u00f3ria definindo o valor efetivo do benef\u00edcio. A equipe econ\u00f4mica admite que tudo ser\u00e1 negociado com os parlamentares, mas deixa claro que n\u00e3o h\u00e1 como bancar nada acima de R$ 250.<\/p>\n<p style=\"text-align: justify;\">O governo acredita na agilidade do Legislativo para que o socorro aos mais pobres comece o mais rapidamente poss\u00edvel. A equipe econ\u00f4mica acredita que a efetividade do benef\u00edcio, agora, ser\u00e1 maior, pois, depois do cruzamento de dados, sabe-se quais s\u00e3o as pessoas que realmente precisam da ajuda financeira.<\/p>\n<p style=\"text-align: justify;\">Da Reda\u00e7\u00e3o.<\/p>\n","protected":false},"excerpt":{"rendered":"<p>A meta \u00e9 pagar quatro parcelas de R$ 200 entre mar\u00e7o e junho, valor que poder\u00e1 subir para R$ 250 numa negocia\u00e7\u00e3o com o Legislativo. Esse \u00e9 o m\u00e1ximo que a equipe econ\u00f4mica considera vi\u00e1vel sem agravar ainda mais as contas p\u00fablicas. Pelos c\u00e1lculos do governo, poder\u00e3o ser beneficiadas at\u00e9 40 milh\u00f5es de pessoas, parte [&hellip;]<\/p>\n","protected":false},"author":1,"featured_media":9591,"comment_status":"closed","ping_status":"open","sticky":false,"template":"","format":"standard","meta":{"_uag_custom_page_level_css":"","_monsterinsights_skip_tracking":false,"_monsterinsights_sitenote_active":false,"_monsterinsights_sitenote_note":"","_monsterinsights_sitenote_category":0,"jetpack_post_was_ever_published":false,"_jetpack_newsletter_access":"","_jetpack_dont_email_post_to_subs":false,"_jetpack_newsletter_tier_id":0,"_jetpack_memberships_contains_paywalled_content":false,"_jetpack_memberships_contains_paid_content":false,"footnotes":"","jetpack_publicize_message":"","jetpack_publicize_feature_enabled":true,"jetpack_social_post_already_shared":true,"jetpack_social_options":{"image_generator_settings":{"template":"highway","default_image_id":0,"font":"","enabled":false},"version":2}},"categories":[206],"tags":[1957,1959,1958],"class_list":["post-20021","post","type-post","status-publish","format-standard","has-post-thumbnail","hentry","category-economia","tag-auxilio-2","tag-negociacao","tag-parcelas"],"jetpack_publicize_connections":[],"jetpack_featured_media_url":"https:\/\/blogopara.com.br\/wp-content\/uploads\/2020\/04\/87800351_Sao-Paulo-SP-09-04-2020EconomiaRegularizacao-do-CPFReceita-FederalAuxilio.jpg","uagb_featured_image_src":{"full":["https:\/\/blogopara.com.br\/wp-content\/uploads\/2020\/04\/87800351_Sao-Paulo-SP-09-04-2020EconomiaRegularizacao-do-CPFReceita-FederalAuxilio.jpg",500,300,false],"thumbnail":["https:\/\/blogopara.com.br\/wp-content\/uploads\/2020\/04\/87800351_Sao-Paulo-SP-09-04-2020EconomiaRegularizacao-do-CPFReceita-FederalAuxilio-150x150.jpg",150,150,true],"medium":["https:\/\/blogopara.com.br\/wp-content\/uploads\/2020\/04\/87800351_Sao-Paulo-SP-09-04-2020EconomiaRegularizacao-do-CPFReceita-FederalAuxilio-300x180.jpg",300,180,true],"medium_large":["https:\/\/blogopara.com.br\/wp-content\/uploads\/2020\/04\/87800351_Sao-Paulo-SP-09-04-2020EconomiaRegularizacao-do-CPFReceita-FederalAuxilio.jpg",500,300,false],"large":["https:\/\/blogopara.com.br\/wp-content\/uploads\/2020\/04\/87800351_Sao-Paulo-SP-09-04-2020EconomiaRegularizacao-do-CPFReceita-FederalAuxilio.jpg",500,300,false],"1536x1536":["https:\/\/blogopara.com.br\/wp-content\/uploads\/2020\/04\/87800351_Sao-Paulo-SP-09-04-2020EconomiaRegularizacao-do-CPFReceita-FederalAuxilio.jpg",500,300,false],"2048x2048":["https:\/\/blogopara.com.br\/wp-content\/uploads\/2020\/04\/87800351_Sao-Paulo-SP-09-04-2020EconomiaRegularizacao-do-CPFReceita-FederalAuxilio.jpg",500,300,false],"mantranews-slider-large":["https:\/\/blogopara.com.br\/wp-content\/uploads\/2020\/04\/87800351_Sao-Paulo-SP-09-04-2020EconomiaRegularizacao-do-CPFReceita-FederalAuxilio.jpg",500,300,false],"mantranews-featured-medium":["https:\/\/blogopara.com.br\/wp-content\/uploads\/2020\/04\/87800351_Sao-Paulo-SP-09-04-2020EconomiaRegularizacao-do-CPFReceita-FederalAuxilio-420x300.jpg",420,300,true],"mantranews-featured-long":["https:\/\/blogopara.com.br\/wp-content\/uploads\/2020\/04\/87800351_Sao-Paulo-SP-09-04-2020EconomiaRegularizacao-do-CPFReceita-FederalAuxilio-300x300.jpg",300,300,true],"mantranews-block-medium":["https:\/\/blogopara.com.br\/wp-content\/uploads\/2020\/04\/87800351_Sao-Paulo-SP-09-04-2020EconomiaRegularizacao-do-CPFReceita-FederalAuxilio-464x290.jpg",464,290,true],"mantranews-carousel-image":["https:\/\/blogopara.com.br\/wp-content\/uploads\/2020\/04\/87800351_Sao-Paulo-SP-09-04-2020EconomiaRegularizacao-do-CPFReceita-FederalAuxilio.jpg",500,300,false],"mantranews-block-thumb":["https:\/\/blogopara.com.br\/wp-content\/uploads\/2020\/04\/87800351_Sao-Paulo-SP-09-04-2020EconomiaRegularizacao-do-CPFReceita-FederalAuxilio-322x230.jpg",322,230,true],"mantranews-single-large":["https:\/\/blogopara.com.br\/wp-content\/uploads\/2020\/04\/87800351_Sao-Paulo-SP-09-04-2020EconomiaRegularizacao-do-CPFReceita-FederalAuxilio.jpg",500,300,false]},"uagb_author_info":{"display_name":"Reda\u00e7\u00e3o geral","author_link":"https:\/\/blogopara.com.br\/index.php\/author\/blogopara"},"uagb_comment_info":0,"uagb_excerpt":"A meta \u00e9 pagar quatro parcelas de R$ 200 entre mar\u00e7o e junho, valor que poder\u00e1 subir para R$ 250 numa negocia\u00e7\u00e3o com o Legislativo. Esse \u00e9 o m\u00e1ximo que a equipe econ\u00f4mica considera vi\u00e1vel sem agravar ainda mais as contas p\u00fablicas. Pelos c\u00e1lculos do governo, poder\u00e3o ser beneficiadas at\u00e9 40 milh\u00f5es de pessoas, parte&hellip;","jetpack_sharing_enabled":true,"jetpack_likes_enabled":true,"_links":{"self":[{"href":"https:\/\/blogopara.com.br\/index.php\/wp-json\/wp\/v2\/posts\/20021","targetHints":{"allow":["GET"]}}],"collection":[{"href":"https:\/\/blogopara.com.br\/index.php\/wp-json\/wp\/v2\/posts"}],"about":[{"href":"https:\/\/blogopara.com.br\/index.php\/wp-json\/wp\/v2\/types\/post"}],"author":[{"embeddable":true,"href":"https:\/\/blogopara.com.br\/index.php\/wp-json\/wp\/v2\/users\/1"}],"replies":[{"embeddable":true,"href":"https:\/\/blogopara.com.br\/index.php\/wp-json\/wp\/v2\/comments?post=20021"}],"version-history":[{"count":1,"href":"https:\/\/blogopara.com.br\/index.php\/wp-json\/wp\/v2\/posts\/20021\/revisions"}],"predecessor-version":[{"id":20022,"href":"https:\/\/blogopara.com.br\/index.php\/wp-json\/wp\/v2\/posts\/20021\/revisions\/20022"}],"wp:featuredmedia":[{"embeddable":true,"href":"https:\/\/blogopara.com.br\/index.php\/wp-json\/wp\/v2\/media\/9591"}],"wp:attachment":[{"href":"https:\/\/blogopara.com.br\/index.php\/wp-json\/wp\/v2\/media?parent=20021"}],"wp:term":[{"taxonomy":"category","embeddable":true,"href":"https:\/\/blogopara.com.br\/index.php\/wp-json\/wp\/v2\/categories?post=20021"},{"taxonomy":"post_tag","embeddable":true,"href":"https:\/\/blogopara.com.br\/index.php\/wp-json\/wp\/v2\/tags?post=20021"}],"curies":[{"name":"wp","href":"https:\/\/api.w.org\/{rel}","templated":true}]}}