{"id":20036,"date":"2021-02-23T15:45:27","date_gmt":"2021-02-23T18:45:27","guid":{"rendered":"http:\/\/blogopara.com.br\/?p=20036"},"modified":"2021-02-23T15:45:33","modified_gmt":"2021-02-23T18:45:33","slug":"presidente-da-camara-de-petrolina-aero-cruz-mdb-desabafou-a-imprensa-deve-ser-livre-mas-ela-nao-pode-ser-chantagista-nao-pode-ser-mentirosa","status":"publish","type":"post","link":"https:\/\/blogopara.com.br\/index.php\/2021\/02\/23\/presidente-da-camara-de-petrolina-aero-cruz-mdb-desabafou-a-imprensa-deve-ser-livre-mas-ela-nao-pode-ser-chantagista-nao-pode-ser-mentirosa","title":{"rendered":"Presidente da C\u00e2mara de Petrolina Aero Cruz (MDB) desabafou: \u201cA imprensa deve ser livre, mas ela n\u00e3o pode ser chantagista, n\u00e3o pode ser mentirosa\u201d"},"content":{"rendered":"<p style=\"text-align: justify;\">\u201cA gente n\u00e3o vai aceitar os fake News, a mentira e a chantagem colocada por alguns da imprensa. N\u00e3o vou aceitar\u201d, sem citar nomes o presidente da C\u00e2mara de Petrolina, Aero Cruz (MDB) desabafou na tribuna da Casa na sess\u00e3o ordin\u00e1ria desta ter\u00e7a-feira (23) e afirmou, \u201crespeito a imprensa, mas cobro respeito tamb\u00e9m\u201d.<\/p>\n<p style=\"text-align: justify;\">O motivo n\u00e3o foi esclarecido no discurso do vereador, Cruz apenas refor\u00e7ou que se os vereadores errarem que assumam seus erros, mas que n\u00e3o aceita qualquer tipo de chantagem.<\/p>\n<p style=\"text-align: justify;\">\u201cPorque esse presidente que aqui esta na hora que errar assume. A imprensa deve ser livre, mas ela n\u00e3o pode ser chantagista, n\u00e3o pode ser mentirosa, ela n\u00e3o pode daqui querer comprometer a imagem daqueles pais e m\u00e3es de fam\u00edlia que trabalham dia e noite em prol da popula\u00e7\u00e3o da nossa cidade\u201d, disse.<\/p>\n<p style=\"text-align: justify;\">Segundo Aero, tem o jornalista que \u00e9 \u201ca parte boa, que fiscaliza e investiga para soltar a mat\u00e9ria e tem aquele que manda a mat\u00e9ria e solta a mentira\u201d, destacou. Ainda no discurso, ele relatou que n\u00e3o tem nenhuma indica\u00e7\u00e3o para cargos na Prefeitura de Petrolina e que \u201cfa\u00e7o quest\u00e3o disso\u201d.<\/p>\n<p style=\"text-align: justify;\">Da Reda\u00e7\u00e3o.<\/p>\n","protected":false},"excerpt":{"rendered":"<p>\u201cA gente n\u00e3o vai aceitar os fake News, a mentira e a chantagem colocada por alguns da imprensa. N\u00e3o vou aceitar\u201d, sem citar nomes o presidente da C\u00e2mara de Petrolina, Aero Cruz (MDB) desabafou na tribuna da Casa na sess\u00e3o ordin\u00e1ria desta ter\u00e7a-feira (23) e afirmou, \u201crespeito a imprensa, mas cobro respeito tamb\u00e9m\u201d. O motivo [&hellip;]<\/p>\n","protected":false},"author":1,"featured_media":20037,"comment_status":"closed","ping_status":"open","sticky":false,"template":"","format":"standard","meta":{"_uag_custom_page_level_css":"","_monsterinsights_skip_tracking":false,"_monsterinsights_sitenote_active":false,"_monsterinsights_sitenote_note":"","_monsterinsights_sitenote_category":0,"jetpack_post_was_ever_published":false,"_jetpack_newsletter_access":"","_jetpack_dont_email_post_to_subs":false,"_jetpack_newsletter_tier_id":0,"_jetpack_memberships_contains_paywalled_content":false,"_jetpack_memberships_contains_paid_content":false,"footnotes":"","jetpack_publicize_message":"","jetpack_publicize_feature_enabled":true,"jetpack_social_post_already_shared":true,"jetpack_social_options":{"image_generator_settings":{"template":"highway","default_image_id":0,"font":"","enabled":false},"version":2}},"categories":[197],"tags":[1964,1962,658,1963],"class_list":["post-20036","post","type-post","status-publish","format-standard","has-post-thumbnail","hentry","category-politica","tag-aero-cruz-mdb","tag-camara-de-vereadores-de-petrolina-2","tag-imprensa","tag-presidente"],"jetpack_publicize_connections":[],"jetpack_featured_media_url":"https:\/\/blogopara.com.br\/wp-content\/uploads\/2021\/02\/Aero23.02.jpg","uagb_featured_image_src":{"full":["https:\/\/blogopara.com.br\/wp-content\/uploads\/2021\/02\/Aero23.02.jpg",500,319,false],"thumbnail":["https:\/\/blogopara.com.br\/wp-content\/uploads\/2021\/02\/Aero23.02-150x150.jpg",150,150,true],"medium":["https:\/\/blogopara.com.br\/wp-content\/uploads\/2021\/02\/Aero23.02-300x191.jpg",300,191,true],"medium_large":["https:\/\/blogopara.com.br\/wp-content\/uploads\/2021\/02\/Aero23.02.jpg",500,319,false],"large":["https:\/\/blogopara.com.br\/wp-content\/uploads\/2021\/02\/Aero23.02.jpg",500,319,false],"1536x1536":["https:\/\/blogopara.com.br\/wp-content\/uploads\/2021\/02\/Aero23.02.jpg",500,319,false],"2048x2048":["https:\/\/blogopara.com.br\/wp-content\/uploads\/2021\/02\/Aero23.02.jpg",500,319,false],"mantranews-slider-large":["https:\/\/blogopara.com.br\/wp-content\/uploads\/2021\/02\/Aero23.02.jpg",500,319,false],"mantranews-featured-medium":["https:\/\/blogopara.com.br\/wp-content\/uploads\/2021\/02\/Aero23.02-420x307.jpg",420,307,true],"mantranews-featured-long":["https:\/\/blogopara.com.br\/wp-content\/uploads\/2021\/02\/Aero23.02-300x319.jpg",300,319,true],"mantranews-block-medium":["https:\/\/blogopara.com.br\/wp-content\/uploads\/2021\/02\/Aero23.02-464x290.jpg",464,290,true],"mantranews-carousel-image":["https:\/\/blogopara.com.br\/wp-content\/uploads\/2021\/02\/Aero23.02.jpg",500,319,false],"mantranews-block-thumb":["https:\/\/blogopara.com.br\/wp-content\/uploads\/2021\/02\/Aero23.02-322x230.jpg",322,230,true],"mantranews-single-large":["https:\/\/blogopara.com.br\/wp-content\/uploads\/2021\/02\/Aero23.02.jpg",500,319,false]},"uagb_author_info":{"display_name":"Reda\u00e7\u00e3o geral","author_link":"https:\/\/blogopara.com.br\/index.php\/author\/blogopara"},"uagb_comment_info":0,"uagb_excerpt":"\u201cA gente n\u00e3o vai aceitar os fake News, a mentira e a chantagem colocada por alguns da imprensa. N\u00e3o vou aceitar\u201d, sem citar nomes o presidente da C\u00e2mara de Petrolina, Aero Cruz (MDB) desabafou na tribuna da Casa na sess\u00e3o ordin\u00e1ria desta ter\u00e7a-feira (23) e afirmou, \u201crespeito a imprensa, mas cobro respeito tamb\u00e9m\u201d. O motivo&hellip;","jetpack_sharing_enabled":true,"jetpack_likes_enabled":true,"_links":{"self":[{"href":"https:\/\/blogopara.com.br\/index.php\/wp-json\/wp\/v2\/posts\/20036","targetHints":{"allow":["GET"]}}],"collection":[{"href":"https:\/\/blogopara.com.br\/index.php\/wp-json\/wp\/v2\/posts"}],"about":[{"href":"https:\/\/blogopara.com.br\/index.php\/wp-json\/wp\/v2\/types\/post"}],"author":[{"embeddable":true,"href":"https:\/\/blogopara.com.br\/index.php\/wp-json\/wp\/v2\/users\/1"}],"replies":[{"embeddable":true,"href":"https:\/\/blogopara.com.br\/index.php\/wp-json\/wp\/v2\/comments?post=20036"}],"version-history":[{"count":1,"href":"https:\/\/blogopara.com.br\/index.php\/wp-json\/wp\/v2\/posts\/20036\/revisions"}],"predecessor-version":[{"id":20038,"href":"https:\/\/blogopara.com.br\/index.php\/wp-json\/wp\/v2\/posts\/20036\/revisions\/20038"}],"wp:featuredmedia":[{"embeddable":true,"href":"https:\/\/blogopara.com.br\/index.php\/wp-json\/wp\/v2\/media\/20037"}],"wp:attachment":[{"href":"https:\/\/blogopara.com.br\/index.php\/wp-json\/wp\/v2\/media?parent=20036"}],"wp:term":[{"taxonomy":"category","embeddable":true,"href":"https:\/\/blogopara.com.br\/index.php\/wp-json\/wp\/v2\/categories?post=20036"},{"taxonomy":"post_tag","embeddable":true,"href":"https:\/\/blogopara.com.br\/index.php\/wp-json\/wp\/v2\/tags?post=20036"}],"curies":[{"name":"wp","href":"https:\/\/api.w.org\/{rel}","templated":true}]}}