{"id":20058,"date":"2021-02-24T08:03:58","date_gmt":"2021-02-24T11:03:58","guid":{"rendered":"http:\/\/blogopara.com.br\/?p=20058"},"modified":"2021-02-24T08:06:35","modified_gmt":"2021-02-24T11:06:35","slug":"fake-news-o-hospital-de-campanha-de-juazeiro-nao-foi-fechado","status":"publish","type":"post","link":"https:\/\/blogopara.com.br\/index.php\/2021\/02\/24\/fake-news-o-hospital-de-campanha-de-juazeiro-nao-foi-fechado","title":{"rendered":"FAKE NEWS: O Hospital de Campanha de Juazeiro n\u00e3o foi fechado"},"content":{"rendered":"<p class=\"x_MsoNormal\" style=\"text-align: justify;\">Ao contr\u00e1rio do que foi propagado pelo vereador Alex Tanuri (PP) em toda imprensa na tarde de ontem (23), o Hospital de Campanha de Juazeiro n\u00e3o foi fechado pela atual administra\u00e7\u00e3o<\/p>\n<p class=\"x_MsoNormal\" style=\"text-align: justify;\">O mesmo continua ativo e foi totalmente modernizado para humanizar o atendimento dos pacientes com Covid-19.<\/p>\n<p class=\"x_MsoNormal\" style=\"text-align: justify;\">Segundo a prefeitura o Hospital de Campanha do munic\u00edpio n\u00e3o oferecia estrutura adequada para o tratamento de pessoas com o novo coronav\u00edrus. At\u00e9 15 dias atr\u00e1s, o hospital n\u00e3o passava de um galp\u00e3o com camas. A unidade n\u00e3o tinha separa\u00e7\u00e3o entre pacientes positivados e pacientes em avalia\u00e7\u00e3o, sem qualquer espa\u00e7o para um acolhimento humanizado ou uma recep\u00e7\u00e3o que pudesse encaminhar os doentes para triagem. Essa realidade foi mudada pela gest\u00e3o Suzana Ramos.<\/p>\n<p class=\"x_MsoNormal\" style=\"text-align: justify;\">&nbsp;\u201c<i>O Hospital de Campanha est\u00e1 melhor montado,&nbsp; pois reformulamos com consult\u00f3rio, triagem, sala amarela, sala vermelha, fluxo otimizado, coisas que a unidade n\u00e3o tinha. Temos um contrato vigente at\u00e9 22&nbsp; de mar\u00e7o de 2021 e solicitamos prorroga\u00e7\u00e3o por mais 6 meses. As obras est\u00e3o em fase de conclus\u00e3o da adequa\u00e7\u00e3o, para melhor humaniza\u00e7\u00e3o e acolhimento, apenas sendo reformulado com o acr\u00e9scimo de atendimento de s\u00edndromes gripais, mantendo os intermedi\u00e1rios ativos e requalificando a UPA para atendimentos emergenciais, devolvendo \u00e0 popula\u00e7\u00e3o o acesso mais amplo para emerg\u00eancias e melhor aproveitamento dos nossos equipamentos de sa\u00fade<\/i>\u201d, esclarece o secret\u00e1rio de Sa\u00fade do munic\u00edpio, Fernando Costa.<\/p>\n<p class=\"x_MsoNormal\" style=\"text-align: justify;\">A Prefeitura de Juazeiro reestruturou em 15 dias toda a unidade de atendimento aos pacientes com suspeita de covid-19. Construiu \u00e1reas de separa\u00e7\u00e3o entre os leitos, importante para evitar contamina\u00e7\u00e3o entre as pessoas durante a avalia\u00e7\u00e3o m\u00e9dica. A Sala Vermelha criada para o atendimento a pacientes mais graves foi esquipada com mais respiradores, aumentando de um para tr\u00eas. A Secretaria de Sa\u00fade criou tamb\u00e9m uma recep\u00e7\u00e3o para acolhimento &#8211; uma adequa\u00e7\u00e3o necess\u00e1ria para a humaniza\u00e7\u00e3o da sa\u00fade, compromisso da gest\u00e3o Suzana Ramos.<\/p>\n<p class=\"x_MsoNormal\" style=\"text-align: justify;\">\u201c<i>Desde o in\u00edcio da gest\u00e3o, a proposta \u00e9 melhorar a qualidade do atendimento aos pacientes do Hospital de Campanha. Ent\u00e3o come\u00e7amos a adequa\u00e7\u00e3o da unidade, separando uma \u00e1rea da UPA para o atendimento enquanto os trabalhadores estavam nas obras. O esperado era concluir toda a reestrutura\u00e7\u00e3o em uma semana. Mas com a chuva, o hospital fica \u00e0s margens de uma rodovia, a \u00e1gua escoa e alaga os leitos de modo geral. E a obra ficou mais lenta, mas est\u00e1 sendo finalizada<\/i>\u201d, explicou o gerente administrativo do Hospital de Campanha e UPA, R\u00e9gio Juliano Cunha.<\/p>\n<p class=\"x_MsoNormal\" style=\"text-align: justify;\"><b>Transpar\u00eancia<\/b><\/p>\n<p class=\"x_MsoNormal\" style=\"text-align: justify;\">Todos os processos da obra desde o in\u00edcio foram documentados pela Secretaria de Sa\u00fade, comprometida com a transpar\u00eancia e veracidade. V\u00eddeos e fotos mostram o trabalho executado em duas semanas.<\/p>\n<p class=\"x_MsoNormal\" style=\"text-align: justify;\">\u201c<i>Na pr\u00f3xima quinta-feira, dia 25, j\u00e1 teremos terminado todo o processo de desinfec\u00e7\u00e3o e remontagem dos leitos. O hospital n\u00e3o fechou em momento algum. Suspendemos o atendimento para evitar que as pr\u00f3ximas chuvas provocassem estragos maiores e toda a adequa\u00e7\u00e3o fosse para melhorar o nosso servi\u00e7o para a popula\u00e7\u00e3o<\/i>\u201d, finalizou R\u00e9gio Juliano.<\/p>\n<p class=\"x_MsoNormal\" style=\"text-align: justify;\">Fonte de informa\u00e7\u00f5es: Ascom PMJ<\/p>\n<div>\n<div class=\"x_gmail_signature\" dir=\"ltr\" style=\"text-align: justify;\"><\/div>\n<\/div>\n","protected":false},"excerpt":{"rendered":"<p>Ao contr\u00e1rio do que foi propagado pelo vereador Alex Tanuri (PP) em toda imprensa na tarde de ontem (23), o Hospital de Campanha de Juazeiro n\u00e3o foi fechado pela atual administra\u00e7\u00e3o O mesmo continua ativo e foi totalmente modernizado para humanizar o atendimento dos pacientes com Covid-19. Segundo a prefeitura o Hospital de Campanha do [&hellip;]<\/p>\n","protected":false},"author":1,"featured_media":20061,"comment_status":"closed","ping_status":"open","sticky":false,"template":"","format":"standard","meta":{"_uag_custom_page_level_css":"","_monsterinsights_skip_tracking":false,"_monsterinsights_sitenote_active":false,"_monsterinsights_sitenote_note":"","_monsterinsights_sitenote_category":0,"jetpack_post_was_ever_published":false,"_jetpack_newsletter_access":"","_jetpack_dont_email_post_to_subs":false,"_jetpack_newsletter_tier_id":0,"_jetpack_memberships_contains_paywalled_content":false,"_jetpack_memberships_contains_paid_content":false,"footnotes":"","jetpack_publicize_message":"","jetpack_publicize_feature_enabled":true,"jetpack_social_post_already_shared":true,"jetpack_social_options":{"image_generator_settings":{"template":"highway","default_image_id":0,"font":"","enabled":false},"version":2}},"categories":[203],"tags":[155,1523,28],"class_list":["post-20058","post","type-post","status-publish","format-standard","has-post-thumbnail","hentry","category-juazeiro","tag-alex-tanuri","tag-covid","tag-fake-news"],"jetpack_publicize_connections":[],"jetpack_featured_media_url":"https:\/\/blogopara.com.br\/wp-content\/uploads\/2021\/02\/WhatsApp-Image-2021-02-24-at-07.59.34.jpeg","uagb_featured_image_src":{"full":["https:\/\/blogopara.com.br\/wp-content\/uploads\/2021\/02\/WhatsApp-Image-2021-02-24-at-07.59.34.jpeg",500,1084,false],"thumbnail":["https:\/\/blogopara.com.br\/wp-content\/uploads\/2021\/02\/WhatsApp-Image-2021-02-24-at-07.59.34-150x150.jpeg",150,150,true],"medium":["https:\/\/blogopara.com.br\/wp-content\/uploads\/2021\/02\/WhatsApp-Image-2021-02-24-at-07.59.34-138x300.jpeg",138,300,true],"medium_large":["https:\/\/blogopara.com.br\/wp-content\/uploads\/2021\/02\/WhatsApp-Image-2021-02-24-at-07.59.34.jpeg",500,1084,false],"large":["https:\/\/blogopara.com.br\/wp-content\/uploads\/2021\/02\/WhatsApp-Image-2021-02-24-at-07.59.34-472x1024.jpeg",472,1024,true],"1536x1536":["https:\/\/blogopara.com.br\/wp-content\/uploads\/2021\/02\/WhatsApp-Image-2021-02-24-at-07.59.34.jpeg",500,1084,false],"2048x2048":["https:\/\/blogopara.com.br\/wp-content\/uploads\/2021\/02\/WhatsApp-Image-2021-02-24-at-07.59.34.jpeg",500,1084,false],"mantranews-slider-large":["https:\/\/blogopara.com.br\/wp-content\/uploads\/2021\/02\/WhatsApp-Image-2021-02-24-at-07.59.34-500x741.jpeg",500,741,true],"mantranews-featured-medium":["https:\/\/blogopara.com.br\/wp-content\/uploads\/2021\/02\/WhatsApp-Image-2021-02-24-at-07.59.34-420x307.jpeg",420,307,true],"mantranews-featured-long":["https:\/\/blogopara.com.br\/wp-content\/uploads\/2021\/02\/WhatsApp-Image-2021-02-24-at-07.59.34-300x443.jpeg",300,443,true],"mantranews-block-medium":["https:\/\/blogopara.com.br\/wp-content\/uploads\/2021\/02\/WhatsApp-Image-2021-02-24-at-07.59.34-464x290.jpeg",464,290,true],"mantranews-carousel-image":["https:\/\/blogopara.com.br\/wp-content\/uploads\/2021\/02\/WhatsApp-Image-2021-02-24-at-07.59.34-500x500.jpeg",500,500,true],"mantranews-block-thumb":["https:\/\/blogopara.com.br\/wp-content\/uploads\/2021\/02\/WhatsApp-Image-2021-02-24-at-07.59.34-322x230.jpeg",322,230,true],"mantranews-single-large":["https:\/\/blogopara.com.br\/wp-content\/uploads\/2021\/02\/WhatsApp-Image-2021-02-24-at-07.59.34-500x642.jpeg",500,642,true]},"uagb_author_info":{"display_name":"Reda\u00e7\u00e3o geral","author_link":"https:\/\/blogopara.com.br\/index.php\/author\/blogopara"},"uagb_comment_info":0,"uagb_excerpt":"Ao contr\u00e1rio do que foi propagado pelo vereador Alex Tanuri (PP) em toda imprensa na tarde de ontem (23), o Hospital de Campanha de Juazeiro n\u00e3o foi fechado pela atual administra\u00e7\u00e3o O mesmo continua ativo e foi totalmente modernizado para humanizar o atendimento dos pacientes com Covid-19. Segundo a prefeitura o Hospital de Campanha do&hellip;","jetpack_sharing_enabled":true,"jetpack_likes_enabled":true,"_links":{"self":[{"href":"https:\/\/blogopara.com.br\/index.php\/wp-json\/wp\/v2\/posts\/20058","targetHints":{"allow":["GET"]}}],"collection":[{"href":"https:\/\/blogopara.com.br\/index.php\/wp-json\/wp\/v2\/posts"}],"about":[{"href":"https:\/\/blogopara.com.br\/index.php\/wp-json\/wp\/v2\/types\/post"}],"author":[{"embeddable":true,"href":"https:\/\/blogopara.com.br\/index.php\/wp-json\/wp\/v2\/users\/1"}],"replies":[{"embeddable":true,"href":"https:\/\/blogopara.com.br\/index.php\/wp-json\/wp\/v2\/comments?post=20058"}],"version-history":[{"count":3,"href":"https:\/\/blogopara.com.br\/index.php\/wp-json\/wp\/v2\/posts\/20058\/revisions"}],"predecessor-version":[{"id":20063,"href":"https:\/\/blogopara.com.br\/index.php\/wp-json\/wp\/v2\/posts\/20058\/revisions\/20063"}],"wp:featuredmedia":[{"embeddable":true,"href":"https:\/\/blogopara.com.br\/index.php\/wp-json\/wp\/v2\/media\/20061"}],"wp:attachment":[{"href":"https:\/\/blogopara.com.br\/index.php\/wp-json\/wp\/v2\/media?parent=20058"}],"wp:term":[{"taxonomy":"category","embeddable":true,"href":"https:\/\/blogopara.com.br\/index.php\/wp-json\/wp\/v2\/categories?post=20058"},{"taxonomy":"post_tag","embeddable":true,"href":"https:\/\/blogopara.com.br\/index.php\/wp-json\/wp\/v2\/tags?post=20058"}],"curies":[{"name":"wp","href":"https:\/\/api.w.org\/{rel}","templated":true}]}}