{"id":20132,"date":"2021-02-25T15:15:00","date_gmt":"2021-02-25T18:15:00","guid":{"rendered":"http:\/\/blogopara.com.br\/?p=20132"},"modified":"2021-02-25T12:20:53","modified_gmt":"2021-02-25T15:20:53","slug":"em-operacao-conjunta-policia-civil-de-pernambuco-e-pm-do-piaui-cumprem-mandatos-de-prisao","status":"publish","type":"post","link":"https:\/\/blogopara.com.br\/index.php\/2021\/02\/25\/em-operacao-conjunta-policia-civil-de-pernambuco-e-pm-do-piaui-cumprem-mandatos-de-prisao","title":{"rendered":"Em opera\u00e7\u00e3o conjunta, Policia Civil de Pernambuco e PM do Piau\u00ed cumprem mandatos de pris\u00e3o"},"content":{"rendered":"<p style=\"text-align: justify;\">Policiais civis da 25\u00aa DPH durante OIT Fronteiras, em conjunto com a Pol\u00edcia Militar do Estado do Piau\u00ed, coordenados pelo Bel. Magno Neves e Gabriel Sapucaia, dando continuidade \u00e0s a\u00e7\u00f5es de interven\u00e7\u00f5es pontuais, visando a redu\u00e7\u00e3o dos Crimes de Repress\u00e3o contra a Vida \u2013 CVLI na AIS-26, deram cumprimento na manh\u00e3 de hoje a mais tr\u00eas mandados de pris\u00e3o, totalizando 09 mandados de homic\u00eddio\/latroc\u00ednio cumpridos nesta cidade no m\u00eas de Fevereiro.<\/p>\n<p style=\"text-align: justify;\">Os mandados, decorrentes de pris\u00f5es preventivas, foram cumpridos em desfavor de Francisco Jos\u00e9 Eug\u00eanio, Francisco Regivaldo dos Santos e Expedito Jos\u00e9 de Carvalho, que cometeram crimes de homic\u00eddio em cidades do Piau\u00ed.<\/p>\n<p style=\"text-align: justify;\">Ap\u00f3s os procedimentos de praxe, os capturados permanecer\u00e3o \u00e0 disposi\u00e7\u00e3o da Justi\u00e7a. As a\u00e7\u00f5es continuam com o fito de repelir as ocorr\u00eancias de homic\u00eddio nas cidades de Petrolina, Afr\u00e2nio e Dormentes.<\/p>\n<p style=\"text-align: justify;\">Da Reda\u00e7\u00e3o.<\/p>\n","protected":false},"excerpt":{"rendered":"<p>Policiais civis da 25\u00aa DPH durante OIT Fronteiras, em conjunto com a Pol\u00edcia Militar do Estado do Piau\u00ed, coordenados pelo Bel. Magno Neves e Gabriel Sapucaia, dando continuidade \u00e0s a\u00e7\u00f5es de interven\u00e7\u00f5es pontuais, visando a redu\u00e7\u00e3o dos Crimes de Repress\u00e3o contra a Vida \u2013 CVLI na AIS-26, deram cumprimento na manh\u00e3 de hoje a mais [&hellip;]<\/p>\n","protected":false},"author":1,"featured_media":20133,"comment_status":"closed","ping_status":"open","sticky":false,"template":"","format":"standard","meta":{"_uag_custom_page_level_css":"","_monsterinsights_skip_tracking":false,"_monsterinsights_sitenote_active":false,"_monsterinsights_sitenote_note":"","_monsterinsights_sitenote_category":0,"jetpack_post_was_ever_published":false,"_jetpack_newsletter_access":"","_jetpack_dont_email_post_to_subs":false,"_jetpack_newsletter_tier_id":0,"_jetpack_memberships_contains_paywalled_content":false,"_jetpack_memberships_contains_paid_content":false,"footnotes":"","jetpack_publicize_message":"","jetpack_publicize_feature_enabled":true,"jetpack_social_post_already_shared":true,"jetpack_social_options":{"image_generator_settings":{"template":"highway","default_image_id":0,"font":"","enabled":false},"version":2}},"categories":[202],"tags":[1994,1995,1996],"class_list":["post-20132","post","type-post","status-publish","format-standard","has-post-thumbnail","hentry","category-policia","tag-operacao-conjunta","tag-pc-pe","tag-pm-pi"],"jetpack_publicize_connections":[],"jetpack_featured_media_url":"https:\/\/blogopara.com.br\/wp-content\/uploads\/2021\/02\/Opracao-25.02.jpeg","uagb_featured_image_src":{"full":["https:\/\/blogopara.com.br\/wp-content\/uploads\/2021\/02\/Opracao-25.02.jpeg",500,374,false],"thumbnail":["https:\/\/blogopara.com.br\/wp-content\/uploads\/2021\/02\/Opracao-25.02-150x150.jpeg",150,150,true],"medium":["https:\/\/blogopara.com.br\/wp-content\/uploads\/2021\/02\/Opracao-25.02-300x224.jpeg",300,224,true],"medium_large":["https:\/\/blogopara.com.br\/wp-content\/uploads\/2021\/02\/Opracao-25.02.jpeg",500,374,false],"large":["https:\/\/blogopara.com.br\/wp-content\/uploads\/2021\/02\/Opracao-25.02.jpeg",500,374,false],"1536x1536":["https:\/\/blogopara.com.br\/wp-content\/uploads\/2021\/02\/Opracao-25.02.jpeg",500,374,false],"2048x2048":["https:\/\/blogopara.com.br\/wp-content\/uploads\/2021\/02\/Opracao-25.02.jpeg",500,374,false],"mantranews-slider-large":["https:\/\/blogopara.com.br\/wp-content\/uploads\/2021\/02\/Opracao-25.02.jpeg",500,374,false],"mantranews-featured-medium":["https:\/\/blogopara.com.br\/wp-content\/uploads\/2021\/02\/Opracao-25.02-420x307.jpeg",420,307,true],"mantranews-featured-long":["https:\/\/blogopara.com.br\/wp-content\/uploads\/2021\/02\/Opracao-25.02-300x374.jpeg",300,374,true],"mantranews-block-medium":["https:\/\/blogopara.com.br\/wp-content\/uploads\/2021\/02\/Opracao-25.02-464x290.jpeg",464,290,true],"mantranews-carousel-image":["https:\/\/blogopara.com.br\/wp-content\/uploads\/2021\/02\/Opracao-25.02.jpeg",500,374,false],"mantranews-block-thumb":["https:\/\/blogopara.com.br\/wp-content\/uploads\/2021\/02\/Opracao-25.02-322x230.jpeg",322,230,true],"mantranews-single-large":["https:\/\/blogopara.com.br\/wp-content\/uploads\/2021\/02\/Opracao-25.02.jpeg",500,374,false]},"uagb_author_info":{"display_name":"Reda\u00e7\u00e3o geral","author_link":"https:\/\/blogopara.com.br\/index.php\/author\/blogopara"},"uagb_comment_info":0,"uagb_excerpt":"Policiais civis da 25\u00aa DPH durante OIT Fronteiras, em conjunto com a Pol\u00edcia Militar do Estado do Piau\u00ed, coordenados pelo Bel. Magno Neves e Gabriel Sapucaia, dando continuidade \u00e0s a\u00e7\u00f5es de interven\u00e7\u00f5es pontuais, visando a redu\u00e7\u00e3o dos Crimes de Repress\u00e3o contra a Vida \u2013 CVLI na AIS-26, deram cumprimento na manh\u00e3 de hoje a mais&hellip;","jetpack_sharing_enabled":true,"jetpack_likes_enabled":true,"_links":{"self":[{"href":"https:\/\/blogopara.com.br\/index.php\/wp-json\/wp\/v2\/posts\/20132","targetHints":{"allow":["GET"]}}],"collection":[{"href":"https:\/\/blogopara.com.br\/index.php\/wp-json\/wp\/v2\/posts"}],"about":[{"href":"https:\/\/blogopara.com.br\/index.php\/wp-json\/wp\/v2\/types\/post"}],"author":[{"embeddable":true,"href":"https:\/\/blogopara.com.br\/index.php\/wp-json\/wp\/v2\/users\/1"}],"replies":[{"embeddable":true,"href":"https:\/\/blogopara.com.br\/index.php\/wp-json\/wp\/v2\/comments?post=20132"}],"version-history":[{"count":1,"href":"https:\/\/blogopara.com.br\/index.php\/wp-json\/wp\/v2\/posts\/20132\/revisions"}],"predecessor-version":[{"id":20134,"href":"https:\/\/blogopara.com.br\/index.php\/wp-json\/wp\/v2\/posts\/20132\/revisions\/20134"}],"wp:featuredmedia":[{"embeddable":true,"href":"https:\/\/blogopara.com.br\/index.php\/wp-json\/wp\/v2\/media\/20133"}],"wp:attachment":[{"href":"https:\/\/blogopara.com.br\/index.php\/wp-json\/wp\/v2\/media?parent=20132"}],"wp:term":[{"taxonomy":"category","embeddable":true,"href":"https:\/\/blogopara.com.br\/index.php\/wp-json\/wp\/v2\/categories?post=20132"},{"taxonomy":"post_tag","embeddable":true,"href":"https:\/\/blogopara.com.br\/index.php\/wp-json\/wp\/v2\/tags?post=20132"}],"curies":[{"name":"wp","href":"https:\/\/api.w.org\/{rel}","templated":true}]}}