{"id":20142,"date":"2021-02-25T13:28:27","date_gmt":"2021-02-25T16:28:27","guid":{"rendered":"http:\/\/blogopara.com.br\/?p=20142"},"modified":"2021-02-25T13:30:28","modified_gmt":"2021-02-25T16:30:28","slug":"lockdown-decreto-estadual-determina-fechamento-total-de-servicos-nao-essenciais-e-circulacao-de-pessoas-neste-fim-de-semana","status":"publish","type":"post","link":"https:\/\/blogopara.com.br\/index.php\/2021\/02\/25\/lockdown-decreto-estadual-determina-fechamento-total-de-servicos-nao-essenciais-e-circulacao-de-pessoas-neste-fim-de-semana","title":{"rendered":"Lockdown: decreto estadual determina fechamento total de servi\u00e7os n\u00e3o essenciais e circula\u00e7\u00e3o de pessoas neste fim de semana"},"content":{"rendered":"<p style=\"text-align: justify;\"><em>A prefeitura de Juazeiro deve seguir a determina\u00e7\u00e3o do estado<\/em><\/p>\n<p style=\"text-align: justify;\">Em coletiva de imprensa junto com o prefeito de Salvador, Bruno Reis (DEM) e outros prefeitos da Regi\u00e3o Metropolitana de Salvador \u2013 RMS, na manh\u00e3 desta quinta-feira, 25, o Governador Rui Costa (PT) decretou <em>lockdown<\/em> \u2013 fechamento total das atividades para assegurar isolamento social. A circula\u00e7\u00e3o de pessoas fica permitida apenas para a compra de alimentos, transporte de doentes ou realiza\u00e7\u00e3o de servi\u00e7os de seguran\u00e7a.<\/p>\n<p style=\"text-align: justify;\">A restri\u00e7\u00e3o valer\u00e1 a partir das 20h de sexta-feira (26), at\u00e9 as 5h de segunda-feira (1 de mar\u00e7o), para conter o avan\u00e7o da Covid-19. Nesta quinta, Salvador j\u00e1 tem 84% de taxa de ocupa\u00e7\u00e3o dos leitos de Unidade de Terapia Intensiva (UTI) para adultos. No geral, o percentual de ocupa\u00e7\u00e3o geral dos leitos (UTI, cl\u00ednicos, adultos e pedi\u00e1tricos) \u00e9 de 83%.<\/p>\n<p style=\"text-align: justify;\"><strong>Munic\u00edpios<\/strong><\/p>\n<p style=\"text-align: justify;\">Em Juazeiro, o governo municipal j\u00e1 tinha aderido e adiantado em 2 horas, na semana passada, as medidas restritivas decretadas pelo governo estadual. Equipes das for\u00e7as de seguran\u00e7a e fiscaliza\u00e7\u00e3o do munic\u00edpio estavam atuando diariamente na orienta\u00e7\u00e3o e manuten\u00e7\u00e3o das medidas adotadas pela Prefeitura de Juazeiro.<\/p>\n<p style=\"text-align: justify;\">Com rela\u00e7\u00e3o ao decreto de lockdown total, a tend\u00eancia \u00e9 que o munic\u00edpio siga o Estado e os munic\u00edpios da RMS estadual neste fim de semana. Aguardamos apenas a confirma\u00e7\u00e3o da Secretaria Municipal de Sa\u00fade.<\/p>\n<p style=\"text-align: justify;\">Iana Lima Jornalista<\/p>\n<p style=\"text-align: justify;\">\n","protected":false},"excerpt":{"rendered":"<p>A prefeitura de Juazeiro deve seguir a determina\u00e7\u00e3o do estado Em coletiva de imprensa junto com o prefeito de Salvador, Bruno Reis (DEM) e outros prefeitos da Regi\u00e3o Metropolitana de Salvador \u2013 RMS, na manh\u00e3 desta quinta-feira, 25, o Governador Rui Costa (PT) decretou lockdown \u2013 fechamento total das atividades para assegurar isolamento social. A [&hellip;]<\/p>\n","protected":false},"author":1,"featured_media":20146,"comment_status":"closed","ping_status":"open","sticky":false,"template":"","format":"standard","meta":{"_uag_custom_page_level_css":"","_monsterinsights_skip_tracking":false,"_monsterinsights_sitenote_active":false,"_monsterinsights_sitenote_note":"","_monsterinsights_sitenote_category":0,"jetpack_post_was_ever_published":false,"_jetpack_newsletter_access":"","_jetpack_dont_email_post_to_subs":false,"_jetpack_newsletter_tier_id":0,"_jetpack_memberships_contains_paywalled_content":false,"_jetpack_memberships_contains_paid_content":false,"footnotes":"","jetpack_publicize_message":"","jetpack_publicize_feature_enabled":true,"jetpack_social_post_already_shared":true,"jetpack_social_options":{"image_generator_settings":{"template":"highway","default_image_id":0,"font":"","enabled":false},"version":2}},"categories":[199],"tags":[2004,1496,2003],"class_list":["post-20142","post","type-post","status-publish","format-standard","has-post-thumbnail","hentry","category-bahia","tag-decreto-estadual","tag-lockdown","tag-medidas-restritivas"],"jetpack_publicize_connections":[],"jetpack_featured_media_url":"https:\/\/blogopara.com.br\/wp-content\/uploads\/2021\/02\/Coletiva25.02-2.jpg","uagb_featured_image_src":{"full":["https:\/\/blogopara.com.br\/wp-content\/uploads\/2021\/02\/Coletiva25.02-2.jpg",500,400,false],"thumbnail":["https:\/\/blogopara.com.br\/wp-content\/uploads\/2021\/02\/Coletiva25.02-2-150x150.jpg",150,150,true],"medium":["https:\/\/blogopara.com.br\/wp-content\/uploads\/2021\/02\/Coletiva25.02-2-300x240.jpg",300,240,true],"medium_large":["https:\/\/blogopara.com.br\/wp-content\/uploads\/2021\/02\/Coletiva25.02-2.jpg",500,400,false],"large":["https:\/\/blogopara.com.br\/wp-content\/uploads\/2021\/02\/Coletiva25.02-2.jpg",500,400,false],"1536x1536":["https:\/\/blogopara.com.br\/wp-content\/uploads\/2021\/02\/Coletiva25.02-2.jpg",500,400,false],"2048x2048":["https:\/\/blogopara.com.br\/wp-content\/uploads\/2021\/02\/Coletiva25.02-2.jpg",500,400,false],"mantranews-slider-large":["https:\/\/blogopara.com.br\/wp-content\/uploads\/2021\/02\/Coletiva25.02-2.jpg",500,400,false],"mantranews-featured-medium":["https:\/\/blogopara.com.br\/wp-content\/uploads\/2021\/02\/Coletiva25.02-2-420x307.jpg",420,307,true],"mantranews-featured-long":["https:\/\/blogopara.com.br\/wp-content\/uploads\/2021\/02\/Coletiva25.02-2-300x400.jpg",300,400,true],"mantranews-block-medium":["https:\/\/blogopara.com.br\/wp-content\/uploads\/2021\/02\/Coletiva25.02-2-464x290.jpg",464,290,true],"mantranews-carousel-image":["https:\/\/blogopara.com.br\/wp-content\/uploads\/2021\/02\/Coletiva25.02-2.jpg",500,400,false],"mantranews-block-thumb":["https:\/\/blogopara.com.br\/wp-content\/uploads\/2021\/02\/Coletiva25.02-2-322x230.jpg",322,230,true],"mantranews-single-large":["https:\/\/blogopara.com.br\/wp-content\/uploads\/2021\/02\/Coletiva25.02-2.jpg",500,400,false]},"uagb_author_info":{"display_name":"Reda\u00e7\u00e3o geral","author_link":"https:\/\/blogopara.com.br\/index.php\/author\/blogopara"},"uagb_comment_info":0,"uagb_excerpt":"A prefeitura de Juazeiro deve seguir a determina\u00e7\u00e3o do estado Em coletiva de imprensa junto com o prefeito de Salvador, Bruno Reis (DEM) e outros prefeitos da Regi\u00e3o Metropolitana de Salvador \u2013 RMS, na manh\u00e3 desta quinta-feira, 25, o Governador Rui Costa (PT) decretou lockdown \u2013 fechamento total das atividades para assegurar isolamento social. A&hellip;","jetpack_sharing_enabled":true,"jetpack_likes_enabled":true,"_links":{"self":[{"href":"https:\/\/blogopara.com.br\/index.php\/wp-json\/wp\/v2\/posts\/20142","targetHints":{"allow":["GET"]}}],"collection":[{"href":"https:\/\/blogopara.com.br\/index.php\/wp-json\/wp\/v2\/posts"}],"about":[{"href":"https:\/\/blogopara.com.br\/index.php\/wp-json\/wp\/v2\/types\/post"}],"author":[{"embeddable":true,"href":"https:\/\/blogopara.com.br\/index.php\/wp-json\/wp\/v2\/users\/1"}],"replies":[{"embeddable":true,"href":"https:\/\/blogopara.com.br\/index.php\/wp-json\/wp\/v2\/comments?post=20142"}],"version-history":[{"count":1,"href":"https:\/\/blogopara.com.br\/index.php\/wp-json\/wp\/v2\/posts\/20142\/revisions"}],"predecessor-version":[{"id":20145,"href":"https:\/\/blogopara.com.br\/index.php\/wp-json\/wp\/v2\/posts\/20142\/revisions\/20145"}],"wp:featuredmedia":[{"embeddable":true,"href":"https:\/\/blogopara.com.br\/index.php\/wp-json\/wp\/v2\/media\/20146"}],"wp:attachment":[{"href":"https:\/\/blogopara.com.br\/index.php\/wp-json\/wp\/v2\/media?parent=20142"}],"wp:term":[{"taxonomy":"category","embeddable":true,"href":"https:\/\/blogopara.com.br\/index.php\/wp-json\/wp\/v2\/categories?post=20142"},{"taxonomy":"post_tag","embeddable":true,"href":"https:\/\/blogopara.com.br\/index.php\/wp-json\/wp\/v2\/tags?post=20142"}],"curies":[{"name":"wp","href":"https:\/\/api.w.org\/{rel}","templated":true}]}}