{"id":20231,"date":"2021-02-28T16:30:00","date_gmt":"2021-02-28T19:30:00","guid":{"rendered":"http:\/\/blogopara.com.br\/?p=20231"},"modified":"2021-02-28T10:09:23","modified_gmt":"2021-02-28T13:09:23","slug":"forca-tarefa-da-pm-prende-sete-militares-e-onze-armas-em-seis-municipios-da-bahia","status":"publish","type":"post","link":"https:\/\/blogopara.com.br\/index.php\/2021\/02\/28\/forca-tarefa-da-pm-prende-sete-militares-e-onze-armas-em-seis-municipios-da-bahia","title":{"rendered":"For\u00e7a Tarefa da PM prende sete militares e onze armas em seis munic\u00edpios da Bahia"},"content":{"rendered":"<p id=\"viewer-bj557\" class=\"XzvDs _208Ie ljrnk blog-post-text-font blog-post-text-color _2QAo- _1iXso wj-V5 ljrnk public-DraftStyleDefault-block-depth0 public-DraftStyleDefault-text-ltr\" style=\"text-align: justify;\"><span class=\"vkIF2 public-DraftStyleDefault-ltr PDkkw\">Uma For\u00e7a Tarefa da Secretaria da Seguran\u00e7a P\u00fablica de combate a grupos de exterm\u00ednio e extors\u00f5es prendeu, nesta sexta-feira (26), sete policiais militares integrantes de uma organiza\u00e7\u00e3o criminosa. Dez armas, carregadores, muni\u00e7\u00f5es e dinheiro foram apreendidos.<\/span><\/p>\n<p id=\"viewer-65el1\" class=\"XzvDs _208Ie ljrnk blog-post-text-font blog-post-text-color _2QAo- _1iXso wj-V5 ljrnk public-DraftStyleDefault-block-depth0 public-DraftStyleDefault-text-ltr\" style=\"text-align: justify;\"><span class=\"vkIF2 public-DraftStyleDefault-ltr PDkkw\">Equipes das Corregedorias Geral e das pol\u00edcias Militar e Civil, com apoios do Gaeco\/MP-BA e de ag\u00eancias da PRF, deflagraram a opera\u00e7\u00e3o &#8220;Fortuna&#8221;, nos munic\u00edpios de Itabuna, Ilh\u00e9us, Ubat\u00e3, Uru\u00e7uca, Ipia\u00fa e Vit\u00f3ria da Conquista. Al\u00e9m dos PMs, um empres\u00e1rio tamb\u00e9m foi preso. Investiga\u00e7\u00f5es apontam que a organiza\u00e7\u00e3o criminosa \u00e9 suspeita de praticar homic\u00eddios, na regi\u00e3o.<\/span><\/p>\n<p id=\"viewer-e716\" class=\"XzvDs _208Ie ljrnk blog-post-text-font blog-post-text-color _2QAo- _1iXso wj-V5 ljrnk public-DraftStyleDefault-block-depth0 public-DraftStyleDefault-text-ltr\" style=\"text-align: justify;\"><span class=\"vkIF2 public-DraftStyleDefault-ltr PDkkw\">Durante as dilig\u00eancias foram apreendidos com os presos dez pistolas calibres 40, 45 e 380, um rev\u00f3lver calibre 38, carregadores, muni\u00e7\u00f5es, um colete bal\u00edstico, R$ 2,5 mil em esp\u00e9cie, 1,5 milh\u00e3o de reais em cheques, por\u00e7\u00f5es de drogas e uma balan\u00e7a.<\/span><\/p>\n<p id=\"viewer-btjtu\" class=\"XzvDs _208Ie ljrnk blog-post-text-font blog-post-text-color _2QAo- _1iXso wj-V5 ljrnk public-DraftStyleDefault-block-depth0 public-DraftStyleDefault-text-ltr\" style=\"text-align: justify;\"><span class=\"vkIF2 public-DraftStyleDefault-ltr PDkkw\">Fonte: Bahia Not\u00edcias <\/span><\/p>\n","protected":false},"excerpt":{"rendered":"<p>Uma For\u00e7a Tarefa da Secretaria da Seguran\u00e7a P\u00fablica de combate a grupos de exterm\u00ednio e extors\u00f5es prendeu, nesta sexta-feira (26), sete policiais militares integrantes de uma organiza\u00e7\u00e3o criminosa. Dez armas, carregadores, muni\u00e7\u00f5es e dinheiro foram apreendidos. Equipes das Corregedorias Geral e das pol\u00edcias Militar e Civil, com apoios do Gaeco\/MP-BA e de ag\u00eancias da PRF, [&hellip;]<\/p>\n","protected":false},"author":1,"featured_media":20232,"comment_status":"closed","ping_status":"open","sticky":false,"template":"","format":"standard","meta":{"_uag_custom_page_level_css":"","_monsterinsights_skip_tracking":false,"_monsterinsights_sitenote_active":false,"_monsterinsights_sitenote_note":"","_monsterinsights_sitenote_category":0,"jetpack_post_was_ever_published":false,"_jetpack_newsletter_access":"","_jetpack_dont_email_post_to_subs":false,"_jetpack_newsletter_tier_id":0,"_jetpack_memberships_contains_paywalled_content":false,"_jetpack_memberships_contains_paid_content":false,"footnotes":"","jetpack_publicize_message":"","jetpack_publicize_feature_enabled":true,"jetpack_social_post_already_shared":true,"jetpack_social_options":{"image_generator_settings":{"template":"highway","default_image_id":0,"font":"","enabled":false},"version":2}},"categories":[199,1623],"tags":[2025,2024,90],"class_list":["post-20231","post","type-post","status-publish","format-standard","has-post-thumbnail","hentry","category-bahia","category-seguranca-publica","tag-combate","tag-corregedoria-pm","tag-crime"],"jetpack_publicize_connections":[],"jetpack_featured_media_url":"https:\/\/blogopara.com.br\/wp-content\/uploads\/2021\/02\/download.jpg","uagb_featured_image_src":{"full":["https:\/\/blogopara.com.br\/wp-content\/uploads\/2021\/02\/download.jpg",400,210,false],"thumbnail":["https:\/\/blogopara.com.br\/wp-content\/uploads\/2021\/02\/download-150x150.jpg",150,150,true],"medium":["https:\/\/blogopara.com.br\/wp-content\/uploads\/2021\/02\/download-300x158.jpg",300,158,true],"medium_large":["https:\/\/blogopara.com.br\/wp-content\/uploads\/2021\/02\/download.jpg",400,210,false],"large":["https:\/\/blogopara.com.br\/wp-content\/uploads\/2021\/02\/download.jpg",400,210,false],"1536x1536":["https:\/\/blogopara.com.br\/wp-content\/uploads\/2021\/02\/download.jpg",400,210,false],"2048x2048":["https:\/\/blogopara.com.br\/wp-content\/uploads\/2021\/02\/download.jpg",400,210,false],"mantranews-slider-large":["https:\/\/blogopara.com.br\/wp-content\/uploads\/2021\/02\/download.jpg",400,210,false],"mantranews-featured-medium":["https:\/\/blogopara.com.br\/wp-content\/uploads\/2021\/02\/download.jpg",400,210,false],"mantranews-featured-long":["https:\/\/blogopara.com.br\/wp-content\/uploads\/2021\/02\/download-300x210.jpg",300,210,true],"mantranews-block-medium":["https:\/\/blogopara.com.br\/wp-content\/uploads\/2021\/02\/download.jpg",400,210,false],"mantranews-carousel-image":["https:\/\/blogopara.com.br\/wp-content\/uploads\/2021\/02\/download.jpg",400,210,false],"mantranews-block-thumb":["https:\/\/blogopara.com.br\/wp-content\/uploads\/2021\/02\/download-322x210.jpg",322,210,true],"mantranews-single-large":["https:\/\/blogopara.com.br\/wp-content\/uploads\/2021\/02\/download.jpg",400,210,false]},"uagb_author_info":{"display_name":"Reda\u00e7\u00e3o geral","author_link":"https:\/\/blogopara.com.br\/index.php\/author\/blogopara"},"uagb_comment_info":0,"uagb_excerpt":"Uma For\u00e7a Tarefa da Secretaria da Seguran\u00e7a P\u00fablica de combate a grupos de exterm\u00ednio e extors\u00f5es prendeu, nesta sexta-feira (26), sete policiais militares integrantes de uma organiza\u00e7\u00e3o criminosa. Dez armas, carregadores, muni\u00e7\u00f5es e dinheiro foram apreendidos. Equipes das Corregedorias Geral e das pol\u00edcias Militar e Civil, com apoios do Gaeco\/MP-BA e de ag\u00eancias da PRF,&hellip;","jetpack_sharing_enabled":true,"jetpack_likes_enabled":true,"_links":{"self":[{"href":"https:\/\/blogopara.com.br\/index.php\/wp-json\/wp\/v2\/posts\/20231","targetHints":{"allow":["GET"]}}],"collection":[{"href":"https:\/\/blogopara.com.br\/index.php\/wp-json\/wp\/v2\/posts"}],"about":[{"href":"https:\/\/blogopara.com.br\/index.php\/wp-json\/wp\/v2\/types\/post"}],"author":[{"embeddable":true,"href":"https:\/\/blogopara.com.br\/index.php\/wp-json\/wp\/v2\/users\/1"}],"replies":[{"embeddable":true,"href":"https:\/\/blogopara.com.br\/index.php\/wp-json\/wp\/v2\/comments?post=20231"}],"version-history":[{"count":1,"href":"https:\/\/blogopara.com.br\/index.php\/wp-json\/wp\/v2\/posts\/20231\/revisions"}],"predecessor-version":[{"id":20233,"href":"https:\/\/blogopara.com.br\/index.php\/wp-json\/wp\/v2\/posts\/20231\/revisions\/20233"}],"wp:featuredmedia":[{"embeddable":true,"href":"https:\/\/blogopara.com.br\/index.php\/wp-json\/wp\/v2\/media\/20232"}],"wp:attachment":[{"href":"https:\/\/blogopara.com.br\/index.php\/wp-json\/wp\/v2\/media?parent=20231"}],"wp:term":[{"taxonomy":"category","embeddable":true,"href":"https:\/\/blogopara.com.br\/index.php\/wp-json\/wp\/v2\/categories?post=20231"},{"taxonomy":"post_tag","embeddable":true,"href":"https:\/\/blogopara.com.br\/index.php\/wp-json\/wp\/v2\/tags?post=20231"}],"curies":[{"name":"wp","href":"https:\/\/api.w.org\/{rel}","templated":true}]}}