{"id":20252,"date":"2021-02-28T18:00:00","date_gmt":"2021-02-28T21:00:00","guid":{"rendered":"http:\/\/blogopara.com.br\/?p=20252"},"modified":"2021-02-28T10:48:36","modified_gmt":"2021-02-28T13:48:36","slug":"palmeiras-chega-a-porto-alegre-para-o-primeiro-jogo-da-final-da-copa-do-brasil","status":"publish","type":"post","link":"https:\/\/blogopara.com.br\/index.php\/2021\/02\/28\/palmeiras-chega-a-porto-alegre-para-o-primeiro-jogo-da-final-da-copa-do-brasil","title":{"rendered":"Copa do Brasil: Palmeiras chega a Porto Alegre para o primeiro jogo da final"},"content":{"rendered":"<p style=\"text-align: justify;\">A delega\u00e7\u00e3o do Palmeiras desembarcou no fim da tarde deste s\u00e1bado em Porto Alegre. O Verd\u00e3o enfrenta o Gr\u00eamio neste domingo, \u00e0s 21h, na capital ga\u00facha, no primeiro jogo da final da Copa do Brasil.<\/p>\n<p style=\"text-align: justify;\">A CBF remarcou o hor\u00e1rio do primeiro jogo da final da Copa do Brasil, entre Gr\u00eamio e Palmeiras. Em decorr\u00eancia do colapso na rede de sa\u00fade, o Governo do Rio Grande do Sul pediu para a partida ser remarcada para as 21h (hor\u00e1rio de Bras\u00edlia). CBF e Globo articularam a confirma\u00e7\u00e3o dentro da grade da emissora, que previa o jogo \u00e0s 16h.<\/p>\n<p style=\"text-align: justify;\">Na vis\u00e3o dos pol\u00edticos ga\u00fachos, um jogo ao longo da tarde facilitaria a aglomera\u00e7\u00e3o em bares e restaurantes onde torcedores acompanhariam a partida pela TV. Com a mudan\u00e7a para 21h e um toque de recolher imposto a partir de 20h, o Governo acredita que a popula\u00e7\u00e3o vai assistir o jogo em casa.<\/p>\n<p style=\"text-align: justify;\">A partida ser\u00e1 transmitida ao vivo pela Globo e pelo SporTV.<\/p>\n","protected":false},"excerpt":{"rendered":"<p>A delega\u00e7\u00e3o do Palmeiras desembarcou no fim da tarde deste s\u00e1bado em Porto Alegre. O Verd\u00e3o enfrenta o Gr\u00eamio neste domingo, \u00e0s 21h, na capital ga\u00facha, no primeiro jogo da final da Copa do Brasil. A CBF remarcou o hor\u00e1rio do primeiro jogo da final da Copa do Brasil, entre Gr\u00eamio e Palmeiras. Em decorr\u00eancia [&hellip;]<\/p>\n","protected":false},"author":1,"featured_media":20253,"comment_status":"closed","ping_status":"open","sticky":false,"template":"","format":"standard","meta":{"_uag_custom_page_level_css":"","_monsterinsights_skip_tracking":false,"_monsterinsights_sitenote_active":false,"_monsterinsights_sitenote_note":"","_monsterinsights_sitenote_category":0,"jetpack_post_was_ever_published":false,"_jetpack_newsletter_access":"","_jetpack_dont_email_post_to_subs":false,"_jetpack_newsletter_tier_id":0,"_jetpack_memberships_contains_paywalled_content":false,"_jetpack_memberships_contains_paid_content":false,"footnotes":"","jetpack_publicize_message":"","jetpack_publicize_feature_enabled":true,"jetpack_social_post_already_shared":true,"jetpack_social_options":{"image_generator_settings":{"template":"highway","default_image_id":0,"font":"","enabled":false},"version":2}},"categories":[200],"tags":[1819,833,35],"class_list":["post-20252","post","type-post","status-publish","format-standard","has-post-thumbnail","hentry","category-brasil","tag-blog","tag-decisao","tag-futebol"],"jetpack_publicize_connections":[],"jetpack_featured_media_url":"https:\/\/blogopara.com.br\/wp-content\/uploads\/2021\/02\/gremioepalmeiras.jpg","uagb_featured_image_src":{"full":["https:\/\/blogopara.com.br\/wp-content\/uploads\/2021\/02\/gremioepalmeiras.jpg",500,332,false],"thumbnail":["https:\/\/blogopara.com.br\/wp-content\/uploads\/2021\/02\/gremioepalmeiras-150x150.jpg",150,150,true],"medium":["https:\/\/blogopara.com.br\/wp-content\/uploads\/2021\/02\/gremioepalmeiras-300x199.jpg",300,199,true],"medium_large":["https:\/\/blogopara.com.br\/wp-content\/uploads\/2021\/02\/gremioepalmeiras.jpg",500,332,false],"large":["https:\/\/blogopara.com.br\/wp-content\/uploads\/2021\/02\/gremioepalmeiras.jpg",500,332,false],"1536x1536":["https:\/\/blogopara.com.br\/wp-content\/uploads\/2021\/02\/gremioepalmeiras.jpg",500,332,false],"2048x2048":["https:\/\/blogopara.com.br\/wp-content\/uploads\/2021\/02\/gremioepalmeiras.jpg",500,332,false],"mantranews-slider-large":["https:\/\/blogopara.com.br\/wp-content\/uploads\/2021\/02\/gremioepalmeiras.jpg",500,332,false],"mantranews-featured-medium":["https:\/\/blogopara.com.br\/wp-content\/uploads\/2021\/02\/gremioepalmeiras-420x307.jpg",420,307,true],"mantranews-featured-long":["https:\/\/blogopara.com.br\/wp-content\/uploads\/2021\/02\/gremioepalmeiras-300x332.jpg",300,332,true],"mantranews-block-medium":["https:\/\/blogopara.com.br\/wp-content\/uploads\/2021\/02\/gremioepalmeiras-464x290.jpg",464,290,true],"mantranews-carousel-image":["https:\/\/blogopara.com.br\/wp-content\/uploads\/2021\/02\/gremioepalmeiras.jpg",500,332,false],"mantranews-block-thumb":["https:\/\/blogopara.com.br\/wp-content\/uploads\/2021\/02\/gremioepalmeiras-322x230.jpg",322,230,true],"mantranews-single-large":["https:\/\/blogopara.com.br\/wp-content\/uploads\/2021\/02\/gremioepalmeiras.jpg",500,332,false]},"uagb_author_info":{"display_name":"Reda\u00e7\u00e3o geral","author_link":"https:\/\/blogopara.com.br\/index.php\/author\/blogopara"},"uagb_comment_info":0,"uagb_excerpt":"A delega\u00e7\u00e3o do Palmeiras desembarcou no fim da tarde deste s\u00e1bado em Porto Alegre. O Verd\u00e3o enfrenta o Gr\u00eamio neste domingo, \u00e0s 21h, na capital ga\u00facha, no primeiro jogo da final da Copa do Brasil. A CBF remarcou o hor\u00e1rio do primeiro jogo da final da Copa do Brasil, entre Gr\u00eamio e Palmeiras. Em decorr\u00eancia&hellip;","jetpack_sharing_enabled":true,"jetpack_likes_enabled":true,"_links":{"self":[{"href":"https:\/\/blogopara.com.br\/index.php\/wp-json\/wp\/v2\/posts\/20252","targetHints":{"allow":["GET"]}}],"collection":[{"href":"https:\/\/blogopara.com.br\/index.php\/wp-json\/wp\/v2\/posts"}],"about":[{"href":"https:\/\/blogopara.com.br\/index.php\/wp-json\/wp\/v2\/types\/post"}],"author":[{"embeddable":true,"href":"https:\/\/blogopara.com.br\/index.php\/wp-json\/wp\/v2\/users\/1"}],"replies":[{"embeddable":true,"href":"https:\/\/blogopara.com.br\/index.php\/wp-json\/wp\/v2\/comments?post=20252"}],"version-history":[{"count":2,"href":"https:\/\/blogopara.com.br\/index.php\/wp-json\/wp\/v2\/posts\/20252\/revisions"}],"predecessor-version":[{"id":20255,"href":"https:\/\/blogopara.com.br\/index.php\/wp-json\/wp\/v2\/posts\/20252\/revisions\/20255"}],"wp:featuredmedia":[{"embeddable":true,"href":"https:\/\/blogopara.com.br\/index.php\/wp-json\/wp\/v2\/media\/20253"}],"wp:attachment":[{"href":"https:\/\/blogopara.com.br\/index.php\/wp-json\/wp\/v2\/media?parent=20252"}],"wp:term":[{"taxonomy":"category","embeddable":true,"href":"https:\/\/blogopara.com.br\/index.php\/wp-json\/wp\/v2\/categories?post=20252"},{"taxonomy":"post_tag","embeddable":true,"href":"https:\/\/blogopara.com.br\/index.php\/wp-json\/wp\/v2\/tags?post=20252"}],"curies":[{"name":"wp","href":"https:\/\/api.w.org\/{rel}","templated":true}]}}