{"id":20277,"date":"2021-03-01T14:41:05","date_gmt":"2021-03-01T17:41:05","guid":{"rendered":"http:\/\/blogopara.com.br\/?p=20277"},"modified":"2021-03-01T14:41:11","modified_gmt":"2021-03-01T17:41:11","slug":"governador-rui-costa-chora-ao-falar-sobre-gravidade-da-pandemia","status":"publish","type":"post","link":"https:\/\/blogopara.com.br\/index.php\/2021\/03\/01\/governador-rui-costa-chora-ao-falar-sobre-gravidade-da-pandemia","title":{"rendered":"Governador Rui Costa chora ao falar sobre gravidade da pandemia"},"content":{"rendered":"<p style=\"text-align: justify;\">Em entrevista ao Jornal da Manh\u00e3, da TV Bahia, Rui comentava o comportamento negligente de pessoas que fazem aglomera\u00e7\u00f5es e contribuem para aumentar os n\u00edveis de transmiss\u00e3o da doen\u00e7a, quando se emocionou ao falar sobre a hist\u00f3ria de um pai que perdeu a filha de 16 anos para a doen\u00e7a.<\/p>\n<p style=\"text-align: justify;\">\u201cEu n\u00e3o sei qual a religi\u00e3o dessas pessoas, se s\u00e3o cat\u00f3licas, evang\u00e9licas, mas a nossa espiritualidade n\u00e3o pode ficar na ret\u00f3rica. Quantas vidas humanas ser\u00e3o necess\u00e1rias para justificar meu comportamento? \u2018Ah, eu tenho direito individual de ficar b\u00eabado, de encher os bares. Eu tenho o direito individual de ir para pared\u00e3o nas ruas. O seu direito individual \u00e9 superior a dor de m\u00e3es e pais que est\u00e3o perdendo seus filhos? Antes de dar entrevista, eu vi um pai desesperado porque perdeu a filha de 16 anos para Covid\u201d, desabafou, com a voz embargada.<\/p>\n<p style=\"text-align: justify;\">Rui pediu desculpas e tentou seguir a entrevista, mas chorou novamente ao lembrar de questionamentos que recebe sobre como as medidas restritivas para combater a doen\u00e7a afetam a economia. \u201c\u00c9 duro voc\u00ea receber mensagem, as pessoas lhe perguntando \u2018e o meu neg\u00f3cio e a minha loja?\u2019 O que \u00e9 mais importante: 48 horas de uma loja funcionando ou vidas humanas?\u201d, afirmou, em l\u00e1grimas.<\/p>\n<p style=\"text-align: justify;\">O governador disse ainda que a popula\u00e7\u00e3o parece ter decretado, por conta pr\u00f3pria, o fim da pandemia e criticou a condu\u00e7\u00e3o do governo federal na crise sanit\u00e1ria. \u201cO Brasil vai entrar para a hist\u00f3ria como o pa\u00eds que pior tratou da doen\u00e7a.\u201d<\/p>\n<p style=\"text-align: justify;\">A Bahia vive o pior momento desde o in\u00edcio da pandemia. Neste domingo (1\u00ba), o estado bateu recorde de internados, com 983 pessoas em leitos de UTI Covid, n\u00famero que inclui crian\u00e7as e adolescentes. Na sexta (26), outro triste recorde: 137 mortos pela doen\u00e7a em 24h. Na manh\u00e3 desta segunda, a Bahia tem 84% dos leitos de UTI adultos ocupados. Para diminuir a press\u00e3o no sistema de sa\u00fade, o governo abriu neste domingo (28) 27 leitos, sendo 17 deles de terapia intensiva.<\/p>\n","protected":false},"excerpt":{"rendered":"<p>Em entrevista ao Jornal da Manh\u00e3, da TV Bahia, Rui comentava o comportamento negligente de pessoas que fazem aglomera\u00e7\u00f5es e contribuem para aumentar os n\u00edveis de transmiss\u00e3o da doen\u00e7a, quando se emocionou ao falar sobre a hist\u00f3ria de um pai que perdeu a filha de 16 anos para a doen\u00e7a. \u201cEu n\u00e3o sei qual a [&hellip;]<\/p>\n","protected":false},"author":1,"featured_media":20278,"comment_status":"closed","ping_status":"open","sticky":false,"template":"","format":"standard","meta":{"_uag_custom_page_level_css":"","_monsterinsights_skip_tracking":false,"_monsterinsights_sitenote_active":false,"_monsterinsights_sitenote_note":"","_monsterinsights_sitenote_category":0,"jetpack_post_was_ever_published":false,"_jetpack_newsletter_access":"","_jetpack_dont_email_post_to_subs":false,"_jetpack_newsletter_tier_id":0,"_jetpack_memberships_contains_paywalled_content":false,"_jetpack_memberships_contains_paid_content":false,"footnotes":"","jetpack_publicize_message":"","jetpack_publicize_feature_enabled":true,"jetpack_social_post_already_shared":true,"jetpack_social_options":{"image_generator_settings":{"template":"highway","default_image_id":0,"font":"","enabled":false},"version":2}},"categories":[199,205],"tags":[1819,1484,289],"class_list":["post-20277","post","type-post","status-publish","format-standard","has-post-thumbnail","hentry","category-bahia","category-saude","tag-blog","tag-pandemia","tag-rui-costa-pt"],"jetpack_publicize_connections":[],"jetpack_featured_media_url":"https:\/\/blogopara.com.br\/wp-content\/uploads\/2021\/03\/IMAGEM_NOTICIA_5.jpg","uagb_featured_image_src":{"full":["https:\/\/blogopara.com.br\/wp-content\/uploads\/2021\/03\/IMAGEM_NOTICIA_5.jpg",400,294,false],"thumbnail":["https:\/\/blogopara.com.br\/wp-content\/uploads\/2021\/03\/IMAGEM_NOTICIA_5-150x150.jpg",150,150,true],"medium":["https:\/\/blogopara.com.br\/wp-content\/uploads\/2021\/03\/IMAGEM_NOTICIA_5-300x221.jpg",300,221,true],"medium_large":["https:\/\/blogopara.com.br\/wp-content\/uploads\/2021\/03\/IMAGEM_NOTICIA_5.jpg",400,294,false],"large":["https:\/\/blogopara.com.br\/wp-content\/uploads\/2021\/03\/IMAGEM_NOTICIA_5.jpg",400,294,false],"1536x1536":["https:\/\/blogopara.com.br\/wp-content\/uploads\/2021\/03\/IMAGEM_NOTICIA_5.jpg",400,294,false],"2048x2048":["https:\/\/blogopara.com.br\/wp-content\/uploads\/2021\/03\/IMAGEM_NOTICIA_5.jpg",400,294,false],"mantranews-slider-large":["https:\/\/blogopara.com.br\/wp-content\/uploads\/2021\/03\/IMAGEM_NOTICIA_5.jpg",400,294,false],"mantranews-featured-medium":["https:\/\/blogopara.com.br\/wp-content\/uploads\/2021\/03\/IMAGEM_NOTICIA_5.jpg",400,294,false],"mantranews-featured-long":["https:\/\/blogopara.com.br\/wp-content\/uploads\/2021\/03\/IMAGEM_NOTICIA_5-300x294.jpg",300,294,true],"mantranews-block-medium":["https:\/\/blogopara.com.br\/wp-content\/uploads\/2021\/03\/IMAGEM_NOTICIA_5-400x290.jpg",400,290,true],"mantranews-carousel-image":["https:\/\/blogopara.com.br\/wp-content\/uploads\/2021\/03\/IMAGEM_NOTICIA_5.jpg",400,294,false],"mantranews-block-thumb":["https:\/\/blogopara.com.br\/wp-content\/uploads\/2021\/03\/IMAGEM_NOTICIA_5-322x230.jpg",322,230,true],"mantranews-single-large":["https:\/\/blogopara.com.br\/wp-content\/uploads\/2021\/03\/IMAGEM_NOTICIA_5.jpg",400,294,false]},"uagb_author_info":{"display_name":"Reda\u00e7\u00e3o geral","author_link":"https:\/\/blogopara.com.br\/index.php\/author\/blogopara"},"uagb_comment_info":0,"uagb_excerpt":"Em entrevista ao Jornal da Manh\u00e3, da TV Bahia, Rui comentava o comportamento negligente de pessoas que fazem aglomera\u00e7\u00f5es e contribuem para aumentar os n\u00edveis de transmiss\u00e3o da doen\u00e7a, quando se emocionou ao falar sobre a hist\u00f3ria de um pai que perdeu a filha de 16 anos para a doen\u00e7a. \u201cEu n\u00e3o sei qual a&hellip;","jetpack_sharing_enabled":true,"jetpack_likes_enabled":true,"_links":{"self":[{"href":"https:\/\/blogopara.com.br\/index.php\/wp-json\/wp\/v2\/posts\/20277","targetHints":{"allow":["GET"]}}],"collection":[{"href":"https:\/\/blogopara.com.br\/index.php\/wp-json\/wp\/v2\/posts"}],"about":[{"href":"https:\/\/blogopara.com.br\/index.php\/wp-json\/wp\/v2\/types\/post"}],"author":[{"embeddable":true,"href":"https:\/\/blogopara.com.br\/index.php\/wp-json\/wp\/v2\/users\/1"}],"replies":[{"embeddable":true,"href":"https:\/\/blogopara.com.br\/index.php\/wp-json\/wp\/v2\/comments?post=20277"}],"version-history":[{"count":1,"href":"https:\/\/blogopara.com.br\/index.php\/wp-json\/wp\/v2\/posts\/20277\/revisions"}],"predecessor-version":[{"id":20279,"href":"https:\/\/blogopara.com.br\/index.php\/wp-json\/wp\/v2\/posts\/20277\/revisions\/20279"}],"wp:featuredmedia":[{"embeddable":true,"href":"https:\/\/blogopara.com.br\/index.php\/wp-json\/wp\/v2\/media\/20278"}],"wp:attachment":[{"href":"https:\/\/blogopara.com.br\/index.php\/wp-json\/wp\/v2\/media?parent=20277"}],"wp:term":[{"taxonomy":"category","embeddable":true,"href":"https:\/\/blogopara.com.br\/index.php\/wp-json\/wp\/v2\/categories?post=20277"},{"taxonomy":"post_tag","embeddable":true,"href":"https:\/\/blogopara.com.br\/index.php\/wp-json\/wp\/v2\/tags?post=20277"}],"curies":[{"name":"wp","href":"https:\/\/api.w.org\/{rel}","templated":true}]}}