{"id":20286,"date":"2021-03-01T17:48:00","date_gmt":"2021-03-01T20:48:00","guid":{"rendered":"http:\/\/blogopara.com.br\/?p=20286"},"modified":"2021-03-01T17:55:11","modified_gmt":"2021-03-01T20:55:11","slug":"juazeiro-professores-contratados-denunciam-que-nao-receberam-o-pagamento-referente-ao-mes-de-fevereiro-a-seduc-esclarece-a-situacao","status":"publish","type":"post","link":"https:\/\/blogopara.com.br\/index.php\/2021\/03\/01\/juazeiro-professores-contratados-denunciam-que-nao-receberam-o-pagamento-referente-ao-mes-de-fevereiro-a-seduc-esclarece-a-situacao","title":{"rendered":"Juazeiro: Professores contratados denunciam que n\u00e3o receberam o pagamento referente ao m\u00eas de fevereiro. A SEDUC esclarece a situa\u00e7\u00e3o."},"content":{"rendered":"<p style=\"text-align: justify;\">Alguns professores que tiveram os contratos encerrados no dia 11\/02 est\u00e3o denunciando que n\u00e3o receberam o valor referente aos 11 dias trabalhados, e que n\u00e3o foi dada qualquer explica\u00e7\u00e3o legal para aus\u00eancia do pagamento.<\/p>\n<p style=\"text-align: justify;\">Confira:<\/p>\n<p style=\"text-align: justify;\">Carta aberta dos funcion\u00e1rios contratados com vencimento 11\/02\/2021.<\/p>\n<p style=\"text-align: justify;\">Mais uma vez a corda arrebentando no lado dos mais fracos. Hoje saiu o pagamento dos funcion\u00e1rios da SEDUC. O que nos pegou de surpresa foi porque quem teve o contrato vencido dia 11 de fevereiro n\u00e3o recebeu. Enquanto quem venceu dia 19 do mesmo m\u00eas, recebeu. N\u00f3s j\u00e1 estamos apavorados pq n\u00e3o houve processo seletivo pra outras fun\u00e7\u00f5es na educa\u00e7\u00e3o.<\/p>\n<p style=\"text-align: justify;\">No meio a uma pandemia avassaladora como essa, fomos literalmente escanteados. Ser\u00e1 que n\u00e3o pensam que temos contas a pagar?<\/p>\n<p style=\"text-align: justify;\">Gostar\u00edamos de saber da Secret\u00e1ria de Educa\u00e7\u00e3o &#8211; (SEDUC) sobre o pagamento dos contratos com vencimento do dia 11\/02\/2021onde a mesma nos assegurou que todos os contratados iriam receber e at\u00e9 hoje nada.<br \/>\nEstamos aguardando um pronunciamento das autoridades sobre o pagamento que foi efetuado pra uns e outros n\u00e3o.<\/p>\n<p style=\"text-align: justify;\">Fizemos um processo seletivo e merecemos respeito e um posicionamento perante essa situa\u00e7\u00e3o.<\/p>\n<p style=\"text-align: justify;\">Que precisamos tanto de ser acolhidos nesse caos? O que indigna \u00e9 que as nomea\u00e7\u00f5es n\u00e3o deixam de acontecer, enquanto n\u00f3s assalariados fomos jogados fora. Estamos em desespero total.<\/p>\n<p style=\"text-align: justify;\">Nem direito a aux\u00edlio emergencial tivemos. Que Deus nos ajude! Cad\u00ea a humaniza\u00e7\u00e3o? O cuidar do pr\u00f3ximo? T\u00e1 faltando o p\u00e3o na nossa mesa! A gest\u00e3o atual mencionava tanto em olhar aos mais humildes e n\u00e3o \u00e9 o que t\u00e1 acontecendo.<\/p>\n<p style=\"text-align: justify;\">Cad\u00ea nosso sal\u00e1rio de fevereiro? \u00c9 pouco pra voc\u00eas, para n\u00f3s \u00e9 muito!<\/p>\n<p style=\"text-align: justify;\"><strong>A SEDUC encaminhou uma nota de esclarecimento:<\/strong><\/p>\n<p style=\"text-align: justify;\">A Secretaria de Educa\u00e7\u00e3o e Juventude (Seduc) de Juazeiro esclarece que est\u00e1 cumprindo com todas as obriga\u00e7\u00f5es legais referentes \u00e0 folha de pagamento dos funcion\u00e1rios, e informa que todos os contratos administrativos vigentes dentro da legalidade, tiveram seus respectivos pagamentos efetuados.<\/p>\n<p style=\"text-align: justify;\">A Seduc orienta que em caso de d\u00favida, o servidor procure a Secretaria de Gest\u00e3o de Pessoas (Segesp), preferencialmente, atrav\u00e9s do telefone 3611- 3691, ou ainda, atrav\u00e9s do e-mail seduc.rh.juazeiro.ba@gmail.com. O hor\u00e1rio de funcionamento do setor \u00e9 das 8h \u00e0s 14h. (Ascom)<\/p>\n","protected":false},"excerpt":{"rendered":"<p>Alguns professores que tiveram os contratos encerrados no dia 11\/02 est\u00e3o denunciando que n\u00e3o receberam o valor referente aos 11 dias trabalhados, e que n\u00e3o foi dada qualquer explica\u00e7\u00e3o legal para aus\u00eancia do pagamento. Confira: Carta aberta dos funcion\u00e1rios contratados com vencimento 11\/02\/2021. Mais uma vez a corda arrebentando no lado dos mais fracos. Hoje [&hellip;]<\/p>\n","protected":false},"author":1,"featured_media":19718,"comment_status":"closed","ping_status":"open","sticky":false,"template":"","format":"standard","meta":{"_uag_custom_page_level_css":"","_monsterinsights_skip_tracking":false,"_monsterinsights_sitenote_active":false,"_monsterinsights_sitenote_note":"","_monsterinsights_sitenote_category":0,"jetpack_post_was_ever_published":false,"_jetpack_newsletter_access":"","_jetpack_dont_email_post_to_subs":false,"_jetpack_newsletter_tier_id":0,"_jetpack_memberships_contains_paywalled_content":false,"_jetpack_memberships_contains_paid_content":false,"footnotes":"","jetpack_publicize_message":"","jetpack_publicize_feature_enabled":true,"jetpack_social_post_already_shared":true,"jetpack_social_options":{"image_generator_settings":{"template":"highway","default_image_id":0,"font":"","enabled":false},"version":2}},"categories":[209],"tags":[1819,2035],"class_list":["post-20286","post","type-post","status-publish","format-standard","has-post-thumbnail","hentry","category-educacao","tag-blog","tag-contratados"],"jetpack_publicize_connections":[],"jetpack_featured_media_url":"https:\/\/blogopara.com.br\/wp-content\/uploads\/2021\/02\/Seduc16.02-1.png","uagb_featured_image_src":{"full":["https:\/\/blogopara.com.br\/wp-content\/uploads\/2021\/02\/Seduc16.02-1.png",500,333,false],"thumbnail":["https:\/\/blogopara.com.br\/wp-content\/uploads\/2021\/02\/Seduc16.02-1-150x150.png",150,150,true],"medium":["https:\/\/blogopara.com.br\/wp-content\/uploads\/2021\/02\/Seduc16.02-1-300x200.png",300,200,true],"medium_large":["https:\/\/blogopara.com.br\/wp-content\/uploads\/2021\/02\/Seduc16.02-1.png",500,333,false],"large":["https:\/\/blogopara.com.br\/wp-content\/uploads\/2021\/02\/Seduc16.02-1.png",500,333,false],"1536x1536":["https:\/\/blogopara.com.br\/wp-content\/uploads\/2021\/02\/Seduc16.02-1.png",500,333,false],"2048x2048":["https:\/\/blogopara.com.br\/wp-content\/uploads\/2021\/02\/Seduc16.02-1.png",500,333,false],"mantranews-slider-large":["https:\/\/blogopara.com.br\/wp-content\/uploads\/2021\/02\/Seduc16.02-1.png",500,333,false],"mantranews-featured-medium":["https:\/\/blogopara.com.br\/wp-content\/uploads\/2021\/02\/Seduc16.02-1-420x307.png",420,307,true],"mantranews-featured-long":["https:\/\/blogopara.com.br\/wp-content\/uploads\/2021\/02\/Seduc16.02-1-300x333.png",300,333,true],"mantranews-block-medium":["https:\/\/blogopara.com.br\/wp-content\/uploads\/2021\/02\/Seduc16.02-1-464x290.png",464,290,true],"mantranews-carousel-image":["https:\/\/blogopara.com.br\/wp-content\/uploads\/2021\/02\/Seduc16.02-1.png",500,333,false],"mantranews-block-thumb":["https:\/\/blogopara.com.br\/wp-content\/uploads\/2021\/02\/Seduc16.02-1-322x230.png",322,230,true],"mantranews-single-large":["https:\/\/blogopara.com.br\/wp-content\/uploads\/2021\/02\/Seduc16.02-1.png",500,333,false]},"uagb_author_info":{"display_name":"Reda\u00e7\u00e3o geral","author_link":"https:\/\/blogopara.com.br\/index.php\/author\/blogopara"},"uagb_comment_info":0,"uagb_excerpt":"Alguns professores que tiveram os contratos encerrados no dia 11\/02 est\u00e3o denunciando que n\u00e3o receberam o valor referente aos 11 dias trabalhados, e que n\u00e3o foi dada qualquer explica\u00e7\u00e3o legal para aus\u00eancia do pagamento. Confira: Carta aberta dos funcion\u00e1rios contratados com vencimento 11\/02\/2021. Mais uma vez a corda arrebentando no lado dos mais fracos. Hoje&hellip;","jetpack_sharing_enabled":true,"jetpack_likes_enabled":true,"_links":{"self":[{"href":"https:\/\/blogopara.com.br\/index.php\/wp-json\/wp\/v2\/posts\/20286","targetHints":{"allow":["GET"]}}],"collection":[{"href":"https:\/\/blogopara.com.br\/index.php\/wp-json\/wp\/v2\/posts"}],"about":[{"href":"https:\/\/blogopara.com.br\/index.php\/wp-json\/wp\/v2\/types\/post"}],"author":[{"embeddable":true,"href":"https:\/\/blogopara.com.br\/index.php\/wp-json\/wp\/v2\/users\/1"}],"replies":[{"embeddable":true,"href":"https:\/\/blogopara.com.br\/index.php\/wp-json\/wp\/v2\/comments?post=20286"}],"version-history":[{"count":3,"href":"https:\/\/blogopara.com.br\/index.php\/wp-json\/wp\/v2\/posts\/20286\/revisions"}],"predecessor-version":[{"id":20313,"href":"https:\/\/blogopara.com.br\/index.php\/wp-json\/wp\/v2\/posts\/20286\/revisions\/20313"}],"wp:featuredmedia":[{"embeddable":true,"href":"https:\/\/blogopara.com.br\/index.php\/wp-json\/wp\/v2\/media\/19718"}],"wp:attachment":[{"href":"https:\/\/blogopara.com.br\/index.php\/wp-json\/wp\/v2\/media?parent=20286"}],"wp:term":[{"taxonomy":"category","embeddable":true,"href":"https:\/\/blogopara.com.br\/index.php\/wp-json\/wp\/v2\/categories?post=20286"},{"taxonomy":"post_tag","embeddable":true,"href":"https:\/\/blogopara.com.br\/index.php\/wp-json\/wp\/v2\/tags?post=20286"}],"curies":[{"name":"wp","href":"https:\/\/api.w.org\/{rel}","templated":true}]}}